{"id":941,"date":"2016-01-16T13:43:42","date_gmt":"2016-01-16T13:43:42","guid":{"rendered":"http:\/\/www.campingverneda.com\/blog\/?p=941"},"modified":"2019-03-03T16:39:31","modified_gmt":"2019-03-03T16:39:31","slug":"dia-mundial-de-la-nieve","status":"publish","type":"post","link":"https:\/\/www.campingverneda.com\/blog\/2016\/01\/16\/dia-mundial-de-la-nieve\/","title":{"rendered":"D\u00eda Mundial de la Nieve"},"content":{"rendered":"<p style=\"text-align: justify;\">Somos muy fans de la nieve y no podr\u00eda ser de otra forma ya que vivimos en la mejor parte de los Pirineos, en la Val d\u2019Aran.<\/p>\n<p style=\"text-align: justify;\">La <strong><a href=\"http:\/\/www.fis-ski.com\/\" target=\"_blank\">Federaci\u00f3n Internacional de Esqu\u00ed<\/a> <\/strong><strong>(FIS)<\/strong> es la propulsora del D\u00eda Mundial de la Nieve, celebrada cada a\u00f1o el <strong><a href=\"http:\/\/www.cuandoo.com\/dia-mundial-de-la-nieve-4713.html\" target=\"_blank\">19 de enero desde 2007<\/a><\/strong>, <strong>y promovida en Espa\u00f1a por la <a href=\"http:\/\/www.rfedi.es\/\" target=\"_blank\">RFEDI<\/a> y <a href=\"http:\/\/www.atudem.es\/\" target=\"_blank\">ATUDEM<\/a><\/strong>. El objetivo es promocionar las actividades de nieve, sobre todo, entre los peque\u00f1os de la casa y, de esta forma, acercar a las personas la fascinaci\u00f3n por el esqu\u00ed, el snowboard, y otros deportes de nieve. La celebraci\u00f3n del D\u00eda Mundial de la Nieve es simult\u00e1nea en todas las estaciones de esqu\u00ed a nivel mundial.<\/p>\n<p style=\"text-align: justify;\">Ya que el <strong>World Snow Day<\/strong> es una iniciativa por y para facilitar los deportes de invierno a todas las personas, este a\u00f1o las celebraciones tendr\u00e1n lugar el <strong>d\u00eda 17 de enero para coincidir con el fin de semana<\/strong> y que todos podamos aprovechar para practicar nuestro deporte invernal favorito, o descubrir otros nuevos menos practicados, como la <a href=\"http:\/\/www.baqueira.es\/noticias\/868\" target=\"_blank\">promoci\u00f3n para debutantes en esqu\u00ed alpino<\/a> que propone Baqueira Beret. Seg\u00fan la <a href=\"http:\/\/www.rfedi.es\/noticias\/detallenoticia.aspx?idNoticia=1839&amp;cboModalidad=0&amp;pagina=1&amp;tamP=20&amp;FolderID=48&amp;IdNode=48&amp;MH=1\" target=\"_blank\">Real Federaci\u00f3n Espa\u00f1ola de Deportes de Invierno<\/a>, Gian Franco Kasper, presidente de la FIS, explica que &#8220;Queremos hacer del D\u00eda Mundial de la Nieve una fecha destacada para los deportes de nieve. Gracias al incre\u00edble trabajo de los organizadores, tenemos otro a\u00f1o con m\u00e1s de 600 eventos. Esto nos sit\u00faa en el camino correcto para lograr el objetivo&#8221;.<\/p>\n<p style=\"text-align: justify;\"><a href=\"http:\/\/www.campingverneda.com\/blog\/wp-content\/uploads\/2016\/01\/dia_mundial_nieve_campin_verneda_familiar_blog.jpg\"><img decoding=\"async\" loading=\"lazy\" class=\"wp-image-944 alignright\" src=\"http:\/\/www.campingverneda.com\/blog\/wp-content\/uploads\/2016\/01\/dia_mundial_nieve_campin_verneda_familiar_blog.jpg\" alt=\"dia_mundial_nieve_campin_verneda_familiar_blog\" width=\"281\" height=\"424\" srcset=\"https:\/\/www.campingverneda.com\/blog\/wp-content\/uploads\/2016\/01\/dia_mundial_nieve_campin_verneda_familiar_blog-199x300.jpg 199w, https:\/\/www.campingverneda.com\/blog\/wp-content\/uploads\/2016\/01\/dia_mundial_nieve_campin_verneda_familiar_blog-679x1024.jpg 679w, https:\/\/www.campingverneda.com\/blog\/wp-content\/uploads\/2016\/01\/dia_mundial_nieve_campin_verneda_familiar_blog.jpg 687w\" sizes=\"(max-width: 281px) 100vw, 281px\" \/><\/a>Para conmemorar el D\u00eda de la Nieve, el fin de semana est\u00e1 repleto de actividades en nuestras adoradas pistas de Baqueira Beret. Entre las m\u00e1s populares y destacadas tenemos la archiconocida Bajada de Antorchas. Ya convertida en acto social, la Bajada de Antorchas del World Snow Day en Baqueira Beret es una fecha ya destacada para grupos de amigos y familias esquiadoras, donde despu\u00e9s de la bajada se juntan a pie de pistas, en la base de la estaci\u00f3n para tomar &#8216;cremat&#8217; . El cremat es una bebida t\u00edpica de Catalu\u00f1a a base de ron quemado, caf\u00e9 en grano, piel de lim\u00f3n, especias y mucha, mucha canela.\u00a0\u00a1La mejor forma de calentarse despu\u00e9s de una buena bajada de pistas!<\/p>\n<p style=\"text-align: justify;\">Adem\u00e1s de otras actividades en la estaci\u00f3n, como el concurso fotogr\u00e1fico en redes sociales o el concurso de mu\u00f1ecos de nieve para los m\u00e1s peque\u00f1os de la casa, volvemos a mencionar la promoci\u00f3n exclusiva de Baqueira Beret para aquellos que quieran iniciarse en el mundo del esqu\u00ed alpino. La promoci\u00f3n sigue vigente para los fines de semanas posteriores.<\/p>\n<p style=\"text-align: justify;\">Os deseamos a todos un feliz D\u00eda Mundial de la Nieve, recordando que siempre debemos celebrar este d\u00eda y, por ello, debemos cuidar las monta\u00f1as, nuestro paisaje, la naturaleza.<\/p>\n","protected":false},"excerpt":{"rendered":"<p>Somos muy fans de la nieve y no podr\u00eda ser de otra forma ya que vivimos en la mejor parte de los Pirineos, en la [&hellip;]<\/p>\n","protected":false},"author":1,"featured_media":942,"comment_status":"open","ping_status":"open","sticky":false,"template":"","format":"standard","meta":[],"categories":[71,73,72,69],"tags":[86,85,15,48,83,80,84,82,14,87,88,67,81],"_links":{"self":[{"href":"https:\/\/www.campingverneda.com\/blog\/wp-json\/wp\/v2\/posts\/941"}],"collection":[{"href":"https:\/\/www.campingverneda.com\/blog\/wp-json\/wp\/v2\/posts"}],"about":[{"href":"https:\/\/www.campingverneda.com\/blog\/wp-json\/wp\/v2\/types\/post"}],"author":[{"embeddable":true,"href":"https:\/\/www.campingverneda.com\/blog\/wp-json\/wp\/v2\/users\/1"}],"replies":[{"embeddable":true,"href":"https:\/\/www.campingverneda.com\/blog\/wp-json\/wp\/v2\/comments?post=941"}],"version-history":[{"count":4,"href":"https:\/\/www.campingverneda.com\/blog\/wp-json\/wp\/v2\/posts\/941\/revisions"}],"predecessor-version":[{"id":947,"href":"https:\/\/www.campingverneda.com\/blog\/wp-json\/wp\/v2\/posts\/941\/revisions\/947"}],"wp:featuredmedia":[{"embeddable":true,"href":"https:\/\/www.campingverneda.com\/blog\/wp-json\/wp\/v2\/media\/942"}],"wp:attachment":[{"href":"https:\/\/www.campingverneda.com\/blog\/wp-json\/wp\/v2\/media?parent=941"}],"wp:term":[{"taxonomy":"category","embeddable":true,"href":"https:\/\/www.campingverneda.com\/blog\/wp-json\/wp\/v2\/categories?post=941"},{"taxonomy":"post_tag","embeddable":true,"href":"https:\/\/www.campingverneda.com\/blog\/wp-json\/wp\/v2\/tags?post=941"}],"curies":[{"name":"wp","href":"https:\/\/api.w.org\/{rel}","templated":true}]}}