{"id":5741,"date":"2026-04-27T21:56:13","date_gmt":"2026-04-27T21:56:13","guid":{"rendered":"http:\/\/www.campingverneda.com\/blog\/?p=5741"},"modified":"2026-04-27T21:56:14","modified_gmt":"2026-04-27T21:56:14","slug":"val-daran-en-mayo-que-hacer-en-primavera","status":"publish","type":"post","link":"https:\/\/www.campingverneda.com\/blog\/2026\/04\/27\/val-daran-en-mayo-que-hacer-en-primavera\/","title":{"rendered":"Val d\u2019Aran en mayo: qu\u00e9 hacer en primavera"},"content":{"rendered":"<p class=\"p2\"><span class=\"s1\">Mayo es uno de los mejores momentos del a\u00f1o para descubrir la Val d\u2019Aran. Con la llegada del buen tiempo, el deshielo transforma el paisaje en un espect\u00e1culo natural \u00fanico: monta\u00f1as verdes, r\u00edos con gran caudal, temperaturas agradables y rutas en plena floraci\u00f3n convierten este destino en el lugar perfecto para una escapada de primavera en los Pirineos.<\/span><\/p>\n<p><!--more--><\/p>\n<p><a href=\"http:\/\/www.campingverneda.com\/blog\/2026\/04\/27\/val-daran-en-mayo-que-hacer-en-primavera\/camping-verneda-planes-mayo-3\/\" rel=\"attachment wp-att-5745\"><img decoding=\"async\" loading=\"lazy\" class=\"alignnone size-full wp-image-5745\" src=\"http:\/\/www.campingverneda.com\/blog\/wp-content\/uploads\/2026\/04\/camping-verneda-planes-mayo-3.png\" alt=\"\" width=\"960\" height=\"400\" srcset=\"https:\/\/www.campingverneda.com\/blog\/wp-content\/uploads\/2026\/04\/camping-verneda-planes-mayo-3-200x83.png 200w, https:\/\/www.campingverneda.com\/blog\/wp-content\/uploads\/2026\/04\/camping-verneda-planes-mayo-3-300x125.png 300w, https:\/\/www.campingverneda.com\/blog\/wp-content\/uploads\/2026\/04\/camping-verneda-planes-mayo-3-400x167.png 400w, https:\/\/www.campingverneda.com\/blog\/wp-content\/uploads\/2026\/04\/camping-verneda-planes-mayo-3-600x250.png 600w, https:\/\/www.campingverneda.com\/blog\/wp-content\/uploads\/2026\/04\/camping-verneda-planes-mayo-3-768x320.png 768w, https:\/\/www.campingverneda.com\/blog\/wp-content\/uploads\/2026\/04\/camping-verneda-planes-mayo-3-800x333.png 800w, https:\/\/www.campingverneda.com\/blog\/wp-content\/uploads\/2026\/04\/camping-verneda-planes-mayo-3.png 960w\" sizes=\"(max-width: 960px) 100vw, 960px\" \/><\/a><\/p>\n<p class=\"p2\"><span class=\"s1\">Si est\u00e1s pensando en desconectar unos d\u00edas rodeado de naturaleza, aqu\u00ed te contamos <b>qu\u00e9 hacer en la Val d\u2019Aran en mayo<\/b> para aprovechar al m\u00e1ximo tu visita a <a href=\"https:\/\/www.instagram.com\/vida.Verneda\/\" target=\"_blank\" rel=\"noopener\"><span class=\"s2\">Verneda Camping Mountain Resort,<\/span><\/a>.<\/span><\/p>\n<h3 class=\"p3\"><span class=\"s1\"><b>Senderismo con toda la familia<\/b><\/span><\/h3>\n<p class=\"p2\"><span class=\"s1\">Uno de los grandes atractivos de esta \u00e9poca del a\u00f1o es el senderismo. Muchas rutas de media y baja monta\u00f1a ya est\u00e1n completamente accesibles, permitiendo descubrir algunos de los paisajes m\u00e1s impresionantes del valle sin las altas temperaturas del verano. Lugares como el Saut deth Pish, el Camin Reiau o el entorno de Bassa d\u2019Oles son perfectos para disfrutar de excursiones en familia o caminatas tranquilas con vistas espectaculares.<\/span><\/p>\n<p class=\"p2\"><span class=\"s1\">Adem\u00e1s, mayo es ideal para recorrer los pueblos con encanto de la Val d\u2019Aran. Localidades como Arties, Salard\u00fa o Boss\u00f2st ofrecen ese ambiente aut\u00e9ntico de monta\u00f1a que enamora a cualquier visitante, con calles de piedra, iglesias rom\u00e1nicas y una gastronom\u00eda local perfecta para completar una jornada de turismo relajado.<\/span><\/p>\n<p><a href=\"http:\/\/www.campingverneda.com\/blog\/2026\/04\/27\/val-daran-en-mayo-que-hacer-en-primavera\/camping-verneda-planes-mayo-2\/\" rel=\"attachment wp-att-5746\"><img decoding=\"async\" loading=\"lazy\" class=\"alignnone size-full wp-image-5746\" src=\"http:\/\/www.campingverneda.com\/blog\/wp-content\/uploads\/2026\/04\/camping-verneda-planes-mayo-2.png\" alt=\"\" width=\"960\" height=\"400\" srcset=\"https:\/\/www.campingverneda.com\/blog\/wp-content\/uploads\/2026\/04\/camping-verneda-planes-mayo-2-200x83.png 200w, https:\/\/www.campingverneda.com\/blog\/wp-content\/uploads\/2026\/04\/camping-verneda-planes-mayo-2-300x125.png 300w, https:\/\/www.campingverneda.com\/blog\/wp-content\/uploads\/2026\/04\/camping-verneda-planes-mayo-2-400x167.png 400w, https:\/\/www.campingverneda.com\/blog\/wp-content\/uploads\/2026\/04\/camping-verneda-planes-mayo-2-600x250.png 600w, https:\/\/www.campingverneda.com\/blog\/wp-content\/uploads\/2026\/04\/camping-verneda-planes-mayo-2-768x320.png 768w, https:\/\/www.campingverneda.com\/blog\/wp-content\/uploads\/2026\/04\/camping-verneda-planes-mayo-2-800x333.png 800w, https:\/\/www.campingverneda.com\/blog\/wp-content\/uploads\/2026\/04\/camping-verneda-planes-mayo-2.png 960w\" sizes=\"(max-width: 960px) 100vw, 960px\" \/><\/a><\/p>\n<h3 class=\"p3\"><span class=\"s1\"><b>La primavera en la Val d\u2019Aran es sin\u00f3nimo de aventura<\/b><\/span><\/h3>\n<p class=\"p2\"><span class=\"s1\">Para los amantes de la aventura, mayo tambi\u00e9n marca el inicio de muchas <b>actividades de turismo activo<\/b>. El rafting, el barranquismo o las rutas en bicicleta comienzan a protagonizar la oferta de ocio del valle, convirtiendo la zona en un destino ideal tanto para parejas como para familias activas.<\/span><\/p>\n<h3 class=\"p3\"><span class=\"s1\"><b>Planes en familia<\/b><\/span><\/h3>\n<p class=\"p2\"><span class=\"s1\">Visitar <b>Aran Park<\/b>, el parque de fauna con animales en semilibertad, es una experiencia imprescindible para conectar con la naturaleza en familia. Adem\u00e1s, las <b>rutas tem\u00e1ticas<\/b> como el <b>Camin dera Bruisha<\/b> en Tred\u00f2s o<b> Aran Sauvatge en Boss\u00f2st<\/b> ofrecen planes divertidos y educativos que encantan tanto a peque\u00f1os como a mayores, convirtiendo cualquier escapada en un recuerdo inolvidable.<\/span><\/p>\n<p><a href=\"http:\/\/www.campingverneda.com\/blog\/2026\/04\/27\/val-daran-en-mayo-que-hacer-en-primavera\/camping-verneda-planes-mayo\/\" rel=\"attachment wp-att-5742\"><img decoding=\"async\" loading=\"lazy\" class=\"alignnone size-full wp-image-5742\" src=\"http:\/\/www.campingverneda.com\/blog\/wp-content\/uploads\/2026\/04\/camping-verneda-planes-mayo.png\" alt=\"\" width=\"960\" height=\"400\" srcset=\"https:\/\/www.campingverneda.com\/blog\/wp-content\/uploads\/2026\/04\/camping-verneda-planes-mayo-200x83.png 200w, https:\/\/www.campingverneda.com\/blog\/wp-content\/uploads\/2026\/04\/camping-verneda-planes-mayo-300x125.png 300w, https:\/\/www.campingverneda.com\/blog\/wp-content\/uploads\/2026\/04\/camping-verneda-planes-mayo-400x167.png 400w, https:\/\/www.campingverneda.com\/blog\/wp-content\/uploads\/2026\/04\/camping-verneda-planes-mayo-600x250.png 600w, https:\/\/www.campingverneda.com\/blog\/wp-content\/uploads\/2026\/04\/camping-verneda-planes-mayo-768x320.png 768w, https:\/\/www.campingverneda.com\/blog\/wp-content\/uploads\/2026\/04\/camping-verneda-planes-mayo-800x333.png 800w, https:\/\/www.campingverneda.com\/blog\/wp-content\/uploads\/2026\/04\/camping-verneda-planes-mayo.png 960w\" sizes=\"(max-width: 960px) 100vw, 960px\" \/><\/a><\/p>\n<h3 class=\"p3\"><span class=\"s1\"><b>Y, por supuesto, disfrutar de cada bocado<\/b><\/span><\/h3>\n<p class=\"p2\"><span class=\"s1\"><b>Otro imprescindible de la primavera en la Val d\u2019Aran es disfrutar de su gastronom\u00eda<\/b>. Tras una jornada de naturaleza, nada mejor que probar platos tradicionales como la olla aranesa o carnes a la brasa en alguno de los restaurantes t\u00edpicos de la zona.<\/span><\/p>\n<p class=\"p2\"><span class=\"s1\">Y si buscas una experiencia completa, alojarte en plena naturaleza te permitir\u00e1 vivir el entorno desde dentro. <a href=\"https:\/\/www.campingverneda.com\/\" target=\"_blank\" rel=\"noopener\"><span class=\"s2\">Verneda Camping Mountain Resort<\/span><\/a> es el punto de partida perfecto para descubrir todos estos planes, gracias a su ubicaci\u00f3n privilegiada rodeada de monta\u00f1a, su ambiente familiar y su proximidad a algunos de los principales puntos de inter\u00e9s del valle.<\/span><\/p>\n<p class=\"p2\"><span class=\"s1\">Adem\u00e1s, mayo es una \u00e9poca excelente para reservar tus vacaciones de verano con antelaci\u00f3n. Aprovechar una escapada primaveral para conocer el entorno te permitir\u00e1 planificar mejor tu pr\u00f3xima estancia y asegurarte disponibilidad para los meses de mayor demanda.<\/span><\/p>\n<p><a href=\"http:\/\/www.campingverneda.com\/blog\/2026\/04\/27\/val-daran-en-mayo-que-hacer-en-primavera\/camping-verneda-planes-mayo-1\/\" rel=\"attachment wp-att-5743\"><img decoding=\"async\" loading=\"lazy\" class=\"alignnone size-full wp-image-5743\" src=\"http:\/\/www.campingverneda.com\/blog\/wp-content\/uploads\/2026\/04\/camping-verneda-planes-mayo-1.png\" alt=\"\" width=\"960\" height=\"400\" srcset=\"https:\/\/www.campingverneda.com\/blog\/wp-content\/uploads\/2026\/04\/camping-verneda-planes-mayo-1-200x83.png 200w, https:\/\/www.campingverneda.com\/blog\/wp-content\/uploads\/2026\/04\/camping-verneda-planes-mayo-1-300x125.png 300w, https:\/\/www.campingverneda.com\/blog\/wp-content\/uploads\/2026\/04\/camping-verneda-planes-mayo-1-400x167.png 400w, https:\/\/www.campingverneda.com\/blog\/wp-content\/uploads\/2026\/04\/camping-verneda-planes-mayo-1-600x250.png 600w, https:\/\/www.campingverneda.com\/blog\/wp-content\/uploads\/2026\/04\/camping-verneda-planes-mayo-1-768x320.png 768w, https:\/\/www.campingverneda.com\/blog\/wp-content\/uploads\/2026\/04\/camping-verneda-planes-mayo-1-800x333.png 800w, https:\/\/www.campingverneda.com\/blog\/wp-content\/uploads\/2026\/04\/camping-verneda-planes-mayo-1.png 960w\" sizes=\"(max-width: 960px) 100vw, 960px\" \/><\/a><\/p>\n<p class=\"p2\"><span class=\"s1\"><b>La Val d\u2019Aran en mayo combina tranquilidad, naturaleza, aventura y relax<\/b> como pocos destinos peninsulares. Si buscas desconectar de la rutina y respirar aire puro, este rinc\u00f3n del Pirineo te espera con algunos de sus mejores paisajes del a\u00f1o.<\/span><\/p>\n","protected":false},"excerpt":{"rendered":"<p>Mayo es uno de los mejores momentos del a\u00f1o para descubrir la Val d\u2019Aran. Con la llegada del buen tiempo, el deshielo transforma el paisaje [&hellip;]<\/p>\n","protected":false},"author":1,"featured_media":5744,"comment_status":"open","ping_status":"open","sticky":false,"template":"","format":"standard","meta":[],"categories":[230,72],"tags":[2404,1564,91,51,11,2400,2401,2399,2403,2402],"_links":{"self":[{"href":"https:\/\/www.campingverneda.com\/blog\/wp-json\/wp\/v2\/posts\/5741"}],"collection":[{"href":"https:\/\/www.campingverneda.com\/blog\/wp-json\/wp\/v2\/posts"}],"about":[{"href":"https:\/\/www.campingverneda.com\/blog\/wp-json\/wp\/v2\/types\/post"}],"author":[{"embeddable":true,"href":"https:\/\/www.campingverneda.com\/blog\/wp-json\/wp\/v2\/users\/1"}],"replies":[{"embeddable":true,"href":"https:\/\/www.campingverneda.com\/blog\/wp-json\/wp\/v2\/comments?post=5741"}],"version-history":[{"count":2,"href":"https:\/\/www.campingverneda.com\/blog\/wp-json\/wp\/v2\/posts\/5741\/revisions"}],"predecessor-version":[{"id":5748,"href":"https:\/\/www.campingverneda.com\/blog\/wp-json\/wp\/v2\/posts\/5741\/revisions\/5748"}],"wp:featuredmedia":[{"embeddable":true,"href":"https:\/\/www.campingverneda.com\/blog\/wp-json\/wp\/v2\/media\/5744"}],"wp:attachment":[{"href":"https:\/\/www.campingverneda.com\/blog\/wp-json\/wp\/v2\/media?parent=5741"}],"wp:term":[{"taxonomy":"category","embeddable":true,"href":"https:\/\/www.campingverneda.com\/blog\/wp-json\/wp\/v2\/categories?post=5741"},{"taxonomy":"post_tag","embeddable":true,"href":"https:\/\/www.campingverneda.com\/blog\/wp-json\/wp\/v2\/tags?post=5741"}],"curies":[{"name":"wp","href":"https:\/\/api.w.org\/{rel}","templated":true}]}}