{"id":5705,"date":"2026-03-30T22:28:55","date_gmt":"2026-03-30T22:28:55","guid":{"rendered":"http:\/\/www.campingverneda.com\/blog\/?p=5705"},"modified":"2026-03-30T22:28:57","modified_gmt":"2026-03-30T22:28:57","slug":"la-temporada-de-primavera-ya-esta-abierta-en-camping-verneda","status":"publish","type":"post","link":"https:\/\/www.campingverneda.com\/blog\/2026\/03\/30\/la-temporada-de-primavera-ya-esta-abierta-en-camping-verneda\/","title":{"rendered":"\u00a1La temporada de primavera ya est\u00e1 abierta en Camping Verneda!"},"content":{"rendered":"<p class=\"p2\"><span class=\"s1\">La <b>primavera en la Val d\u2019Aran<\/b> es una estaci\u00f3n m\u00e1gica para reencontrarse con la naturaleza: los d\u00edas se alargan, las temperaturas son suaves y el entorno monta\u00f1oso despierta con una explosi\u00f3n de color. Y en <a href=\"https:\/\/www.instagram.com\/vida.Verneda\/\" target=\"_blank\" rel=\"noopener\"><span class=\"s2\"><b>Verneda Camping Mountain Resort<\/b><\/span><\/a>, ya tenemos <b>la temporada de camping oficialmente abierta<\/b> \u00a1el mejor momento para sacarle el polvo a tu autocaravana, furgoneta o tienda de campa\u00f1a!<\/span><\/p>\n<p><a href=\"http:\/\/www.campingverneda.com\/blog\/2026\/03\/30\/la-temporada-de-primavera-ya-esta-abierta-en-camping-verneda\/camping-verneda-primavera\/\" rel=\"attachment wp-att-5706\"><img decoding=\"async\" loading=\"lazy\" class=\"alignnone size-full wp-image-5706\" src=\"http:\/\/www.campingverneda.com\/blog\/wp-content\/uploads\/2026\/03\/camping-verneda-primavera.png\" alt=\"\" width=\"960\" height=\"400\" srcset=\"https:\/\/www.campingverneda.com\/blog\/wp-content\/uploads\/2026\/03\/camping-verneda-primavera-200x83.png 200w, https:\/\/www.campingverneda.com\/blog\/wp-content\/uploads\/2026\/03\/camping-verneda-primavera-300x125.png 300w, https:\/\/www.campingverneda.com\/blog\/wp-content\/uploads\/2026\/03\/camping-verneda-primavera-400x167.png 400w, https:\/\/www.campingverneda.com\/blog\/wp-content\/uploads\/2026\/03\/camping-verneda-primavera-600x250.png 600w, https:\/\/www.campingverneda.com\/blog\/wp-content\/uploads\/2026\/03\/camping-verneda-primavera-768x320.png 768w, https:\/\/www.campingverneda.com\/blog\/wp-content\/uploads\/2026\/03\/camping-verneda-primavera-800x333.png 800w, https:\/\/www.campingverneda.com\/blog\/wp-content\/uploads\/2026\/03\/camping-verneda-primavera.png 960w\" sizes=\"(max-width: 960px) 100vw, 960px\" \/><\/a><\/p>\n<h3 class=\"p3\"><span class=\"s1\"><b>\u00bfPor qu\u00e9 elegir primavera para acampar?<\/b><\/span><\/h3>\n<p class=\"p2\"><span class=\"s1\">La primavera es una de las mejores \u00e9pocas del a\u00f1o para disfrutar de una escapada en camping. Despu\u00e9s del invierno, cuando el campo recupera vida, iniciar tu ruta en autocaravana o furgoneta te permite:<\/span><\/p>\n<ul class=\"ul1\">\n<li class=\"li2\"><span class=\"s1\"><b>Evitar las aglomeraciones del verano<\/b>, con m\u00e1s tranquilidad y espacio.<\/span><\/li>\n<li class=\"li2\"><span class=\"s1\">Disfrutar de <b>temperaturas agradables<\/b> para excursiones y actividades al aire libre.<\/span><\/li>\n<li class=\"li2\"><span class=\"s1\">Ver <b>paisajes floridos y monta\u00f1as verdes<\/b>, perfectos para fotograf\u00eda y caminatas.<\/span><\/li>\n<li class=\"li2\"><span class=\"s1\">Aprovechar tarifas de temporada m\u00e1s suaves que en pleno verano.<\/span><\/li>\n<\/ul>\n<p class=\"p2\"><span class=\"s1\">Ya sea que viajes con tu familia, en pareja o con amigos, la primavera es ideal para reconectar con la monta\u00f1a y la naturaleza.<\/span><\/p>\n<p><a href=\"http:\/\/www.campingverneda.com\/blog\/2026\/03\/30\/la-temporada-de-primavera-ya-esta-abierta-en-camping-verneda\/camping-verneda-primavera-1\/\" rel=\"attachment wp-att-5707\"><img decoding=\"async\" loading=\"lazy\" class=\"alignnone size-full wp-image-5707\" src=\"http:\/\/www.campingverneda.com\/blog\/wp-content\/uploads\/2026\/03\/camping-verneda-primavera-1.png\" alt=\"\" width=\"960\" height=\"400\" srcset=\"https:\/\/www.campingverneda.com\/blog\/wp-content\/uploads\/2026\/03\/camping-verneda-primavera-1-200x83.png 200w, https:\/\/www.campingverneda.com\/blog\/wp-content\/uploads\/2026\/03\/camping-verneda-primavera-1-300x125.png 300w, https:\/\/www.campingverneda.com\/blog\/wp-content\/uploads\/2026\/03\/camping-verneda-primavera-1-400x167.png 400w, https:\/\/www.campingverneda.com\/blog\/wp-content\/uploads\/2026\/03\/camping-verneda-primavera-1-600x250.png 600w, https:\/\/www.campingverneda.com\/blog\/wp-content\/uploads\/2026\/03\/camping-verneda-primavera-1-768x320.png 768w, https:\/\/www.campingverneda.com\/blog\/wp-content\/uploads\/2026\/03\/camping-verneda-primavera-1-800x333.png 800w, https:\/\/www.campingverneda.com\/blog\/wp-content\/uploads\/2026\/03\/camping-verneda-primavera-1.png 960w\" sizes=\"(max-width: 960px) 100vw, 960px\" \/><\/a><\/p>\n<h3 class=\"p3\"><span class=\"s1\"><b>Ideal para autocaravanas y furgonetas<\/b><\/span><\/h3>\n<p class=\"p2\"><span class=\"s1\">Si tienes una <b>autocaravana o furgoneta camper<\/b>, Verneda Camping Mountain Resort es una base perfecta para iniciar tus rutas por el Pirineo. Nuestra ubicaci\u00f3n en la <b>Val d\u2019Aran<\/b> te permite acceder f\u00e1cilmente a rutas de monta\u00f1a, senderos, r\u00edos y miradores espectaculares.<\/span><\/p>\n<p class=\"p2\"><span class=\"s1\">Contamos con parcelas espec\u00edficas para veh\u00edculos grandes como autocaravanas y furgonetas, con espacio suficiente para:<\/span><\/p>\n<ul class=\"ul1\">\n<li class=\"li2\"><span class=\"s1\"><b>Estacionar c\u00f3modamente tu veh\u00edculo<\/b><\/span><\/li>\n<li class=\"li2\"><span class=\"s1\">Conectar a <b>electricidad<\/b><\/span><\/li>\n<li class=\"li2\"><span class=\"s1\">Acceder a puntos de <b>vaciamiento de aguas grises y negras<\/b><\/span><\/li>\n<li class=\"li2\"><span class=\"s1\">Tener un entorno llano y seguro para pasar la noche<\/span><\/li>\n<\/ul>\n<p class=\"p2\"><span class=\"s1\">Estas <b>zonas de autocaravanas y campers<\/b> est\u00e1n dise\u00f1adas pensando en la comodidad del viajero itinerante.<\/span><\/p>\n<p><a href=\"http:\/\/www.campingverneda.com\/blog\/2026\/03\/30\/la-temporada-de-primavera-ya-esta-abierta-en-camping-verneda\/camping-verneda-primavera-2\/\" rel=\"attachment wp-att-5708\"><img decoding=\"async\" loading=\"lazy\" class=\"alignnone size-full wp-image-5708\" src=\"http:\/\/www.campingverneda.com\/blog\/wp-content\/uploads\/2026\/03\/camping-verneda-primavera-2.png\" alt=\"\" width=\"960\" height=\"400\" srcset=\"https:\/\/www.campingverneda.com\/blog\/wp-content\/uploads\/2026\/03\/camping-verneda-primavera-2-200x83.png 200w, https:\/\/www.campingverneda.com\/blog\/wp-content\/uploads\/2026\/03\/camping-verneda-primavera-2-300x125.png 300w, https:\/\/www.campingverneda.com\/blog\/wp-content\/uploads\/2026\/03\/camping-verneda-primavera-2-400x167.png 400w, https:\/\/www.campingverneda.com\/blog\/wp-content\/uploads\/2026\/03\/camping-verneda-primavera-2-600x250.png 600w, https:\/\/www.campingverneda.com\/blog\/wp-content\/uploads\/2026\/03\/camping-verneda-primavera-2-768x320.png 768w, https:\/\/www.campingverneda.com\/blog\/wp-content\/uploads\/2026\/03\/camping-verneda-primavera-2-800x333.png 800w, https:\/\/www.campingverneda.com\/blog\/wp-content\/uploads\/2026\/03\/camping-verneda-primavera-2.png 960w\" sizes=\"(max-width: 960px) 100vw, 960px\" \/><\/a><\/p>\n<h3 class=\"p3\"><span class=\"s1\"><b>Tipos de parcelas en Verneda Camping<\/b><\/span><\/h3>\n<p class=\"p2\"><span class=\"s1\">En Verneda Camping Mountain Resort ofrecemos <b>variedad de parcelas<\/b> para adaptarnos a todas tus necesidades:<\/span><\/p>\n<p class=\"p4\"><span class=\"s1\"><b>Parcelas standard<\/b><\/span><\/p>\n<ul class=\"ul1\">\n<li class=\"li2\"><span class=\"s1\">Perfectas para tiendas de campa\u00f1a y estancias b\u00e1sicas.<\/span><\/li>\n<li class=\"li2\"><span class=\"s1\">Oscilan entre los 50-60m\u00b2 aproximadamente.<\/span><\/li>\n<li class=\"li2\"><span class=\"s1\">Las furgonetas tipo camper tambi\u00e9n pueden disfrutar de esta parcela siempre que no excedan de los 5m de longitud<\/span><\/li>\n<\/ul>\n<p class=\"p4\"><span class=\"s1\"><b>Parcelas Sonfort<\/b><\/span><\/p>\n<ul class=\"ul1\">\n<li class=\"li2\"><span class=\"s1\">Ideales para autocaravanas, caravanas y furgonetas.<\/span><\/li>\n<li class=\"li2\"><span class=\"s1\">Conexi\u00f3n el\u00e9ctrica en todo el camping, con suplemento<\/span><\/li>\n<li class=\"li2\"><span class=\"s1\">Oscila entre los 60 y 80m2.<\/span><\/li>\n<\/ul>\n<p class=\"p4\"><span class=\"s1\"><b>Parcelas Plus<\/b><\/span><\/p>\n<ul class=\"ul1\">\n<li class=\"li2\"><span class=\"s1\">Ubicadas en zonas m\u00e1s tranquilas y con sombra natural.<\/span><\/li>\n<li class=\"li2\"><span class=\"s1\">Perfectas para estad\u00edas m\u00e1s largas o familias.<\/span><\/li>\n<li class=\"li2\"><span class=\"s1\">Mayor superficie y privacidad ya que oscilan entre los 80 y los 95m\u00b2 de espacio para que lo aproveches como quieras<\/span><\/li>\n<\/ul>\n<p><a href=\"http:\/\/www.campingverneda.com\/blog\/2026\/03\/30\/la-temporada-de-primavera-ya-esta-abierta-en-camping-verneda\/camping-verneda-primavera-3\/\" rel=\"attachment wp-att-5711\"><img decoding=\"async\" loading=\"lazy\" class=\"alignnone size-full wp-image-5711\" src=\"http:\/\/www.campingverneda.com\/blog\/wp-content\/uploads\/2026\/03\/camping-verneda-primavera-3.png\" alt=\"\" width=\"960\" height=\"400\" srcset=\"https:\/\/www.campingverneda.com\/blog\/wp-content\/uploads\/2026\/03\/camping-verneda-primavera-3-200x83.png 200w, https:\/\/www.campingverneda.com\/blog\/wp-content\/uploads\/2026\/03\/camping-verneda-primavera-3-300x125.png 300w, https:\/\/www.campingverneda.com\/blog\/wp-content\/uploads\/2026\/03\/camping-verneda-primavera-3-400x167.png 400w, https:\/\/www.campingverneda.com\/blog\/wp-content\/uploads\/2026\/03\/camping-verneda-primavera-3-600x250.png 600w, https:\/\/www.campingverneda.com\/blog\/wp-content\/uploads\/2026\/03\/camping-verneda-primavera-3-768x320.png 768w, https:\/\/www.campingverneda.com\/blog\/wp-content\/uploads\/2026\/03\/camping-verneda-primavera-3-800x333.png 800w, https:\/\/www.campingverneda.com\/blog\/wp-content\/uploads\/2026\/03\/camping-verneda-primavera-3.png 960w\" sizes=\"(max-width: 960px) 100vw, 960px\" \/><\/a><\/p>\n<h3 class=\"p3\"><span class=\"s1\"><b>Actividades y experiencias en primavera<\/b><\/span><\/h3>\n<p class=\"p2\"><span class=\"s1\">Adem\u00e1s de hospedarte en una parcela id\u00f3nea, la primavera en la Val d\u2019Aran invita a:<\/span><\/p>\n<ul class=\"ul1\">\n<li class=\"li2\"><span class=\"s1\"><b>Senderismo y rutas de monta\u00f1a<\/b><\/span><\/li>\n<li class=\"li2\"><span class=\"s1\">Observaci\u00f3n de flora y fauna silvestre<\/span><\/li>\n<li class=\"li2\"><span class=\"s1\">Fotograf\u00eda de paisajes naturales<\/span><\/li>\n<li class=\"li2\"><span class=\"s1\">Cicloturismo y paseos en bicicleta<\/span><\/li>\n<li class=\"li2\"><span class=\"s1\">Visitas a pueblos con encanto del valle<\/span><\/li>\n<\/ul>\n<p class=\"p2\"><span class=\"s1\">Cada d\u00eda puedes planificar una ruta distinta y regresar por la tarde al confort de tu parcela en Verneda Camping.<\/span><\/p>\n<h3 class=\"p3\"><span class=\"s1\"><b>Reserva tu estancia de primavera<\/b><\/span><\/h3>\n<p class=\"p2\"><span class=\"s1\">La temporada de camping en primavera ya est\u00e1 en marcha en <b>Verneda Camping Mountain Resort<\/b>. <a href=\"https:\/\/www.campingverneda.com\/camping\" target=\"_blank\" rel=\"noopener\"><span class=\"s2\"><b>Reserva ahora tu parcela<\/b><\/span><\/a> y disfruta del aire libre, la monta\u00f1a y una experiencia inolvidable con tu autocaravana, furgoneta o tienda.<\/span><\/p>\n","protected":false},"excerpt":{"rendered":"<p>La primavera en la Val d\u2019Aran es una estaci\u00f3n m\u00e1gica para reencontrarse con la naturaleza: los d\u00edas se alargan, las temperaturas son suaves y el [&hellip;]<\/p>\n","protected":false},"author":1,"featured_media":5710,"comment_status":"open","ping_status":"open","sticky":false,"template":"","format":"standard","meta":[],"categories":[1,72],"tags":[2353,2355,2360,2349,1043,2354,2351,2350,2358,2352,2359,2356,2348,2357,2361,818],"_links":{"self":[{"href":"https:\/\/www.campingverneda.com\/blog\/wp-json\/wp\/v2\/posts\/5705"}],"collection":[{"href":"https:\/\/www.campingverneda.com\/blog\/wp-json\/wp\/v2\/posts"}],"about":[{"href":"https:\/\/www.campingverneda.com\/blog\/wp-json\/wp\/v2\/types\/post"}],"author":[{"embeddable":true,"href":"https:\/\/www.campingverneda.com\/blog\/wp-json\/wp\/v2\/users\/1"}],"replies":[{"embeddable":true,"href":"https:\/\/www.campingverneda.com\/blog\/wp-json\/wp\/v2\/comments?post=5705"}],"version-history":[{"count":2,"href":"https:\/\/www.campingverneda.com\/blog\/wp-json\/wp\/v2\/posts\/5705\/revisions"}],"predecessor-version":[{"id":5713,"href":"https:\/\/www.campingverneda.com\/blog\/wp-json\/wp\/v2\/posts\/5705\/revisions\/5713"}],"wp:featuredmedia":[{"embeddable":true,"href":"https:\/\/www.campingverneda.com\/blog\/wp-json\/wp\/v2\/media\/5710"}],"wp:attachment":[{"href":"https:\/\/www.campingverneda.com\/blog\/wp-json\/wp\/v2\/media?parent=5705"}],"wp:term":[{"taxonomy":"category","embeddable":true,"href":"https:\/\/www.campingverneda.com\/blog\/wp-json\/wp\/v2\/categories?post=5705"},{"taxonomy":"post_tag","embeddable":true,"href":"https:\/\/www.campingverneda.com\/blog\/wp-json\/wp\/v2\/tags?post=5705"}],"curies":[{"name":"wp","href":"https:\/\/api.w.org\/{rel}","templated":true}]}}