{"id":5693,"date":"2026-03-17T14:33:06","date_gmt":"2026-03-17T14:33:06","guid":{"rendered":"http:\/\/www.campingverneda.com\/blog\/?p=5693"},"modified":"2026-03-17T14:37:43","modified_gmt":"2026-03-17T14:37:43","slug":"vacaciones-con-tu-mascota-en-camping-verneda-en-la-val-daran","status":"publish","type":"post","link":"https:\/\/www.campingverneda.com\/blog\/2026\/03\/17\/vacaciones-con-tu-mascota-en-camping-verneda-en-la-val-daran\/","title":{"rendered":"Vacaciones con tu mascota en Camping Verneda en la Val d\u2019Aran"},"content":{"rendered":"<p class=\"p2\"><span class=\"s1\">Si t\u00fa y tu <b>perro (o mascota favorita)<\/b> sois inseparables, ten\u00e9is que conocer el para\u00edso <a href=\"https:\/\/www.campingverneda.com\/petfriendly\" target=\"_blank\" rel=\"noopener\"><span class=\"s2\"><b>pet friendly<\/b><\/span><\/a><b> de Verneda Camping Mountain Resort<\/b> en la preciosa <b>Val d\u2019Aran<\/b>. Aqu\u00ed no solo aceptamos animales; los celebramos como parte de la familia. <\/span><\/p>\n<p class=\"p2\"><span class=\"s1\">En Camping Verneda todos los peludos tienen espacio para moverse, explorar y disfrutar tanto como sus due\u00f1@s. Ya sea que elijas uno de nuestros acogedores <a href=\"https:\/\/www.campingverneda.com\/bungalows\" target=\"_blank\" rel=\"noopener\"><span class=\"s2\"><b>bungalows pet friendly,<\/b><\/span><\/a> una <a href=\"https:\/\/www.campingverneda.com\/camping\" target=\"_blank\" rel=\"noopener\"><span class=\"s2\"><b>parcela de acampada junto al r\u00edo<\/b><\/span><\/a> o simplemente salir a caminar, este es uno de los lugares m\u00e1s especiales de Espa\u00f1a para viajar con tu mascota.<\/span><\/p>\n<p><a href=\"http:\/\/www.campingverneda.com\/blog\/2026\/03\/17\/vacaciones-con-tu-mascota-en-camping-verneda-en-la-val-daran\/camping-verneda-vacaciones-mascota-2\/\" rel=\"attachment wp-att-5696\"><img decoding=\"async\" loading=\"lazy\" class=\"alignnone size-full wp-image-5696\" src=\"http:\/\/www.campingverneda.com\/blog\/wp-content\/uploads\/2026\/03\/camping-verneda-vacaciones-mascota-2.png\" alt=\"\" width=\"960\" height=\"400\" srcset=\"https:\/\/www.campingverneda.com\/blog\/wp-content\/uploads\/2026\/03\/camping-verneda-vacaciones-mascota-2-200x83.png 200w, https:\/\/www.campingverneda.com\/blog\/wp-content\/uploads\/2026\/03\/camping-verneda-vacaciones-mascota-2-300x125.png 300w, https:\/\/www.campingverneda.com\/blog\/wp-content\/uploads\/2026\/03\/camping-verneda-vacaciones-mascota-2-400x167.png 400w, https:\/\/www.campingverneda.com\/blog\/wp-content\/uploads\/2026\/03\/camping-verneda-vacaciones-mascota-2-600x250.png 600w, https:\/\/www.campingverneda.com\/blog\/wp-content\/uploads\/2026\/03\/camping-verneda-vacaciones-mascota-2-768x320.png 768w, https:\/\/www.campingverneda.com\/blog\/wp-content\/uploads\/2026\/03\/camping-verneda-vacaciones-mascota-2-800x333.png 800w, https:\/\/www.campingverneda.com\/blog\/wp-content\/uploads\/2026\/03\/camping-verneda-vacaciones-mascota-2.png 960w\" sizes=\"(max-width: 960px) 100vw, 960px\" \/><\/a><\/p>\n<h3 class=\"p3\"><span class=\"s1\"><b>Bungalows pet friendly: tu casa en la monta\u00f1a<\/b><\/span><\/h3>\n<p class=\"p2\"><span class=\"s1\">Nuestros <a href=\"https:\/\/www.campingverneda.com\/bordeta-luxe\" target=\"_blank\" rel=\"noopener\"><span class=\"s2\"><b>bungalows de madera<\/b><\/span><\/a> no solo son c\u00f3modos para ti, sino tambi\u00e9n pensados para que tu perro o gato disfrute junto a ti. Est\u00e1n equipados con todo lo necesario para una estancia relajada y, al estar situados en plena naturaleza, tendr\u00e9is directamente acceso a grandes espacios verdes para jugar y pasear. <\/span><\/p>\n<p class=\"p2\"><span class=\"s1\">Cada mascota tiene un peque\u00f1o suplemento, pero la experiencia compartida vale cada momento. Eso s\u00ed: en Verneda pedimos que las <a href=\"https:\/\/www.campingverneda.com\/uploads\/media\/pdf\/flyer%20pet%20friendly%20.pdf\" target=\"_blank\" rel=\"noopener\"><span class=\"s2\"><b>mascotas est\u00e9n siempre bajo la supervisi\u00f3n<\/b><\/span><\/a> de sus due\u00f1@s y que se respeten los espacios comunes. <\/span><\/p>\n<h3 class=\"p3\"><span class=\"s1\"><b>Zona de acampada: naturaleza y libertad<\/b><\/span><\/h3>\n<p class=\"p2\"><span class=\"s1\">\u00bfTe gusta acampar? Entonces te encantar\u00e1 nuestra <a href=\"https:\/\/www.campingverneda.com\/parcela-confort\" target=\"_blank\" rel=\"noopener\"><span class=\"s2\"><b>zona de acampada pet friendly.<\/b><\/span><\/a> Las parcelas est\u00e1n ubicadas entre sombra, c\u00e9sped y al lado del r\u00edo Garona, lo que ofrece un entorno perfecto para que tu perro corra, explore y se relaje despu\u00e9s de un d\u00eda de aventuras. <\/span><\/p>\n<p class=\"p2\"><span class=\"s1\">Aqu\u00ed puedes instalar tu tienda, autocaravana o camper con tu mascota sin preocupaciones y con todo lo necesario para una estancia c\u00f3moda. Adem\u00e1s, hay <b>dispensadores de bolsas y zonas para facilitar el paseo de tu perro por el recinto<\/b>.<\/span><\/p>\n<p><a href=\"http:\/\/www.campingverneda.com\/blog\/2026\/03\/17\/vacaciones-con-tu-mascota-en-camping-verneda-en-la-val-daran\/camping-verneda-vacaciones-mascota\/\" rel=\"attachment wp-att-5695\"><img decoding=\"async\" loading=\"lazy\" class=\"alignnone size-full wp-image-5695\" src=\"http:\/\/www.campingverneda.com\/blog\/wp-content\/uploads\/2026\/03\/camping-verneda-vacaciones-mascota.png\" alt=\"\" width=\"960\" height=\"400\" srcset=\"https:\/\/www.campingverneda.com\/blog\/wp-content\/uploads\/2026\/03\/camping-verneda-vacaciones-mascota-200x83.png 200w, https:\/\/www.campingverneda.com\/blog\/wp-content\/uploads\/2026\/03\/camping-verneda-vacaciones-mascota-300x125.png 300w, https:\/\/www.campingverneda.com\/blog\/wp-content\/uploads\/2026\/03\/camping-verneda-vacaciones-mascota-400x167.png 400w, https:\/\/www.campingverneda.com\/blog\/wp-content\/uploads\/2026\/03\/camping-verneda-vacaciones-mascota-600x250.png 600w, https:\/\/www.campingverneda.com\/blog\/wp-content\/uploads\/2026\/03\/camping-verneda-vacaciones-mascota-768x320.png 768w, https:\/\/www.campingverneda.com\/blog\/wp-content\/uploads\/2026\/03\/camping-verneda-vacaciones-mascota-800x333.png 800w, https:\/\/www.campingverneda.com\/blog\/wp-content\/uploads\/2026\/03\/camping-verneda-vacaciones-mascota.png 960w\" sizes=\"(max-width: 960px) 100vw, 960px\" \/><\/a><\/p>\n<h3 class=\"p3\"><span class=\"s1\"><b>Camin Reiau: paseo cl\u00e1sico con tu compa\u00f1ero<\/b><\/span><\/h3>\n<p class=\"p2\"><span class=\"s1\">Uno de los grandes tesoros de Camping Verneda es el <a href=\"https:\/\/www.visitvaldaran.com\/wp-content\/uploads\/2020\/06\/HUELHETON-SENDERISME-2020.pdf\" target=\"_blank\" rel=\"noopener\"><span class=\"s2\"><b>Camin Reiau<\/b><\/span><\/a>, o Camino Real, un sendero hist\u00f3rico que puedes empezar directamente desde las instalaciones del camping. <\/span><\/p>\n<p class=\"p2\"><span class=\"s1\">Este camino centenario corre paralelo al r\u00edo y atraviesa paisajes espectaculares sin tr\u00e1fico. Es ideal para paseos tranquilos con tu perro por la ma\u00f1ana o al atardecer, respirando aire puro y conectando con la naturaleza. <\/span><\/p>\n<h3 class=\"p3\"><span class=\"s1\"><b>Zona para perros junto a la piscina en verano<\/b><\/span><\/h3>\n<p class=\"p2\"><span class=\"s1\">Y cuando llegue el <b>verano<\/b>, \u00a1la diversi\u00f3n no para! Junto al \u00e1rea de la piscina habilitamos una <a href=\"https:\/\/www.campingverneda.com\/petfriendly\" target=\"_blank\" rel=\"noopener\"><span class=\"s2\"><b>zona especial para perros<\/b><\/span><\/a>, donde los peludos pueden refrescarse, jugar y socializar mientras t\u00fa te relaj<\/span><span class=\"s3\">\u200d<\/span><span class=\"s1\">as junto al agua. <\/span><\/p>\n<p class=\"p2\"><span class=\"s1\">Es un sitio fant\u00e1stico para que tu mascota estire las patas, chapotee un poco y disfrute del buen clima en compa\u00f1\u00eda de otros perretes. Adem\u00e1s, la zona alrededor de la piscina y el restaurante cuenta con sombra y espacios seguros para pasear con correa.<\/span><\/p>\n<p class=\"p2\"><a href=\"http:\/\/www.campingverneda.com\/blog\/2026\/03\/17\/vacaciones-con-tu-mascota-en-camping-verneda-en-la-val-daran\/camping-verneda-vacaciones-mascota-3\/\" rel=\"attachment wp-att-5700\"><img decoding=\"async\" loading=\"lazy\" class=\"alignnone size-full wp-image-5700\" src=\"http:\/\/www.campingverneda.com\/blog\/wp-content\/uploads\/2026\/03\/camping-verneda-vacaciones-mascota-3.png\" alt=\"\" width=\"960\" height=\"400\" srcset=\"https:\/\/www.campingverneda.com\/blog\/wp-content\/uploads\/2026\/03\/camping-verneda-vacaciones-mascota-3-200x83.png 200w, https:\/\/www.campingverneda.com\/blog\/wp-content\/uploads\/2026\/03\/camping-verneda-vacaciones-mascota-3-300x125.png 300w, https:\/\/www.campingverneda.com\/blog\/wp-content\/uploads\/2026\/03\/camping-verneda-vacaciones-mascota-3-400x167.png 400w, https:\/\/www.campingverneda.com\/blog\/wp-content\/uploads\/2026\/03\/camping-verneda-vacaciones-mascota-3-600x250.png 600w, https:\/\/www.campingverneda.com\/blog\/wp-content\/uploads\/2026\/03\/camping-verneda-vacaciones-mascota-3-768x320.png 768w, https:\/\/www.campingverneda.com\/blog\/wp-content\/uploads\/2026\/03\/camping-verneda-vacaciones-mascota-3-800x333.png 800w, https:\/\/www.campingverneda.com\/blog\/wp-content\/uploads\/2026\/03\/camping-verneda-vacaciones-mascota-3.png 960w\" sizes=\"(max-width: 960px) 100vw, 960px\" \/><\/a><\/p>\n<h3 class=\"p3\"><span class=\"s1\"><b>En resumen: venid todos juntos<\/b><\/span><\/h3>\n<p class=\"p2\"><span class=\"s1\">Verneda Camping Mountain Resort es uno de los <b>campings y alojamientos pet friendly m\u00e1s completos de la Val d\u2019Aran<\/b>. Desde bungalow hasta acampada, con acceso directo al <b>Camin Reiau<\/b> y espacios pensados para que tu mascota tambi\u00e9n tenga sus vacaciones so\u00f1adas, aqu\u00ed la aventura se vive en familia\u2026 \u00a1con todos sus miembros!<\/span><\/p>\n<p class=\"p2\"><span class=\"s1\">As\u00ed que prepara la correa, la pelota y tus ganas de naturaleza, porque <b>tu pr\u00f3ximo viaje inolvidable con tu mascota empieza <\/b><a href=\"https:\/\/www.campingverneda.com\/\" target=\"_blank\" rel=\"noopener\"><span class=\"s2\"><b>aqu\u00ed.<\/b><\/span><\/a><\/span><\/p>\n","protected":false},"excerpt":{"rendered":"<p>Si t\u00fa y tu perro (o mascota favorita) sois inseparables, ten\u00e9is que conocer el para\u00edso pet friendly de Verneda Camping Mountain Resort en la preciosa [&hellip;]<\/p>\n","protected":false},"author":1,"featured_media":5703,"comment_status":"open","ping_status":"open","sticky":false,"template":"","format":"standard","meta":[],"categories":[1,70],"tags":[1129,2257,2188,2344,2342,2346,2340,1043,2341,2345,2347,2187,818,2343],"_links":{"self":[{"href":"https:\/\/www.campingverneda.com\/blog\/wp-json\/wp\/v2\/posts\/5693"}],"collection":[{"href":"https:\/\/www.campingverneda.com\/blog\/wp-json\/wp\/v2\/posts"}],"about":[{"href":"https:\/\/www.campingverneda.com\/blog\/wp-json\/wp\/v2\/types\/post"}],"author":[{"embeddable":true,"href":"https:\/\/www.campingverneda.com\/blog\/wp-json\/wp\/v2\/users\/1"}],"replies":[{"embeddable":true,"href":"https:\/\/www.campingverneda.com\/blog\/wp-json\/wp\/v2\/comments?post=5693"}],"version-history":[{"count":2,"href":"https:\/\/www.campingverneda.com\/blog\/wp-json\/wp\/v2\/posts\/5693\/revisions"}],"predecessor-version":[{"id":5702,"href":"https:\/\/www.campingverneda.com\/blog\/wp-json\/wp\/v2\/posts\/5693\/revisions\/5702"}],"wp:featuredmedia":[{"embeddable":true,"href":"https:\/\/www.campingverneda.com\/blog\/wp-json\/wp\/v2\/media\/5703"}],"wp:attachment":[{"href":"https:\/\/www.campingverneda.com\/blog\/wp-json\/wp\/v2\/media?parent=5693"}],"wp:term":[{"taxonomy":"category","embeddable":true,"href":"https:\/\/www.campingverneda.com\/blog\/wp-json\/wp\/v2\/categories?post=5693"},{"taxonomy":"post_tag","embeddable":true,"href":"https:\/\/www.campingverneda.com\/blog\/wp-json\/wp\/v2\/tags?post=5693"}],"curies":[{"name":"wp","href":"https:\/\/api.w.org\/{rel}","templated":true}]}}