{"id":5685,"date":"2026-03-10T16:59:25","date_gmt":"2026-03-10T16:59:25","guid":{"rendered":"http:\/\/www.campingverneda.com\/blog\/?p=5685"},"modified":"2026-03-10T16:59:26","modified_gmt":"2026-03-10T16:59:26","slug":"auge-turismo-camping-espana-verano","status":"publish","type":"post","link":"https:\/\/www.campingverneda.com\/blog\/2026\/03\/10\/auge-turismo-camping-espana-verano\/","title":{"rendered":"Turismo de camping en Espa\u00f1a: la tendencia del verano"},"content":{"rendered":"<p class=\"p2\"><span class=\"s1\">El <b>turismo de camping en Espa\u00f1a<\/b> est\u00e1 viviendo uno de sus mejores momentos hist\u00f3ricos. Lo que antes se asociaba \u00fanicamente a tiendas de campa\u00f1a y mochilas hoy se ha convertido en una opci\u00f3n moderna, c\u00f3moda y muy demandada. Y en este contexto de crecimiento imparable, <a href=\"http:\/\/:\/\/www.campingverneda.com\" target=\"_blank\" rel=\"noopener\"><span class=\"s2\"><b>Verneda Camping Mountain Resort<\/b><\/span><\/a> se posiciona como una de las mejores opciones para disfrutar del verano en plena naturaleza.<\/span><\/p>\n<p><a href=\"http:\/\/www.campingverneda.com\/blog\/2026\/03\/10\/auge-turismo-camping-espana-verano\/camping-verneda-auge-camping\/\" rel=\"attachment wp-att-5687\"><img decoding=\"async\" loading=\"lazy\" class=\"alignnone size-full wp-image-5687\" src=\"http:\/\/www.campingverneda.com\/blog\/wp-content\/uploads\/2026\/03\/camping-verneda-auge-camping.png\" alt=\"\" width=\"960\" height=\"400\" srcset=\"https:\/\/www.campingverneda.com\/blog\/wp-content\/uploads\/2026\/03\/camping-verneda-auge-camping-200x83.png 200w, https:\/\/www.campingverneda.com\/blog\/wp-content\/uploads\/2026\/03\/camping-verneda-auge-camping-300x125.png 300w, https:\/\/www.campingverneda.com\/blog\/wp-content\/uploads\/2026\/03\/camping-verneda-auge-camping-400x167.png 400w, https:\/\/www.campingverneda.com\/blog\/wp-content\/uploads\/2026\/03\/camping-verneda-auge-camping-600x250.png 600w, https:\/\/www.campingverneda.com\/blog\/wp-content\/uploads\/2026\/03\/camping-verneda-auge-camping-768x320.png 768w, https:\/\/www.campingverneda.com\/blog\/wp-content\/uploads\/2026\/03\/camping-verneda-auge-camping-800x333.png 800w, https:\/\/www.campingverneda.com\/blog\/wp-content\/uploads\/2026\/03\/camping-verneda-auge-camping.png 960w\" sizes=\"(max-width: 960px) 100vw, 960px\" \/><\/a><\/p>\n<p class=\"p2\"><span class=\"s1\">Los datos lo confirman. Seg\u00fan la <b>Federaci\u00f3n Espa\u00f1ola de Campings (FEEC)<\/b>, durante el verano de 2025 se previ\u00f3 que m\u00e1s de <b>6,5 millones de viajeros<\/b> elegir\u00edan campings como alojamiento vacacional en Espa\u00f1a, con una ocupaci\u00f3n media que superar\u00eda el <b>90% en julio y agosto<\/b>. Adem\u00e1s, medios econ\u00f3micos nacionales como La Vanguardia destacan que el sector contin\u00faa creciendo tras varios a\u00f1os consecutivos de r\u00e9cord, consolidando el camping como una alternativa real frente a hoteles y apartamentos tradicionales.<\/span><\/p>\n<p class=\"p2\"><span class=\"s1\">Este auge no es casual. El viajero actual busca experiencias m\u00e1s aut\u00e9nticas, mayor contacto con la naturaleza y alojamientos vers\u00e1tiles que combinen comodidad y libertad. Aqu\u00ed es donde entra en juego <a href=\"http:\/\/:\/\/www.campingverneda.com\" target=\"_blank\" rel=\"noopener\"><span class=\"s2\"><b>Verneda Camping Mountain Resort<\/b><\/span><\/a>, en el coraz\u00f3n de la <b>Val d\u2019Aran<\/b>, un entorno privilegiado donde la monta\u00f1a se convierte en escenario de tus vacaciones.<\/span><\/p>\n<p><a href=\"http:\/\/www.campingverneda.com\/blog\/2026\/03\/10\/auge-turismo-camping-espana-verano\/camping-verneda-auge-camping-2\/\" rel=\"attachment wp-att-5689\"><img decoding=\"async\" loading=\"lazy\" class=\"alignnone size-full wp-image-5689\" src=\"http:\/\/www.campingverneda.com\/blog\/wp-content\/uploads\/2026\/03\/camping-verneda-auge-camping-2.png\" alt=\"\" width=\"960\" height=\"400\" srcset=\"https:\/\/www.campingverneda.com\/blog\/wp-content\/uploads\/2026\/03\/camping-verneda-auge-camping-2-200x83.png 200w, https:\/\/www.campingverneda.com\/blog\/wp-content\/uploads\/2026\/03\/camping-verneda-auge-camping-2-300x125.png 300w, https:\/\/www.campingverneda.com\/blog\/wp-content\/uploads\/2026\/03\/camping-verneda-auge-camping-2-400x167.png 400w, https:\/\/www.campingverneda.com\/blog\/wp-content\/uploads\/2026\/03\/camping-verneda-auge-camping-2-600x250.png 600w, https:\/\/www.campingverneda.com\/blog\/wp-content\/uploads\/2026\/03\/camping-verneda-auge-camping-2-768x320.png 768w, https:\/\/www.campingverneda.com\/blog\/wp-content\/uploads\/2026\/03\/camping-verneda-auge-camping-2-800x333.png 800w, https:\/\/www.campingverneda.com\/blog\/wp-content\/uploads\/2026\/03\/camping-verneda-auge-camping-2.png 960w\" sizes=\"(max-width: 960px) 100vw, 960px\" \/><\/a><\/p>\n<h3 class=\"p3\"><span class=\"s1\"><b>\u00bfPor qu\u00e9 el camping es la mejor opci\u00f3n en verano?<\/b><\/span><\/h3>\n<ul class=\"ul1\">\n<li class=\"li2\"><span class=\"s1\"><b>Naturaleza sin filtros: e<\/b>l verano invita a salir, respirar y moverse. En un camping como Camping Verneda, despiertas rodeado de bosques, monta\u00f1as y aire puro. No hay pasillos cerrados ni ascensores: hay senderos, cielos estrellados y libertad.<\/span><\/li>\n<li class=\"li2\"><span class=\"s1\"><b>Alojamientos para todos los estilos: <\/b>el camping moderno ha evolucionado. Hoy puedes elegir entre <a href=\"https:\/\/www.campingverneda.com\/parcela-standard\" target=\"_blank\" rel=\"noopener\"><span class=\"s2\"><b>parcelas<\/b><\/span><\/a> tradicionales, <a href=\"https:\/\/www.campingverneda.com\/autocaravanas-y-campers\" target=\"_blank\" rel=\"noopener\"><span class=\"s2\"><b>autocaravanas<\/b><\/span><\/a> o <a href=\"https:\/\/www.campingverneda.com\/bungalows\" target=\"_blank\" rel=\"noopener\"><span class=\"s2\"><b>bungalows totalmente equipados<\/b><\/span><\/a> con cocina, ba\u00f1o privado y terraza. En <b>Verneda Camping Mountain Resort<\/b>, esa combinaci\u00f3n de comodidad y entorno natural es precisamente uno de sus grandes valores diferenciales.<\/span><\/li>\n<li class=\"li2\"><span class=\"s1\"><b>Vacaciones m\u00e1s sostenibles: <\/b>el <a href=\"https:\/\/www.campingverneda.com\/ecofriendly\" target=\"_blank\" rel=\"noopener\"><span class=\"s2\"><b>turismo sostenible<\/b><\/span><\/a> es otra de las grandes tendencias actuales. Alojarse en un camping reduce el impacto ambiental en comparaci\u00f3n con otros modelos tur\u00edsticos m\u00e1s masificados. Adem\u00e1s, el entorno de monta\u00f1a fomenta actividades al aire libre responsables como senderismo, ciclismo o rutas familiares.<\/span><\/li>\n<li class=\"li2\"><span class=\"s1\"><b>Mejor relaci\u00f3n calidad-precio: <\/b>en un contexto donde los precios hoteleros suben cada temporada, el camping se mantiene como una opci\u00f3n competitiva y flexible. Permite adaptar el presupuesto sin renunciar a calidad, servicios ni ubicaci\u00f3n privilegiada.<\/span><\/li>\n<\/ul>\n<p><a href=\"http:\/\/www.campingverneda.com\/blog\/2026\/03\/10\/auge-turismo-camping-espana-verano\/camping-verneda-auge-camping-1\/\" rel=\"attachment wp-att-5688\"><img decoding=\"async\" loading=\"lazy\" class=\"alignnone size-full wp-image-5688\" src=\"http:\/\/www.campingverneda.com\/blog\/wp-content\/uploads\/2026\/03\/camping-verneda-auge-camping-1.png\" alt=\"\" width=\"960\" height=\"400\" srcset=\"https:\/\/www.campingverneda.com\/blog\/wp-content\/uploads\/2026\/03\/camping-verneda-auge-camping-1-200x83.png 200w, https:\/\/www.campingverneda.com\/blog\/wp-content\/uploads\/2026\/03\/camping-verneda-auge-camping-1-300x125.png 300w, https:\/\/www.campingverneda.com\/blog\/wp-content\/uploads\/2026\/03\/camping-verneda-auge-camping-1-400x167.png 400w, https:\/\/www.campingverneda.com\/blog\/wp-content\/uploads\/2026\/03\/camping-verneda-auge-camping-1-600x250.png 600w, https:\/\/www.campingverneda.com\/blog\/wp-content\/uploads\/2026\/03\/camping-verneda-auge-camping-1-768x320.png 768w, https:\/\/www.campingverneda.com\/blog\/wp-content\/uploads\/2026\/03\/camping-verneda-auge-camping-1-800x333.png 800w, https:\/\/www.campingverneda.com\/blog\/wp-content\/uploads\/2026\/03\/camping-verneda-auge-camping-1.png 960w\" sizes=\"(max-width: 960px) 100vw, 960px\" \/><\/a><\/p>\n<h3 class=\"p3\"><span class=\"s1\"><b>Camping Verneda: donde la tendencia se convierte en experiencia<\/b><\/span><\/h3>\n<p class=\"p2\"><span class=\"s1\">Elegir <b>Verneda Camping Mountain Resort<\/b> no es solo seguir una tendencia en crecimiento, es apostar por una experiencia completa. <a href=\"https:\/\/www.campingverneda.com\/piscina\" target=\"_blank\" rel=\"noopener\"><span class=\"s2\"><b>Piscina<\/b><\/span><\/a> en verano, espacios familiares, naturaleza en estado puro y acceso directo a <a href=\"https:\/\/www.visitvaldaran.com\/wp-content\/uploads\/2020\/06\/HUELHETON-SENDERISME-2020.pdf\" target=\"_blank\" rel=\"noopener\"><span class=\"s2\"><b>rutas como el hist\u00f3rico Camin Reiau<\/b><\/span><\/a> hacen que cada estancia tenga algo especial.<\/span><\/p>\n<p class=\"p2\"><span class=\"s1\">El auge del <b>turismo de camping en Espa\u00f1a<\/b> demuestra que esta forma de viajar ha llegado para quedarse. Y si millones de personas ya lo tienen claro, quiz\u00e1s este verano sea tu turno. Cambia el ruido por monta\u00f1a, el estr\u00e9s por aire puro y las prisas por momentos compartidos.<\/span><\/p>\n<p class=\"p2\"><span class=\"s1\">Este verano, la tendencia eres t\u00fa\u2026 en <a href=\"https:\/\/www.campingverneda.com\/\" target=\"_blank\" rel=\"noopener\"><span class=\"s2\"><b>Verneda Camping Mountain Resort<\/b><\/span><\/a>.<\/span><\/p>\n","protected":false},"excerpt":{"rendered":"<p>El turismo de camping en Espa\u00f1a est\u00e1 viviendo uno de sus mejores momentos hist\u00f3ricos. Lo que antes se asociaba \u00fanicamente a tiendas de campa\u00f1a y [&hellip;]<\/p>\n","protected":false},"author":1,"featured_media":5686,"comment_status":"open","ping_status":"open","sticky":false,"template":"","format":"standard","meta":[],"categories":[1],"tags":[2257,2331,1982,2336,2335,2333,2332,2338,2339,2330,2337,2334,818],"_links":{"self":[{"href":"https:\/\/www.campingverneda.com\/blog\/wp-json\/wp\/v2\/posts\/5685"}],"collection":[{"href":"https:\/\/www.campingverneda.com\/blog\/wp-json\/wp\/v2\/posts"}],"about":[{"href":"https:\/\/www.campingverneda.com\/blog\/wp-json\/wp\/v2\/types\/post"}],"author":[{"embeddable":true,"href":"https:\/\/www.campingverneda.com\/blog\/wp-json\/wp\/v2\/users\/1"}],"replies":[{"embeddable":true,"href":"https:\/\/www.campingverneda.com\/blog\/wp-json\/wp\/v2\/comments?post=5685"}],"version-history":[{"count":2,"href":"https:\/\/www.campingverneda.com\/blog\/wp-json\/wp\/v2\/posts\/5685\/revisions"}],"predecessor-version":[{"id":5691,"href":"https:\/\/www.campingverneda.com\/blog\/wp-json\/wp\/v2\/posts\/5685\/revisions\/5691"}],"wp:featuredmedia":[{"embeddable":true,"href":"https:\/\/www.campingverneda.com\/blog\/wp-json\/wp\/v2\/media\/5686"}],"wp:attachment":[{"href":"https:\/\/www.campingverneda.com\/blog\/wp-json\/wp\/v2\/media?parent=5685"}],"wp:term":[{"taxonomy":"category","embeddable":true,"href":"https:\/\/www.campingverneda.com\/blog\/wp-json\/wp\/v2\/categories?post=5685"},{"taxonomy":"post_tag","embeddable":true,"href":"https:\/\/www.campingverneda.com\/blog\/wp-json\/wp\/v2\/tags?post=5685"}],"curies":[{"name":"wp","href":"https:\/\/api.w.org\/{rel}","templated":true}]}}