{"id":5677,"date":"2026-03-03T18:49:36","date_gmt":"2026-03-03T18:49:36","guid":{"rendered":"http:\/\/www.campingverneda.com\/blog\/?p=5677"},"modified":"2026-03-03T18:49:37","modified_gmt":"2026-03-03T18:49:37","slug":"bungalows-familiares-en-la-val-daran-tu-hogar-en-la-montana","status":"publish","type":"post","link":"https:\/\/www.campingverneda.com\/blog\/2026\/03\/03\/bungalows-familiares-en-la-val-daran-tu-hogar-en-la-montana\/","title":{"rendered":"Bungalows familiares en la Val d\u2019Aran: tu hogar en la monta\u00f1a"},"content":{"rendered":"<p class=\"p2\"><span class=\"s1\">En <a href=\"https:\/\/www.campingverneda.com\/\" target=\"_blank\" rel=\"noopener\"><span class=\"s2\"><b>Verneda Camping Mountain Resort,<\/b><\/span><\/a> sabemos que las vacaciones en familia son algo muy especial. Por eso hemos dise\u00f1ado una selecci\u00f3n de <b>bungalows familiares<\/b> que combinan comodidad, espacio y encanto para que cada momento compartido sea inolvidable. Si est\u00e1s pensando en una escapada de <b>vacaciones en familia<\/b>, \u00a1aqu\u00ed tienes tu lugar ideal en la <b>Val d\u2019Aran<\/b>!<\/span><\/p>\n<p><a href=\"http:\/\/www.campingverneda.com\/blog\/2026\/03\/03\/bungalows-familiares-en-la-val-daran-tu-hogar-en-la-montana\/camping-verneda-bungalow-familia\/\" rel=\"attachment wp-att-5679\"><img decoding=\"async\" loading=\"lazy\" class=\"alignnone size-full wp-image-5679\" src=\"http:\/\/www.campingverneda.com\/blog\/wp-content\/uploads\/2026\/03\/camping-verneda-bungalow-familia.png\" alt=\"\" width=\"960\" height=\"400\" srcset=\"https:\/\/www.campingverneda.com\/blog\/wp-content\/uploads\/2026\/03\/camping-verneda-bungalow-familia-200x83.png 200w, https:\/\/www.campingverneda.com\/blog\/wp-content\/uploads\/2026\/03\/camping-verneda-bungalow-familia-300x125.png 300w, https:\/\/www.campingverneda.com\/blog\/wp-content\/uploads\/2026\/03\/camping-verneda-bungalow-familia-400x167.png 400w, https:\/\/www.campingverneda.com\/blog\/wp-content\/uploads\/2026\/03\/camping-verneda-bungalow-familia-600x250.png 600w, https:\/\/www.campingverneda.com\/blog\/wp-content\/uploads\/2026\/03\/camping-verneda-bungalow-familia-768x320.png 768w, https:\/\/www.campingverneda.com\/blog\/wp-content\/uploads\/2026\/03\/camping-verneda-bungalow-familia-800x333.png 800w, https:\/\/www.campingverneda.com\/blog\/wp-content\/uploads\/2026\/03\/camping-verneda-bungalow-familia.png 960w\" sizes=\"(max-width: 960px) 100vw, 960px\" \/><\/a><\/p>\n<h3 class=\"p3\"><span class=\"s1\"><b>Borda Suite: espacio para grandes familias<\/b><\/span><\/h3>\n<p class=\"p2\"><span class=\"s1\">Cuando se trata de planes en familia XXL, <b>l<\/b><a href=\"https:\/\/www.campingverneda.com\/borda-suite\" target=\"_blank\" rel=\"noopener\"><span class=\"s2\"><b>a Borda Suite<\/b><\/span><\/a> es la estrella. Con capacidad para <b>6 a 8 personas<\/b> en <b>80 m\u00b2<\/b>, es como tener tu propia casa de monta\u00f1a con el sonido del bosque como banda sonora. Cuenta con tres dormitorios, dos ba\u00f1os completos, una cocina totalmente equipada y una terraza donde los desayunos al aire libre se convierten en un ritual m\u00e1gico. <\/span><\/p>\n<p class=\"p2\"><span class=\"s1\">Lo mejor de la <a href=\"https:\/\/www.campingverneda.com\/borda-suite\" target=\"_blank\" rel=\"noopener\"><span class=\"s2\"><b>Borda Suite<\/b><\/span><\/a> es su distribuci\u00f3n pensada para familias numerosas que desean convivir sin agobios: espacios amplios, zonas para charlar, cocinar y relajarse, y ese toque de madera natural que hace que te sientas en un refugio c\u00e1lido entre monta\u00f1as. Aqu\u00ed, las historias al caer la noche con juegos de mesa o conversaciones alrededor de la mesa son parte de la esencia Verneda.<\/span><\/p>\n<p><a href=\"http:\/\/www.campingverneda.com\/blog\/2026\/03\/03\/bungalows-familiares-en-la-val-daran-tu-hogar-en-la-montana\/camping-verneda-borda-suite\/\" rel=\"attachment wp-att-5678\"><img decoding=\"async\" loading=\"lazy\" class=\"alignnone size-full wp-image-5678\" src=\"http:\/\/www.campingverneda.com\/blog\/wp-content\/uploads\/2026\/03\/camping-verneda-borda-suite.png\" alt=\"\" width=\"960\" height=\"400\" srcset=\"https:\/\/www.campingverneda.com\/blog\/wp-content\/uploads\/2026\/03\/camping-verneda-borda-suite-200x83.png 200w, https:\/\/www.campingverneda.com\/blog\/wp-content\/uploads\/2026\/03\/camping-verneda-borda-suite-300x125.png 300w, https:\/\/www.campingverneda.com\/blog\/wp-content\/uploads\/2026\/03\/camping-verneda-borda-suite-400x167.png 400w, https:\/\/www.campingverneda.com\/blog\/wp-content\/uploads\/2026\/03\/camping-verneda-borda-suite-600x250.png 600w, https:\/\/www.campingverneda.com\/blog\/wp-content\/uploads\/2026\/03\/camping-verneda-borda-suite-768x320.png 768w, https:\/\/www.campingverneda.com\/blog\/wp-content\/uploads\/2026\/03\/camping-verneda-borda-suite-800x333.png 800w, https:\/\/www.campingverneda.com\/blog\/wp-content\/uploads\/2026\/03\/camping-verneda-borda-suite.png 960w\" sizes=\"(max-width: 960px) 100vw, 960px\" \/><\/a><\/p>\n<h3 class=\"p3\"><span class=\"s1\"><b>Bordeta Luxe y Bordeta Luxe Maxi: confort para familias medianas<\/b><\/span><\/h3>\n<p class=\"p2\"><span class=\"s1\">Si tu familia es un poco m\u00e1s peque\u00f1a pero igual de entusiasta por vivir la monta\u00f1a, los <a href=\"https:\/\/www.campingverneda.com\/bordeta-luxe\" target=\"_blank\" rel=\"noopener\"><span class=\"s2\"><b>bungalows Bordeta Luxe <\/b><\/span><\/a>son perfectos. Para grupos de <b>4 personas<\/b>, estos alojamientos de <b>35 m\u00b2<\/b> combinan estilo tradicional aran\u00e9s con un dise\u00f1o interior moderno y funcional que inspira descanso. <\/span><\/p>\n<p class=\"p2\"><span class=\"s1\">La versi\u00f3n <a href=\"https:\/\/www.campingverneda.com\/bordeta-luxe-maxi\" target=\"_blank\" rel=\"noopener\"><span class=\"s2\"><b>Bordeta Luxe Maxi<\/b><\/span><\/a>, con <b>45 m\u00b2<\/b> y capacidad para hasta <b>5 personas<\/b>, es ideal si quieres un poco m\u00e1s de espacio sin perder ese ambiente acogedor que caracteriza a Verneda. Ambos tipos cuentan con cocina equipada, ba\u00f1o completo, sal\u00f3n comedor y una agradable terraza para que las sobremesas se alarguen tanto como quieras bajo el cielo de los Pirineos. <\/span><\/p>\n<h3 class=\"p3\"><span class=\"s1\"><b>Otras opciones vers\u00e1tiles para familias<\/b><\/span><\/h3>\n<p class=\"p2\"><span class=\"s1\">Adem\u00e1s de las grandes y medianas familias, tambi\u00e9n puedes elegir entre otros modelos que se adaptan a tus necesidades. Por ejemplo:<\/span><\/p>\n<ul class=\"ul1\">\n<li class=\"li2\"><span class=\"s3\"><a href=\"https:\/\/www.campingverneda.com\/pleta-aneto\" target=\"_blank\" rel=\"noopener\"><span class=\"s2\"><b>Pleta Aneto<\/b><\/span><\/a><\/span><span class=\"s1\">: ideal para familias de hasta 6 personas que quieren estar cerca de la naturaleza sin renunciar a la comodidad. <\/span><\/li>\n<li class=\"li2\"><span class=\"s1\"><b>Pleta Aran y <\/b><a href=\"https:\/\/www.campingverneda.com\/pleta-maladeta\" target=\"_blank\" rel=\"noopener\"><span class=\"s2\"><b>Pleta Maladeta<\/b><\/span><\/a>: perfectos para familias con ni\u00f1os que quieren vivir una estancia m\u00e1s \u00edntima y cercana a la monta\u00f1a. <\/span><\/li>\n<li class=\"li2\"><span class=\"s3\"><a href=\"https:\/\/www.campingverneda.com\/cabana\" target=\"_blank\" rel=\"noopener\"><span class=\"s2\"><b>Cabana<\/b><\/span><\/a><\/span><span class=\"s1\">: acogedores bungalows de madera pensados para familias peque\u00f1as o escapadas m\u00e1s tranquilas.<\/span><\/li>\n<\/ul>\n<p><a href=\"http:\/\/www.campingverneda.com\/blog\/2026\/03\/03\/bungalows-familiares-en-la-val-daran-tu-hogar-en-la-montana\/camping-verneda-bungalow-familia-1\/\" rel=\"attachment wp-att-5680\"><img decoding=\"async\" loading=\"lazy\" class=\"alignnone size-full wp-image-5680\" src=\"http:\/\/www.campingverneda.com\/blog\/wp-content\/uploads\/2026\/03\/camping-verneda-bungalow-familia-1.png\" alt=\"\" width=\"960\" height=\"400\" srcset=\"https:\/\/www.campingverneda.com\/blog\/wp-content\/uploads\/2026\/03\/camping-verneda-bungalow-familia-1-200x83.png 200w, https:\/\/www.campingverneda.com\/blog\/wp-content\/uploads\/2026\/03\/camping-verneda-bungalow-familia-1-300x125.png 300w, https:\/\/www.campingverneda.com\/blog\/wp-content\/uploads\/2026\/03\/camping-verneda-bungalow-familia-1-400x167.png 400w, https:\/\/www.campingverneda.com\/blog\/wp-content\/uploads\/2026\/03\/camping-verneda-bungalow-familia-1-600x250.png 600w, https:\/\/www.campingverneda.com\/blog\/wp-content\/uploads\/2026\/03\/camping-verneda-bungalow-familia-1-768x320.png 768w, https:\/\/www.campingverneda.com\/blog\/wp-content\/uploads\/2026\/03\/camping-verneda-bungalow-familia-1-800x333.png 800w, https:\/\/www.campingverneda.com\/blog\/wp-content\/uploads\/2026\/03\/camping-verneda-bungalow-familia-1.png 960w\" sizes=\"(max-width: 960px) 100vw, 960px\" \/><\/a><\/p>\n<h3 class=\"p3\"><span class=\"s1\"><b>Naturaleza, actividades y recuerdos<\/b><\/span><\/h3>\n<p class=\"p2\"><span class=\"s1\">Lo que hace que las vacaciones en familia en <a href=\"https:\/\/www.campingverneda.com\/\" target=\"_blank\" rel=\"noopener\"><span class=\"s2\"><b>Camping Verneda<\/b><\/span><\/a> sean tan especiales no es solo el alojamiento, sino tambi\u00e9n el entorno. Rodeados de naturaleza, con senderos para explorar, espacios para jugar y momentos tranquilos para atesorar. Aqu\u00ed los ni\u00f1os pueden correr, explorar y descubrir mientras los adultos se relajan escuchando el r\u00edo, viendo las monta\u00f1as o preparando una barbacoa en la terraza. <\/span><\/p>\n<p class=\"p2\"><span class=\"s1\">Nuestros bungalows familiares est\u00e1n pensados para crear recuerdos que duren toda la vida. Ese primer desayuno al aire libre, las risas compartidas al caer la tarde, los juegos en la terraza bajo las estrellas\u2026 cada instante se convierte en historia.<\/span><\/p>\n<p class=\"p2\"><span class=\"s1\">As\u00ed que si quieres <b>vacaciones en familia en los Pirineos<\/b> donde la comodidad, el espacio y la naturaleza se unan en perfecta armon\u00eda, nuestros <a href=\"https:\/\/www.campingverneda.com\/bungalows\" target=\"_blank\" rel=\"noopener\"><span class=\"s2\"><b>bungalows en Verneda Camping Mountain Resort<\/b><\/span><\/a> son tu mejor opci\u00f3n. <\/span><\/p>\n","protected":false},"excerpt":{"rendered":"<p>En Verneda Camping Mountain Resort, sabemos que las vacaciones en familia son algo muy especial. Por eso hemos dise\u00f1ado una selecci\u00f3n de bungalows familiares que [&hellip;]<\/p>\n","protected":false},"author":1,"featured_media":5681,"comment_status":"open","ping_status":"open","sticky":false,"template":"","format":"standard","meta":[],"categories":[1,73,72],"tags":[2257,2324,2321,2322,2323,2327,2319,2320,2325,1982,2329,2328,2326,818],"_links":{"self":[{"href":"https:\/\/www.campingverneda.com\/blog\/wp-json\/wp\/v2\/posts\/5677"}],"collection":[{"href":"https:\/\/www.campingverneda.com\/blog\/wp-json\/wp\/v2\/posts"}],"about":[{"href":"https:\/\/www.campingverneda.com\/blog\/wp-json\/wp\/v2\/types\/post"}],"author":[{"embeddable":true,"href":"https:\/\/www.campingverneda.com\/blog\/wp-json\/wp\/v2\/users\/1"}],"replies":[{"embeddable":true,"href":"https:\/\/www.campingverneda.com\/blog\/wp-json\/wp\/v2\/comments?post=5677"}],"version-history":[{"count":2,"href":"https:\/\/www.campingverneda.com\/blog\/wp-json\/wp\/v2\/posts\/5677\/revisions"}],"predecessor-version":[{"id":5683,"href":"https:\/\/www.campingverneda.com\/blog\/wp-json\/wp\/v2\/posts\/5677\/revisions\/5683"}],"wp:featuredmedia":[{"embeddable":true,"href":"https:\/\/www.campingverneda.com\/blog\/wp-json\/wp\/v2\/media\/5681"}],"wp:attachment":[{"href":"https:\/\/www.campingverneda.com\/blog\/wp-json\/wp\/v2\/media?parent=5677"}],"wp:term":[{"taxonomy":"category","embeddable":true,"href":"https:\/\/www.campingverneda.com\/blog\/wp-json\/wp\/v2\/categories?post=5677"},{"taxonomy":"post_tag","embeddable":true,"href":"https:\/\/www.campingverneda.com\/blog\/wp-json\/wp\/v2\/tags?post=5677"}],"curies":[{"name":"wp","href":"https:\/\/api.w.org\/{rel}","templated":true}]}}