{"id":5668,"date":"2026-02-24T15:38:10","date_gmt":"2026-02-24T15:38:10","guid":{"rendered":"http:\/\/www.campingverneda.com\/blog\/?p=5668"},"modified":"2026-03-04T11:39:59","modified_gmt":"2026-03-04T11:39:59","slug":"semana-santa-val-daran-camping-verneda","status":"publish","type":"post","link":"https:\/\/www.campingverneda.com\/blog\/2026\/02\/24\/semana-santa-val-daran-camping-verneda\/","title":{"rendered":"Camping en Semana Santa en la Val d\u2019Aran"},"content":{"rendered":"<p class=\"p2\"><span class=\"s1\">La <b>Semana Santa<\/b> est\u00e1 a la vuelta de la esquina, y si t\u00fa eres de los que sue\u00f1a con desconectar de la rutina, respirar aire puro y llenarte de momentos inolvidables, \u00a1este es tu momento! En <a href=\"https:\/\/www.campingverneda.com\/\" target=\"_blank\" rel=\"noopener\"><span class=\"s2\"><b>Verneda Camping Mountain Resort<\/b><\/span><\/a>, en pleno coraz\u00f3n de la <b>Val d\u2019Aran<\/b>, te estamos esperando con los brazos abiertos para que vivas unas vacaciones \u00fanicas entre monta\u00f1as, r\u00edos, bosques\u2026 y muchas sonrisas.<\/span><\/p>\n<p><a href=\"http:\/\/www.campingverneda.com\/blog\/2026\/02\/24\/semana-santa-val-daran-camping-verneda\/camping-verneda-semana-santa-2\/\" rel=\"attachment wp-att-5671\"><img decoding=\"async\" loading=\"lazy\" class=\"alignnone size-full wp-image-5671\" src=\"http:\/\/www.campingverneda.com\/blog\/wp-content\/uploads\/2026\/02\/camping-verneda-semana-santa-2.png\" alt=\"\" width=\"960\" height=\"400\" srcset=\"https:\/\/www.campingverneda.com\/blog\/wp-content\/uploads\/2026\/02\/camping-verneda-semana-santa-2-200x83.png 200w, https:\/\/www.campingverneda.com\/blog\/wp-content\/uploads\/2026\/02\/camping-verneda-semana-santa-2-300x125.png 300w, https:\/\/www.campingverneda.com\/blog\/wp-content\/uploads\/2026\/02\/camping-verneda-semana-santa-2-400x167.png 400w, https:\/\/www.campingverneda.com\/blog\/wp-content\/uploads\/2026\/02\/camping-verneda-semana-santa-2-600x250.png 600w, https:\/\/www.campingverneda.com\/blog\/wp-content\/uploads\/2026\/02\/camping-verneda-semana-santa-2-768x320.png 768w, https:\/\/www.campingverneda.com\/blog\/wp-content\/uploads\/2026\/02\/camping-verneda-semana-santa-2-800x333.png 800w, https:\/\/www.campingverneda.com\/blog\/wp-content\/uploads\/2026\/02\/camping-verneda-semana-santa-2.png 960w\" sizes=\"(max-width: 960px) 100vw, 960px\" \/><\/a><\/p>\n<h3 class=\"p3\"><span class=\"s1\"><b>Naturaleza, aventura y relax: la combinaci\u00f3n perfecta<\/b><\/span><\/h3>\n<p class=\"p2\"><span class=\"s1\">Imagina despertar con el canto de los p\u00e1jaros, caminar por senderos naturales que empiezan a colorearse con la <b>primavera<\/b>, sentir el murmullo del r\u00edo Garona y terminar el d\u00eda alrededor de una barbacoa con amigos o familia. Todo esto y mucho m\u00e1s te espera en <a href=\"https:\/\/www.campingverneda.com\/\" target=\"_blank\" rel=\"noopener\"><span class=\"s2\"><b>Camping Verneda<\/b><\/span><\/a>. <\/span><\/p>\n<p class=\"p2\"><span class=\"s1\">La <b>temporada de <\/b><a href=\"https:\/\/www.campingverneda.com\/camping\" target=\"_blank\" rel=\"noopener\"><span class=\"s2\"><b>camping<\/b><\/span><\/a> reabre justo para Semana Santa, lo que significa que podr\u00e1s reservar tu <a href=\"https:\/\/www.campingverneda.com\/parcela-plus\" target=\"_blank\" rel=\"noopener\"><span class=\"s2\"><b>parcela con vistas espectaculares<\/b><\/span><\/a>, tu acogedor <a href=\"https:\/\/www.campingverneda.com\/cabana\" target=\"_blank\" rel=\"noopener\"><span class=\"s2\"><b>bungalow de madera<\/b><\/span><\/a> <b>con <\/b><a href=\"https:\/\/www.campingverneda.com\/bordeta-luxe-maxi\" target=\"_blank\" rel=\"noopener\"><span class=\"s2\"><b>todas las comodidades<\/b><\/span><\/a>. <\/span><\/p>\n<p class=\"p2\"><span class=\"s1\">Reservar con antelaci\u00f3n tu <b>alojamiento para Semana Santa en los Pirineos<\/b> es clave para garantizar disponibilidad en las fechas m\u00e1s solicitadas de la temporada. Marzo es el mes estrat\u00e9gico para planificar y potenciar tu escapada: m\u00e1s opciones, mejor ubicaci\u00f3n dentro del resort y la tranquilidad de tenerlo todo organizado con tiempo.<\/span><\/p>\n<p><a href=\"http:\/\/www.campingverneda.com\/blog\/2026\/02\/24\/semana-santa-val-daran-camping-verneda\/camping-verneda-semana-santa-3\/\" rel=\"attachment wp-att-5672\"><img decoding=\"async\" loading=\"lazy\" class=\"alignnone size-full wp-image-5672\" src=\"http:\/\/www.campingverneda.com\/blog\/wp-content\/uploads\/2026\/02\/camping-verneda-semana-santa-3.png\" alt=\"\" width=\"960\" height=\"400\" srcset=\"https:\/\/www.campingverneda.com\/blog\/wp-content\/uploads\/2026\/02\/camping-verneda-semana-santa-3-200x83.png 200w, https:\/\/www.campingverneda.com\/blog\/wp-content\/uploads\/2026\/02\/camping-verneda-semana-santa-3-300x125.png 300w, https:\/\/www.campingverneda.com\/blog\/wp-content\/uploads\/2026\/02\/camping-verneda-semana-santa-3-400x167.png 400w, https:\/\/www.campingverneda.com\/blog\/wp-content\/uploads\/2026\/02\/camping-verneda-semana-santa-3-600x250.png 600w, https:\/\/www.campingverneda.com\/blog\/wp-content\/uploads\/2026\/02\/camping-verneda-semana-santa-3-768x320.png 768w, https:\/\/www.campingverneda.com\/blog\/wp-content\/uploads\/2026\/02\/camping-verneda-semana-santa-3-800x333.png 800w, https:\/\/www.campingverneda.com\/blog\/wp-content\/uploads\/2026\/02\/camping-verneda-semana-santa-3.png 960w\" sizes=\"(max-width: 960px) 100vw, 960px\" \/><\/a><\/p>\n<h3 class=\"p3\"><span class=\"s1\"><b>\u00bfPor qu\u00e9 reservar tu Semana Santa aqu\u00ed?<\/b><\/span><\/h3>\n<ul class=\"ul1\">\n<li class=\"li2\"><span class=\"s1\"><b>Ubicaci\u00f3n ideal<\/b>: en la <a href=\"https:\/\/www.campingverneda.com\/val-daran\" target=\"_blank\" rel=\"noopener\"><span class=\"s2\"><b>Val d\u2019Aran<\/b><\/span><\/a>, a pocos kil\u00f3metros de Vielha y de la famosa estaci\u00f3n de esqu\u00ed <a href=\"https:\/\/www.baqueira.es\/\" target=\"_blank\" rel=\"noopener\"><span class=\"s2\"><b>Baqueira Bere<\/b><\/span><\/a>t. <\/span><\/li>\n<li class=\"li2\"><span class=\"s1\"><b>Contacto directo con la naturaleza<\/b>: perfectos para hacer <a href=\"https:\/\/www.campingverneda.com\/rutas\" target=\"_blank\" rel=\"noopener\"><span class=\"s2\"><b>rutas de senderismo<\/b><\/span><\/a>, ciclismo o simplemente relajarse entre prados y bosques. <\/span><\/li>\n<li class=\"li2\"><span class=\"s1\"><b>Ambiente acogedor<\/b>: ideal tanto para familias con ni\u00f1os como para parejas o amigos.<\/span><\/li>\n<li class=\"li2\"><span class=\"s3\"><a href=\"https:\/\/www.campingverneda.com\/petfriendly\" target=\"_blank\" rel=\"noopener\"><span class=\"s2\"><b>Mascotas bienvenidas<\/b><\/span><\/a><\/span><span class=\"s1\">: porque tu perro tambi\u00e9n merece unas vacaciones inolvidables.<\/span><\/li>\n<\/ul>\n<p><a href=\"http:\/\/www.campingverneda.com\/blog\/2026\/02\/24\/semana-santa-val-daran-camping-verneda\/camping-verneda-semana-santa\/\" rel=\"attachment wp-att-5669\"><img decoding=\"async\" loading=\"lazy\" class=\"alignnone size-full wp-image-5669\" src=\"http:\/\/www.campingverneda.com\/blog\/wp-content\/uploads\/2026\/02\/camping-verneda-semana-santa.png\" alt=\"\" width=\"960\" height=\"400\" srcset=\"https:\/\/www.campingverneda.com\/blog\/wp-content\/uploads\/2026\/02\/camping-verneda-semana-santa-200x83.png 200w, https:\/\/www.campingverneda.com\/blog\/wp-content\/uploads\/2026\/02\/camping-verneda-semana-santa-300x125.png 300w, https:\/\/www.campingverneda.com\/blog\/wp-content\/uploads\/2026\/02\/camping-verneda-semana-santa-400x167.png 400w, https:\/\/www.campingverneda.com\/blog\/wp-content\/uploads\/2026\/02\/camping-verneda-semana-santa-600x250.png 600w, https:\/\/www.campingverneda.com\/blog\/wp-content\/uploads\/2026\/02\/camping-verneda-semana-santa-768x320.png 768w, https:\/\/www.campingverneda.com\/blog\/wp-content\/uploads\/2026\/02\/camping-verneda-semana-santa-800x333.png 800w, https:\/\/www.campingverneda.com\/blog\/wp-content\/uploads\/2026\/02\/camping-verneda-semana-santa.png 960w\" sizes=\"(max-width: 960px) 100vw, 960px\" \/><\/a><\/p>\n<h3 class=\"p3\"><span class=\"s1\"><b>Actividades para todos los gustos<\/b><\/span><\/h3>\n<p class=\"p2\"><span class=\"s1\">La <b>Semana Santa en la Val d\u2019Aran<\/b> es una \u00e9poca de transici\u00f3n preciosa. A\u00fan pueden verse cumbres nevadas mientras el valle florece. Esto permite combinar rutas suaves, excursiones panor\u00e1micas y momentos de descanso en plena naturaleza:<\/span><\/p>\n<ul class=\"ul1\">\n<li class=\"li2\"><span class=\"s3\"><a href=\"https:\/\/www.visitvaldaran.com\/wp-content\/uploads\/2020\/06\/HUELHETON-SENDERISME-2020.pdf\" target=\"_blank\" rel=\"noopener\"><span class=\"s2\"><b>Rutas de senderismo<\/b><\/span><\/a><\/span><span class=\"s1\"> para descubrir los rincones m\u00e1s bonitos del valle.<\/span><\/li>\n<li class=\"li2\"><span class=\"s3\"><a href=\"https:\/\/www.visitvaldaran.com\/wp-content\/uploads\/2020\/06\/folleto-BTT-2020.pdf\" target=\"_blank\" rel=\"noopener\"><span class=\"s2\"><b>Excursiones en bici<\/b><\/span><\/a><\/span><span class=\"s1\"> por caminos se\u00f1alizados.<\/span><\/li>\n<li class=\"li2\"><span class=\"s1\">Exploraci\u00f3n de pueblos emblem\u00e1ticos de la Val d\u2019Aran.<\/span><\/li>\n<li class=\"li2\"><span class=\"s1\">Posibilidad de combinar con los \u00faltimos d\u00edas de esqu\u00ed o raquetas si la nieve a\u00fan se deja ver. <\/span><\/li>\n<\/ul>\n<p class=\"p2\"><span class=\"s1\">Adem\u00e1s, elegir un <b>camping en Semana Santa en Espa\u00f1a<\/b> como Camping Verneda significa apostar por un turismo sostenible y consciente. Aqu\u00ed la experiencia no es solo dormir en la monta\u00f1a, es vivirla: despertar sin prisas, compartir tiempo de calidad y reconectar con lo esencial en un entorno seguro y natural.<\/span><\/p>\n<p><a href=\"http:\/\/www.campingverneda.com\/blog\/2026\/02\/24\/semana-santa-val-daran-camping-verneda\/camping-verneda-semana-santa-1\/\" rel=\"attachment wp-att-5670\"><img decoding=\"async\" loading=\"lazy\" class=\"alignnone size-full wp-image-5670\" src=\"http:\/\/www.campingverneda.com\/blog\/wp-content\/uploads\/2026\/02\/camping-verneda-semana-santa-1.png\" alt=\"\" width=\"960\" height=\"400\" srcset=\"https:\/\/www.campingverneda.com\/blog\/wp-content\/uploads\/2026\/02\/camping-verneda-semana-santa-1-200x83.png 200w, https:\/\/www.campingverneda.com\/blog\/wp-content\/uploads\/2026\/02\/camping-verneda-semana-santa-1-300x125.png 300w, https:\/\/www.campingverneda.com\/blog\/wp-content\/uploads\/2026\/02\/camping-verneda-semana-santa-1-400x167.png 400w, https:\/\/www.campingverneda.com\/blog\/wp-content\/uploads\/2026\/02\/camping-verneda-semana-santa-1-600x250.png 600w, https:\/\/www.campingverneda.com\/blog\/wp-content\/uploads\/2026\/02\/camping-verneda-semana-santa-1-768x320.png 768w, https:\/\/www.campingverneda.com\/blog\/wp-content\/uploads\/2026\/02\/camping-verneda-semana-santa-1-800x333.png 800w, https:\/\/www.campingverneda.com\/blog\/wp-content\/uploads\/2026\/02\/camping-verneda-semana-santa-1.png 960w\" sizes=\"(max-width: 960px) 100vw, 960px\" \/><\/a><\/p>\n<h3 class=\"p3\"><span class=\"s1\"><b>\u00a1Reserva con antelaci\u00f3n y asegura tu lugar!<\/b><\/span><\/h3>\n<p class=\"p2\"><span class=\"s1\">La Semana Santa es una \u00e9poca muy popular, y aqu\u00ed en Verneda no queremos que te quedes sin sitio. Reservar ahora te da <b>m\u00e1s opciones de alojamiento<\/b>, <b>mejor disponibilidad<\/b> y mucha tranquilidad para planear tu escapada sin estr\u00e9s. <\/span><\/p>\n<p class=\"p2\"><span class=\"s1\">Adem\u00e1s, cuanto antes decidas tus fechas, \u00a1m\u00e1s oportunidades de conseguir esa parcela sombreada junto al r\u00edo o ese bungalow acogedor para despertar con vistas incre\u00edbles!<\/span><\/p>\n<p class=\"p2\"><span class=\"s1\">Si este marzo est\u00e1s pensando en aire puro, paisajes espectaculares y d\u00edas que se convierten en recuerdos, no lo dejes para el \u00faltimo momento. Potencia tu <b>reserva de Semana Santa en <\/b><a href=\"https:\/\/www.campingverneda.com\/\" target=\"_blank\" rel=\"noopener\"><span class=\"s2\"><b>Camping Verneda<\/b><\/span><\/a> y empieza la primavera como se merece: en la monta\u00f1a, rodead@ de naturaleza y con la tranquilidad de tener tu escapada asegurada.<\/span><\/p>\n","protected":false},"excerpt":{"rendered":"<p>La Semana Santa est\u00e1 a la vuelta de la esquina, y si t\u00fa eres de los que sue\u00f1a con desconectar de la rutina, respirar aire [&hellip;]<\/p>\n","protected":false},"author":1,"featured_media":5673,"comment_status":"open","ping_status":"open","sticky":false,"template":"","format":"standard","meta":[],"categories":[795,230,72],"tags":[2313,2257,2109,2312,1043,2262,2314,2315,2318,2316,2311,1191,2304,2317,818],"_links":{"self":[{"href":"https:\/\/www.campingverneda.com\/blog\/wp-json\/wp\/v2\/posts\/5668"}],"collection":[{"href":"https:\/\/www.campingverneda.com\/blog\/wp-json\/wp\/v2\/posts"}],"about":[{"href":"https:\/\/www.campingverneda.com\/blog\/wp-json\/wp\/v2\/types\/post"}],"author":[{"embeddable":true,"href":"https:\/\/www.campingverneda.com\/blog\/wp-json\/wp\/v2\/users\/1"}],"replies":[{"embeddable":true,"href":"https:\/\/www.campingverneda.com\/blog\/wp-json\/wp\/v2\/comments?post=5668"}],"version-history":[{"count":2,"href":"https:\/\/www.campingverneda.com\/blog\/wp-json\/wp\/v2\/posts\/5668\/revisions"}],"predecessor-version":[{"id":5675,"href":"https:\/\/www.campingverneda.com\/blog\/wp-json\/wp\/v2\/posts\/5668\/revisions\/5675"}],"wp:featuredmedia":[{"embeddable":true,"href":"https:\/\/www.campingverneda.com\/blog\/wp-json\/wp\/v2\/media\/5673"}],"wp:attachment":[{"href":"https:\/\/www.campingverneda.com\/blog\/wp-json\/wp\/v2\/media?parent=5668"}],"wp:term":[{"taxonomy":"category","embeddable":true,"href":"https:\/\/www.campingverneda.com\/blog\/wp-json\/wp\/v2\/categories?post=5668"},{"taxonomy":"post_tag","embeddable":true,"href":"https:\/\/www.campingverneda.com\/blog\/wp-json\/wp\/v2\/tags?post=5668"}],"curies":[{"name":"wp","href":"https:\/\/api.w.org\/{rel}","templated":true}]}}