{"id":5660,"date":"2026-02-19T16:50:55","date_gmt":"2026-02-19T16:50:55","guid":{"rendered":"http:\/\/www.campingverneda.com\/blog\/?p=5660"},"modified":"2026-03-04T11:37:47","modified_gmt":"2026-03-04T11:37:47","slug":"8-motivos-para-reservar-tu-verano-a-lo-vidaverneda","status":"publish","type":"post","link":"https:\/\/www.campingverneda.com\/blog\/2026\/02\/19\/8-motivos-para-reservar-tu-verano-a-lo-vidaverneda\/","title":{"rendered":"8 motivos para reservar tu verano a lo #VIDAVerneda"},"content":{"rendered":"<p class=\"p2\"><span class=\"s1\">\u00bfPensando ya en tus pr\u00f3ximas vacaciones de verano? <\/span><span class=\"s1\">Si quieres una experiencia llena de <b>naturaleza, aventuras, relax y diversi\u00f3n para toda la familia<\/b>, <a href=\"https:\/\/www.campingverneda.com\/\" target=\"_blank\" rel=\"noopener\"><span class=\"s2\"><b>Verneda Camping Mountain Resort<\/b><\/span><\/a> es el destino perfecto en la <b>Val d\u2019Aran, en el coraz\u00f3n de los Pirineos<\/b>. Aqu\u00ed te contamos los <b>8 motivos principales<\/b> para reservar tus d\u00edas de verano a lo #VIDAVerneda.<\/span><\/p>\n<p class=\"p2\"><a href=\"http:\/\/www.campingverneda.com\/blog\/2026\/02\/19\/8-motivos-para-reservar-tu-verano-a-lo-vidaverneda\/camping-verneda-verano-2-2\/\" rel=\"attachment wp-att-5664\"><img decoding=\"async\" loading=\"lazy\" class=\"alignnone size-full wp-image-5664\" src=\"http:\/\/www.campingverneda.com\/blog\/wp-content\/uploads\/2026\/02\/camping-verneda-verano-2.png\" alt=\"\" width=\"960\" height=\"400\" srcset=\"https:\/\/www.campingverneda.com\/blog\/wp-content\/uploads\/2026\/02\/camping-verneda-verano-2-200x83.png 200w, https:\/\/www.campingverneda.com\/blog\/wp-content\/uploads\/2026\/02\/camping-verneda-verano-2-300x125.png 300w, https:\/\/www.campingverneda.com\/blog\/wp-content\/uploads\/2026\/02\/camping-verneda-verano-2-400x167.png 400w, https:\/\/www.campingverneda.com\/blog\/wp-content\/uploads\/2026\/02\/camping-verneda-verano-2-600x250.png 600w, https:\/\/www.campingverneda.com\/blog\/wp-content\/uploads\/2026\/02\/camping-verneda-verano-2-768x320.png 768w, https:\/\/www.campingverneda.com\/blog\/wp-content\/uploads\/2026\/02\/camping-verneda-verano-2-800x333.png 800w, https:\/\/www.campingverneda.com\/blog\/wp-content\/uploads\/2026\/02\/camping-verneda-verano-2.png 960w\" sizes=\"(max-width: 960px) 100vw, 960px\" \/><\/a><\/p>\n<h3 class=\"p3\"><span class=\"s1\"><b>Programa de actividades infantiles para todos los gustos<\/b><\/span><\/h3>\n<p class=\"p2\"><span class=\"s1\">Uno de los grandes atractivos del verano en Verneda es su <a href=\"https:\/\/www.campingverneda.com\/animacion-infantil\" target=\"_blank\" rel=\"noopener\"><span class=\"s2\"><b>programaci\u00f3n infantil gratuita, <\/b><\/span><\/a>pensada para que los m\u00e1s peque\u00f1os vivan unas vacaciones inolvidables. Desde <b>talleres creativos<\/b>, <b>animaci\u00f3n<\/b>, juegos en grupo, teatro, espect\u00e1culos y hasta actividades con ponis, tus hijos disfrutar\u00e1n mientras t\u00fa te relajas sabiendo que lo pasan en grande. <\/span><\/p>\n<h3 class=\"p3\"><span class=\"s1\"><b>Senderismo guiado por la naturaleza m\u00e1s salvaje<\/b><\/span><\/h3>\n<p class=\"p2\"><span class=\"s1\">La <b>Val d\u2019Aran<\/b> es un para\u00edso para los amantes del <a href=\"https:\/\/www.campingverneda.com\/rutas\" target=\"_blank\" rel=\"noopener\"><span class=\"s2\"><b>senderismo<\/b><\/span><\/a> y en Camping Verneda organizamos <a href=\"https:\/\/www.campingverneda.com\/programa-actividades\" target=\"_blank\" rel=\"noopener\"><span class=\"s2\"><b>excursiones guiadas<\/b><\/span><\/a> durante el verano (del 30\/06 al 14\/09). Guiados por profesionales locales, podr\u00e1s descubrir lagos escondidos, bosques frondosos y aprender sobre flora y fauna local. Estas rutas son perfectas para familias, parejas o grupos de amigos.<\/span><\/p>\n<p><a href=\"http:\/\/www.campingverneda.com\/blog\/2026\/02\/19\/8-motivos-para-reservar-tu-verano-a-lo-vidaverneda\/camping-verneda-verano-1-2\/\" rel=\"attachment wp-att-5665\"><img decoding=\"async\" loading=\"lazy\" class=\"alignnone size-full wp-image-5665\" src=\"http:\/\/www.campingverneda.com\/blog\/wp-content\/uploads\/2026\/02\/camping-verneda-verano-1.png\" alt=\"\" width=\"960\" height=\"400\" srcset=\"https:\/\/www.campingverneda.com\/blog\/wp-content\/uploads\/2026\/02\/camping-verneda-verano-1-200x83.png 200w, https:\/\/www.campingverneda.com\/blog\/wp-content\/uploads\/2026\/02\/camping-verneda-verano-1-300x125.png 300w, https:\/\/www.campingverneda.com\/blog\/wp-content\/uploads\/2026\/02\/camping-verneda-verano-1-400x167.png 400w, https:\/\/www.campingverneda.com\/blog\/wp-content\/uploads\/2026\/02\/camping-verneda-verano-1-600x250.png 600w, https:\/\/www.campingverneda.com\/blog\/wp-content\/uploads\/2026\/02\/camping-verneda-verano-1-768x320.png 768w, https:\/\/www.campingverneda.com\/blog\/wp-content\/uploads\/2026\/02\/camping-verneda-verano-1-800x333.png 800w, https:\/\/www.campingverneda.com\/blog\/wp-content\/uploads\/2026\/02\/camping-verneda-verano-1.png 960w\" sizes=\"(max-width: 960px) 100vw, 960px\" \/><\/a><\/p>\n<h3 class=\"p3\"><span class=\"s1\"><b>Tres opciones de acampada para todos los estilos<\/b><\/span><\/h3>\n<p class=\"p2\"><span class=\"s1\">En Camping Verneda puedes vivir el verano como m\u00e1s te guste:<\/span><\/p>\n<ul class=\"ul1\">\n<li class=\"li2\"><span class=\"s3\"><a href=\"https:\/\/www.campingverneda.com\/camping\" target=\"_blank\" rel=\"noopener\"><span class=\"s2\"><b>Parcelas de camping<\/b><\/span><\/a><\/span><span class=\"s1\"> en <b>c\u00e9sped sombreado junto al r\u00edo Garona<\/b>, ideales si te encanta dormir bajo las estrellas.<\/span><\/li>\n<li class=\"li2\"><span class=\"s1\">Parcelas para <a href=\"https:\/\/www.campingverneda.com\/autocaravanas-y-campers\" target=\"_blank\" rel=\"noopener\"><span class=\"s2\"><b>autocaravanas y campers<\/b><\/span><\/a> con servicios completos.<\/span><\/li>\n<li class=\"li2\"><span class=\"s1\"><b>Tiendas y espacios abiertos<\/b> para quienes buscan una conexi\u00f3n total con la naturaleza. <\/span><\/li>\n<\/ul>\n<p class=\"p2\"><span class=\"s1\">Sea cual sea tu estilo, aqu\u00ed hay una <b>zona de acampada para ti<\/b>.<\/span><\/p>\n<h3 class=\"p3\"><span class=\"s1\"><b>Bungalows de madera: tu hogar en la monta\u00f1a<\/b><\/span><\/h3>\n<p class=\"p2\"><span class=\"s1\">Si quieres un poco m\u00e1s de comodidad sin renunciar al encanto natural, los <a href=\"https:\/\/www.campingverneda.com\/bungalows\" target=\"_blank\" rel=\"noopener\"><span class=\"s2\"><b>bungalows de madera<\/b><\/span><\/a> son una elecci\u00f3n perfecta. Equipados para familias o grupos, combinan <b>comodidad<\/b>, <b>espacio<\/b> y acceso directo al entorno natural. Desde opciones para parejas hasta alojamientos para grandes familias, aqu\u00ed todos encuentran su lugar.<\/span><\/p>\n<h3 class=\"p3\"><span class=\"s1\"><b>Piscina climatizada de agua salada para refrescarte<\/b><\/span><\/h3>\n<p class=\"p2\"><span class=\"s1\">Despu\u00e9s de un d\u00eda explorando senderos o jugando con los ni\u00f1os, \u00bfqu\u00e9 mejor que un chapuz\u00f3n? En Verneda tienes una <a href=\"https:\/\/www.campingverneda.com\/piscina\" target=\"_blank\" rel=\"noopener\"><span class=\"s2\"><b>piscina climatizada de agua salada<\/b><\/span><\/a>, con zona infantil y amplio jard\u00edn para tomar el sol o relajar los m\u00fasculos.\u00a0<\/span><\/p>\n<p><a href=\"http:\/\/www.campingverneda.com\/blog\/2026\/02\/19\/8-motivos-para-reservar-tu-verano-a-lo-vidaverneda\/camping-verneda-verano-4\/\" rel=\"attachment wp-att-5661\"><img decoding=\"async\" loading=\"lazy\" class=\"alignnone size-full wp-image-5661\" src=\"http:\/\/www.campingverneda.com\/blog\/wp-content\/uploads\/2026\/02\/camping-verneda-verano.png\" alt=\"\" width=\"960\" height=\"400\" srcset=\"https:\/\/www.campingverneda.com\/blog\/wp-content\/uploads\/2026\/02\/camping-verneda-verano-200x83.png 200w, https:\/\/www.campingverneda.com\/blog\/wp-content\/uploads\/2026\/02\/camping-verneda-verano-300x125.png 300w, https:\/\/www.campingverneda.com\/blog\/wp-content\/uploads\/2026\/02\/camping-verneda-verano-400x167.png 400w, https:\/\/www.campingverneda.com\/blog\/wp-content\/uploads\/2026\/02\/camping-verneda-verano-600x250.png 600w, https:\/\/www.campingverneda.com\/blog\/wp-content\/uploads\/2026\/02\/camping-verneda-verano-768x320.png 768w, https:\/\/www.campingverneda.com\/blog\/wp-content\/uploads\/2026\/02\/camping-verneda-verano-800x333.png 800w, https:\/\/www.campingverneda.com\/blog\/wp-content\/uploads\/2026\/02\/camping-verneda-verano.png 960w\" sizes=\"(max-width: 960px) 100vw, 960px\" \/><\/a><\/p>\n<h3 class=\"p3\"><span class=\"s1\"><b>Restaurante con gastronom\u00eda local y men\u00fas para ni\u00f1os<\/b><\/span><\/h3>\n<p class=\"p2\"><span class=\"s1\">Gastronom\u00eda + verano = felicidad. El restaurante del camping ofrece <b>recetas locales<\/b>, platos internacionales, <b>men\u00fas infantiles<\/b> y opciones para todos los gustos. Comer bien en vacaciones es esencial para recargar energ\u00edas y seguir explorando. <\/span><\/p>\n<h3 class=\"p3\"><span class=\"s1\"><b>Espacio petfriendly: tus mascotas tambi\u00e9n tienen vacaciones<\/b><\/span><\/h3>\n<p class=\"p2\"><span class=\"s1\">Sabemos que tu mascota es parte de la familia. En Verneda somos <a href=\"https:\/\/www.campingverneda.com\/petfriendly\" target=\"_blank\" rel=\"noopener\"><span class=\"s2\"><b>petfriendly<\/b><\/span><\/a>, lo que significa que puedes traer a tus amigos de cuatro patas para que ellos tambi\u00e9n vivan el verano contigo en plena monta\u00f1a. <\/span><\/p>\n<h3 class=\"p3\"><span class=\"s1\"><b>Ambiente familiar con esp\u00edritu #VIDAVerneda<\/b><\/span><\/h3>\n<p class=\"p2\"><span class=\"s1\">M\u00e1s que un camping, Verneda Camping Mountain Resort es una <a href=\"https:\/\/www.campingverneda.com\/experiencias\" target=\"_blank\" rel=\"noopener\"><span class=\"s2\"><b>comunidad acogedora<\/b><\/span><\/a>, con actividades, m\u00fasica en directo y un ambiente ideal para conocer gente, hacer amigos y vivir experiencias \u00fanicas que no se olvidan. <\/span><\/p>\n","protected":false},"excerpt":{"rendered":"<p>\u00bfPensando ya en tus pr\u00f3ximas vacaciones de verano? Si quieres una experiencia llena de naturaleza, aventuras, relax y diversi\u00f3n para toda la familia, Verneda Camping [&hellip;]<\/p>\n","protected":false},"author":1,"featured_media":5663,"comment_status":"open","ping_status":"open","sticky":false,"template":"","format":"standard","meta":[],"categories":[1,795,70,72],"tags":[2310,1875,2306,1027,1152,2253,2309,2307,2308,824,2305,818,16],"_links":{"self":[{"href":"https:\/\/www.campingverneda.com\/blog\/wp-json\/wp\/v2\/posts\/5660"}],"collection":[{"href":"https:\/\/www.campingverneda.com\/blog\/wp-json\/wp\/v2\/posts"}],"about":[{"href":"https:\/\/www.campingverneda.com\/blog\/wp-json\/wp\/v2\/types\/post"}],"author":[{"embeddable":true,"href":"https:\/\/www.campingverneda.com\/blog\/wp-json\/wp\/v2\/users\/1"}],"replies":[{"embeddable":true,"href":"https:\/\/www.campingverneda.com\/blog\/wp-json\/wp\/v2\/comments?post=5660"}],"version-history":[{"count":2,"href":"https:\/\/www.campingverneda.com\/blog\/wp-json\/wp\/v2\/posts\/5660\/revisions"}],"predecessor-version":[{"id":5667,"href":"https:\/\/www.campingverneda.com\/blog\/wp-json\/wp\/v2\/posts\/5660\/revisions\/5667"}],"wp:featuredmedia":[{"embeddable":true,"href":"https:\/\/www.campingverneda.com\/blog\/wp-json\/wp\/v2\/media\/5663"}],"wp:attachment":[{"href":"https:\/\/www.campingverneda.com\/blog\/wp-json\/wp\/v2\/media?parent=5660"}],"wp:term":[{"taxonomy":"category","embeddable":true,"href":"https:\/\/www.campingverneda.com\/blog\/wp-json\/wp\/v2\/categories?post=5660"},{"taxonomy":"post_tag","embeddable":true,"href":"https:\/\/www.campingverneda.com\/blog\/wp-json\/wp\/v2\/tags?post=5660"}],"curies":[{"name":"wp","href":"https:\/\/api.w.org\/{rel}","templated":true}]}}