{"id":5650,"date":"2026-02-10T17:24:04","date_gmt":"2026-02-10T17:24:04","guid":{"rendered":"http:\/\/www.campingverneda.com\/blog\/?p=5650"},"modified":"2026-02-10T17:24:06","modified_gmt":"2026-02-10T17:24:06","slug":"tendencias-turismo-outdoor-invierno-en-la-montana","status":"publish","type":"post","link":"https:\/\/www.campingverneda.com\/blog\/2026\/02\/10\/tendencias-turismo-outdoor-invierno-en-la-montana\/","title":{"rendered":"Tendencias del turismo outdoor 2026: invierno en la monta\u00f1a"},"content":{"rendered":"<p class=\"p2\"><span class=\"s1\">El <b>turismo outdoor<\/b> vive un momento de auge en 2026 y el <a href=\"https:\/\/www.visitvaldaran.com\/wp-content\/uploads\/2020\/11\/FOLLETO-10-PLANES-NOV-20-DEFINITIVO.pdf\" target=\"_blank\" rel=\"noopener\"><span class=\"s2\"><b>invierno en la monta\u00f1a<\/b><\/span><\/a> se ha consolidado como uno de los destinos favoritos de los viajeros que buscan <b>experiencias reales, naturaleza y bienestar<\/b>. <\/span><\/p>\n<p class=\"p2\"><span class=\"s1\">Este a\u00f1o, m\u00e1s que nunca, la forma de viajar est\u00e1 impulsada por la b\u00fasqueda de <b>aventura activa, salud, sostenibilidad y conexiones profundas con el entorno<\/b>. En <a href=\"https:\/\/www.campingverneda.com\/\" target=\"_blank\" rel=\"noopener\"><span class=\"s2\"><b>Verneda Camping Mountain Resort,<\/b><\/span><\/a> en plena <b>Val d<\/b><\/span><span class=\"s3\">\u2019<\/span><span class=\"s1\"><b>Aran<\/b>, estas tendencias no solo se viven\u2026 \u00a1se respiran!<\/span><\/p>\n<p><!--more--><\/p>\n<p><a href=\"http:\/\/www.campingverneda.com\/blog\/2026\/02\/10\/tendencias-turismo-outdoor-invierno-en-la-montana\/camping-verneda-tendencias-turismo\/\" rel=\"attachment wp-att-5651\"><img decoding=\"async\" loading=\"lazy\" class=\"alignnone size-full wp-image-5651\" src=\"http:\/\/www.campingverneda.com\/blog\/wp-content\/uploads\/2026\/02\/camping-verneda-tendencias-turismo.png\" alt=\"\" width=\"960\" height=\"400\" srcset=\"https:\/\/www.campingverneda.com\/blog\/wp-content\/uploads\/2026\/02\/camping-verneda-tendencias-turismo-200x83.png 200w, https:\/\/www.campingverneda.com\/blog\/wp-content\/uploads\/2026\/02\/camping-verneda-tendencias-turismo-300x125.png 300w, https:\/\/www.campingverneda.com\/blog\/wp-content\/uploads\/2026\/02\/camping-verneda-tendencias-turismo-400x167.png 400w, https:\/\/www.campingverneda.com\/blog\/wp-content\/uploads\/2026\/02\/camping-verneda-tendencias-turismo-600x250.png 600w, https:\/\/www.campingverneda.com\/blog\/wp-content\/uploads\/2026\/02\/camping-verneda-tendencias-turismo-768x320.png 768w, https:\/\/www.campingverneda.com\/blog\/wp-content\/uploads\/2026\/02\/camping-verneda-tendencias-turismo-800x333.png 800w, https:\/\/www.campingverneda.com\/blog\/wp-content\/uploads\/2026\/02\/camping-verneda-tendencias-turismo.png 960w\" sizes=\"(max-width: 960px) 100vw, 960px\" \/><\/a><\/p>\n<h3 class=\"p3\"><span class=\"s1\"><b>Turismo activo y saludable: la nueva motivaci\u00f3n para viajar<\/b><\/span><\/h3>\n<p class=\"p2\"><span class=\"s1\">Los viajeros actuales priorizan el movimiento, la vida al aire libre y el equilibrio entre <b>actividad f\u00edsica y descanso<\/b>. En 2026, actividades como las caminatas invernales, el senderismo con <a href=\"https:\/\/www.visitvaldaran.com\/wp-content\/uploads\/2020\/11\/FOLLETO-RAQUETAS-NOV-20-CATALAN-CASTELLANO.pdf\" target=\"_blank\" rel=\"noopener\"><span class=\"s2\"><b>raquetas<\/b><\/span><\/a> y las rutas outdoor han ganado protagonismo. Ayudan a mejorar el estado f\u00edsico y mental al mismo tiempo. El contacto con la monta\u00f1a y los espacios naturales reduce el estr\u00e9s, mejora la oxigenaci\u00f3n y crea recuerdos memorables m\u00e1s all\u00e1 de una simple foto perfecta. <\/span><\/p>\n<p class=\"p2\"><span class=\"s1\">Este enfoque coincide con nuestra filosof\u00eda en Camping Verneda: <b>vida activa, vida sana y vida al aire libre<\/b>. Aqu\u00ed puedes comenzar la ma\u00f1ana con una caminata entre pinos, disfrutar de la nieve bajo tus pies y terminar el d\u00eda relaj\u00e1ndote observando las monta\u00f1as. <\/span><\/p>\n<h3 class=\"p3\"><span class=\"s1\"><b>Sostenibilidad: una prioridad creciente del viajero<\/b><\/span><\/h3>\n<p class=\"p2\"><span class=\"s1\">La sostenibilidad dej\u00f3 de ser una moda para convertirse en un <b>criterio decisivo a la hora de elegir destino<\/b>. En 2026, los viajeros eligen experiencias que respeten el entorno y favorezcan econom\u00edas locales. Esto se traduce en mayor inter\u00e9s por servicios eco-responsables, actividades de bajo impacto y alojamientos que promueven la conservaci\u00f3n del ambiente.<\/span><\/p>\n<p><a href=\"http:\/\/www.campingverneda.com\/blog\/2026\/02\/10\/tendencias-turismo-outdoor-invierno-en-la-montana\/camping-verneda-tendencias-turismo-2\/\" rel=\"attachment wp-att-5653\"><img decoding=\"async\" loading=\"lazy\" class=\"alignnone size-full wp-image-5653\" src=\"http:\/\/www.campingverneda.com\/blog\/wp-content\/uploads\/2026\/02\/camping-verneda-tendencias-turismo-2.png\" alt=\"\" width=\"960\" height=\"400\" srcset=\"https:\/\/www.campingverneda.com\/blog\/wp-content\/uploads\/2026\/02\/camping-verneda-tendencias-turismo-2-200x83.png 200w, https:\/\/www.campingverneda.com\/blog\/wp-content\/uploads\/2026\/02\/camping-verneda-tendencias-turismo-2-300x125.png 300w, https:\/\/www.campingverneda.com\/blog\/wp-content\/uploads\/2026\/02\/camping-verneda-tendencias-turismo-2-400x167.png 400w, https:\/\/www.campingverneda.com\/blog\/wp-content\/uploads\/2026\/02\/camping-verneda-tendencias-turismo-2-600x250.png 600w, https:\/\/www.campingverneda.com\/blog\/wp-content\/uploads\/2026\/02\/camping-verneda-tendencias-turismo-2-768x320.png 768w, https:\/\/www.campingverneda.com\/blog\/wp-content\/uploads\/2026\/02\/camping-verneda-tendencias-turismo-2-800x333.png 800w, https:\/\/www.campingverneda.com\/blog\/wp-content\/uploads\/2026\/02\/camping-verneda-tendencias-turismo-2.png 960w\" sizes=\"(max-width: 960px) 100vw, 960px\" \/><\/a><\/p>\n<p><span class=\"s1\">En Verneda Camping Mountain Resort, la <a href=\"https:\/\/www.campingverneda.com\/ecofriendly\" target=\"_blank\" rel=\"noopener\"><span class=\"s2\"><b>sostenibilidad<\/b><\/span><\/a> est\u00e1 en cada detalle: desde el uso responsable de recursos hasta la integraci\u00f3n de los espacios con el paisaje natural. Creemos que <b>vacacionar cerca de la naturaleza tambi\u00e9n es cuidarla<\/b>, y trabajamos cada d\u00eda para que tu estancia refleje ese compromiso.<\/span><\/p>\n<h3 class=\"p3\"><span class=\"s1\"><b>Bungalows y alojamientos \u00fanicos: descanso con sentido<\/b><\/span><\/h3>\n<p class=\"p2\"><span class=\"s1\">Una de las grandes tendencias de 2026 es la preferencia por alojamientos \u00fanicos y memorables que formen parte de la experiencia outdoor. Dormir en un <a href=\"https:\/\/www.campingverneda.com\/bungalows\" target=\"_blank\" rel=\"noopener\"><span class=\"s2\"><b>bungalow<\/b><\/span><\/a> acogedor, con madera natural, chimenea y vistas a la monta\u00f1a, no es solo comodidad: es parte de la escapada completa. <\/span><\/p>\n<p class=\"p2\"><span class=\"s1\">Los viajeros quieren lugares donde <a href=\"https:\/\/www.campingverneda.com\/cabana\" target=\"_blank\" rel=\"noopener\"><span class=\"s2\"><b>despertar y sentir que est\u00e1n inmersos en el entorno,<\/b><\/span><\/a> sin barreras entre su descanso y la naturaleza. En Camping Verneda, cada alojamiento est\u00e1 pensado para que vivas el invierno desde dentro: sintiendo la nieve bajo los pies, viendo el cielo estrellado desde tu terraza y respirando aire puro cada ma\u00f1ana.<\/span><\/p>\n<p><a href=\"http:\/\/www.campingverneda.com\/blog\/2026\/02\/10\/tendencias-turismo-outdoor-invierno-en-la-montana\/camping-verneda-tendencias-turismo-1\/\" rel=\"attachment wp-att-5652\"><img decoding=\"async\" loading=\"lazy\" class=\"alignnone size-full wp-image-5652\" src=\"http:\/\/www.campingverneda.com\/blog\/wp-content\/uploads\/2026\/02\/camping-verneda-tendencias-turismo-1.png\" alt=\"\" width=\"960\" height=\"400\" srcset=\"https:\/\/www.campingverneda.com\/blog\/wp-content\/uploads\/2026\/02\/camping-verneda-tendencias-turismo-1-200x83.png 200w, https:\/\/www.campingverneda.com\/blog\/wp-content\/uploads\/2026\/02\/camping-verneda-tendencias-turismo-1-300x125.png 300w, https:\/\/www.campingverneda.com\/blog\/wp-content\/uploads\/2026\/02\/camping-verneda-tendencias-turismo-1-400x167.png 400w, https:\/\/www.campingverneda.com\/blog\/wp-content\/uploads\/2026\/02\/camping-verneda-tendencias-turismo-1-600x250.png 600w, https:\/\/www.campingverneda.com\/blog\/wp-content\/uploads\/2026\/02\/camping-verneda-tendencias-turismo-1-768x320.png 768w, https:\/\/www.campingverneda.com\/blog\/wp-content\/uploads\/2026\/02\/camping-verneda-tendencias-turismo-1-800x333.png 800w, https:\/\/www.campingverneda.com\/blog\/wp-content\/uploads\/2026\/02\/camping-verneda-tendencias-turismo-1.png 960w\" sizes=\"(max-width: 960px) 100vw, 960px\" \/><\/a><\/p>\n<h3 class=\"p3\"><span class=\"s1\"><b>Datos de comportamiento de viajeros en 2026<\/b><\/span><\/h3>\n<p class=\"p2\"><span class=\"s1\">La tendencia hacia destinos de monta\u00f1a est\u00e1 respaldada por datos recientes: alrededor del <b>79 % de los viajeros planea escapadas a zonas naturales y de monta\u00f1a<\/b> en 2026, motivados por el deseo de aire puro, tranquilidad y paisajes espectaculares. <\/span><\/p>\n<p class=\"p2\"><span class=\"s1\">Adem\u00e1s, el <b>slow travel<\/b> \u2014viajar sin prisas, quedarse m\u00e1s d\u00edas y explorar m\u00e1s a fondo\u2014 est\u00e1 ganando terreno frente a los viajes r\u00e1pidos y masificados. Esto encaja con la filosof\u00eda de Camping Verneda: <b>disfrutar de cada momento y construir experiencias que queden para siempre<\/b>. <\/span><\/p>\n","protected":false},"excerpt":{"rendered":"<p>El turismo outdoor vive un momento de auge en 2026 y el invierno en la monta\u00f1a se ha consolidado como uno de los destinos favoritos [&hellip;]<\/p>\n","protected":false},"author":1,"featured_media":5654,"comment_status":"open","ping_status":"open","sticky":false,"template":"","format":"standard","meta":[],"categories":[1452,73],"tags":[2257,2256,2259,1027,1982,2297,2303,2300,2260,2302,2298,2299,2301,2304,2258,818,16],"_links":{"self":[{"href":"https:\/\/www.campingverneda.com\/blog\/wp-json\/wp\/v2\/posts\/5650"}],"collection":[{"href":"https:\/\/www.campingverneda.com\/blog\/wp-json\/wp\/v2\/posts"}],"about":[{"href":"https:\/\/www.campingverneda.com\/blog\/wp-json\/wp\/v2\/types\/post"}],"author":[{"embeddable":true,"href":"https:\/\/www.campingverneda.com\/blog\/wp-json\/wp\/v2\/users\/1"}],"replies":[{"embeddable":true,"href":"https:\/\/www.campingverneda.com\/blog\/wp-json\/wp\/v2\/comments?post=5650"}],"version-history":[{"count":2,"href":"https:\/\/www.campingverneda.com\/blog\/wp-json\/wp\/v2\/posts\/5650\/revisions"}],"predecessor-version":[{"id":5656,"href":"https:\/\/www.campingverneda.com\/blog\/wp-json\/wp\/v2\/posts\/5650\/revisions\/5656"}],"wp:featuredmedia":[{"embeddable":true,"href":"https:\/\/www.campingverneda.com\/blog\/wp-json\/wp\/v2\/media\/5654"}],"wp:attachment":[{"href":"https:\/\/www.campingverneda.com\/blog\/wp-json\/wp\/v2\/media?parent=5650"}],"wp:term":[{"taxonomy":"category","embeddable":true,"href":"https:\/\/www.campingverneda.com\/blog\/wp-json\/wp\/v2\/categories?post=5650"},{"taxonomy":"post_tag","embeddable":true,"href":"https:\/\/www.campingverneda.com\/blog\/wp-json\/wp\/v2\/tags?post=5650"}],"curies":[{"name":"wp","href":"https:\/\/api.w.org\/{rel}","templated":true}]}}