{"id":5647,"date":"2026-02-04T11:34:20","date_gmt":"2026-02-04T11:34:20","guid":{"rendered":"https:\/\/www.campingverneda.com\/blog\/?p=5647"},"modified":"2026-02-04T11:34:20","modified_gmt":"2026-02-04T11:34:20","slug":"reserva-tu-verano-ahora","status":"publish","type":"post","link":"https:\/\/www.campingverneda.com\/blog\/2026\/02\/04\/reserva-tu-verano-ahora\/","title":{"rendered":"\u00a1Reserva tu verano ahora!"},"content":{"rendered":"<p>Planificar las vacaciones con antelaci\u00f3n ya no es solo cosa de los m\u00e1s organizados: es una<strong> aut\u00e9ntica ventaja<\/strong> para quienes quieren asegurar disponibilidad, tranquilidad y, adem\u00e1s, beneficiarse de condiciones especiales. En el <strong>Camping Verneda<\/strong>, sabemos que cada vez m\u00e1s viajeros apuestan por anticiparse para disfrutar del verano en plena naturaleza, y por eso reservar con tiempo se ha convertido en la clave para vivir unas vacaciones perfectas en el <strong>coraz\u00f3n de los Pirineos<\/strong>.<\/p>\n<p><a href=\"https:\/\/www.campingverneda.com\/blog\/2025\/07\/15\/39-anos-de-aventuras-en-verneda-camping-mountain-resort\/verneda-camping-acampada-13\/\" rel=\"attachment wp-att-5390\"><img decoding=\"async\" loading=\"lazy\" class=\"alignnone size-full wp-image-5390\" src=\"http:\/\/www.campingverneda.com\/blog\/wp-content\/uploads\/2025\/07\/verneda-camping-acampada.png\" alt=\"\" width=\"960\" height=\"400\" srcset=\"https:\/\/www.campingverneda.com\/blog\/wp-content\/uploads\/2025\/07\/verneda-camping-acampada-200x83.png 200w, https:\/\/www.campingverneda.com\/blog\/wp-content\/uploads\/2025\/07\/verneda-camping-acampada-300x125.png 300w, https:\/\/www.campingverneda.com\/blog\/wp-content\/uploads\/2025\/07\/verneda-camping-acampada-400x167.png 400w, https:\/\/www.campingverneda.com\/blog\/wp-content\/uploads\/2025\/07\/verneda-camping-acampada-600x250.png 600w, https:\/\/www.campingverneda.com\/blog\/wp-content\/uploads\/2025\/07\/verneda-camping-acampada-768x320.png 768w, https:\/\/www.campingverneda.com\/blog\/wp-content\/uploads\/2025\/07\/verneda-camping-acampada-800x333.png 800w, https:\/\/www.campingverneda.com\/blog\/wp-content\/uploads\/2025\/07\/verneda-camping-acampada.png 960w\" sizes=\"(max-width: 960px) 100vw, 960px\" \/><\/a><\/p>\n<h3><strong>\u00bfPor qu\u00e9 reservar el verano con antelaci\u00f3n?<\/strong><\/h3>\n<p>Anticiparse a la reserva no solo significa asegurarse plaza. Tambi\u00e9n es sin\u00f3nimo de comodidad y previsi\u00f3n. Al realizar tu <strong>reserva online<\/strong> con tiempo, puedes escoger fechas, tipo de alojamiento y ubicaci\u00f3n dentro del camping sin prisas ni sorpresas de \u00faltima hora. En un <strong>camping monta\u00f1a<\/strong> como el nuestro, donde la demanda en temporada alta es elevada, esta ventaja marca la diferencia.<\/p>\n<p>Adem\u00e1s, planificar con antelaci\u00f3n permite organizar mejor las vacaciones familiares, las escapadas en pareja o las estancias m\u00e1s largas para quienes desean vivir el verano con calma en un camping en el coraz\u00f3n de los Pirineos, rodeados de naturaleza, rutas de senderismo y actividades al aire libre.<\/p>\n<h3><strong>Bungalows de madera y parcelas: opciones para todos los gustos<\/strong><\/h3>\n<p>En el Camping Verneda ofrecemos <a href=\"https:\/\/www.campingverneda.com\/bungalows\" target=\"_blank\" rel=\"noopener\">diferentes tipos de alojamientos<\/a> pensados para adaptarse a cada viajero. Nuestros <strong>bungalows de madera<\/strong> combinan el encanto del entorno natural con el confort necesario para unas vacaciones completas. Son ideales para quienes buscan comodidad sin renunciar al esp\u00edritu del camping, con espacios acogedores y bien equipados.<\/p>\n<p>Para los amantes del camping m\u00e1s tradicional, <a href=\"https:\/\/www.campingverneda.com\/camping\" target=\"_blank\" rel=\"noopener\">nuestras parcelas<\/a> amplias y cuidadas permiten disfrutar de la experiencia al aire libre con tienda, caravana o autocaravana, siempre en un entorno tranquilo y natural. Reservar con antelaci\u00f3n garantiza poder elegir la opci\u00f3n que mejor encaje con tu forma de viajar.<\/p>\n<p><a href=\"https:\/\/www.campingverneda.com\/blog\/2025\/07\/15\/39-anos-de-aventuras-en-verneda-camping-mountain-resort\/verneda-camping-bungalows-2-12\/\" rel=\"attachment wp-att-5389\"><img decoding=\"async\" loading=\"lazy\" class=\"alignnone size-full wp-image-5389\" src=\"http:\/\/www.campingverneda.com\/blog\/wp-content\/uploads\/2025\/07\/verneda-camping-bungalows-2.png\" alt=\"\" width=\"960\" height=\"400\" srcset=\"https:\/\/www.campingverneda.com\/blog\/wp-content\/uploads\/2025\/07\/verneda-camping-bungalows-2-200x83.png 200w, https:\/\/www.campingverneda.com\/blog\/wp-content\/uploads\/2025\/07\/verneda-camping-bungalows-2-300x125.png 300w, https:\/\/www.campingverneda.com\/blog\/wp-content\/uploads\/2025\/07\/verneda-camping-bungalows-2-400x167.png 400w, https:\/\/www.campingverneda.com\/blog\/wp-content\/uploads\/2025\/07\/verneda-camping-bungalows-2-600x250.png 600w, https:\/\/www.campingverneda.com\/blog\/wp-content\/uploads\/2025\/07\/verneda-camping-bungalows-2-768x320.png 768w, https:\/\/www.campingverneda.com\/blog\/wp-content\/uploads\/2025\/07\/verneda-camping-bungalows-2-800x333.png 800w, https:\/\/www.campingverneda.com\/blog\/wp-content\/uploads\/2025\/07\/verneda-camping-bungalows-2.png 960w\" sizes=\"(max-width: 960px) 100vw, 960px\" \/><\/a><\/p>\n<h3><strong>Promociones exclusivas para los m\u00e1s previsores<\/strong><\/h3>\n<p>Pensando especialmente en quienes saben que planificar tiene recompensa, en el Camping Verneda hemos preparado <strong>promociones exclusivas en temporada media y baja<\/strong>. Los clientes que reserven con antelaci\u00f3n pueden beneficiarse de descuentos de hasta el 10% en temporada media y de un 15% en temporada baja, tanto en bungalows de madera como en parcelas.<br \/>\nEstas condiciones especiales est\u00e1n pensadas para premiar la previsi\u00f3n y facilitar que m\u00e1s personas puedan disfrutar de un camping monta\u00f1a en una de las zonas m\u00e1s bonitas de los Pirineos, con todas las comodidades y servicios que ofrece nuestro camping.<\/p>\n<h3><strong>Verano en el camping Verneda: naturaleza, calma y experiencias<\/strong><\/h3>\n<p>Elegir el Camping Verneda es apostar por unas vacaciones aut\u00e9nticas. Desde aqu\u00ed podr\u00e1s descubrir la Val d\u2019Aran, sus pueblos, su gastronom\u00eda y su entorno natural privilegiado. El verano invita a caminar, pedalear, descansar y compartir momentos inolvidables en familia o con amigos.<\/p>\n<p>Si ya tienes claro que este verano quieres disfrutar de Verneda Camping Mountain Resort, no lo dejes para el \u00faltimo momento.<strong> Anticiparte a reservar es la mejor forma de asegurar tu estancia<\/strong>, aprovechar promociones exclusivas y empezar a disfrutar del viaje desde el primer clic.<\/p>\n<p>Haz tu <a href=\"https:\/\/thelisresa.webcamp.fr\/?camping=verneda&amp;lang=es&amp;PHPSESSID=m3krqtilffob44v4iuqddgfs8b\" target=\"_blank\" rel=\"noopener\">reserva online<\/a> y empieza hoy mismo a planificar unas vacaciones de verano donde la naturaleza y el descanso van de la mano.<\/p>\n","protected":false},"excerpt":{"rendered":"<p>Planificar las vacaciones con antelaci\u00f3n ya no es solo cosa de los m\u00e1s organizados: es una aut\u00e9ntica ventaja para quienes quieren asegurar disponibilidad, tranquilidad y, [&hellip;]<\/p>\n","protected":false},"author":1,"featured_media":5308,"comment_status":"open","ping_status":"open","sticky":false,"template":"","format":"standard","meta":[],"categories":[1,795],"tags":[17,1266,997,1192,47,914,495,2295,14,13,2296,1020],"_links":{"self":[{"href":"https:\/\/www.campingverneda.com\/blog\/wp-json\/wp\/v2\/posts\/5647"}],"collection":[{"href":"https:\/\/www.campingverneda.com\/blog\/wp-json\/wp\/v2\/posts"}],"about":[{"href":"https:\/\/www.campingverneda.com\/blog\/wp-json\/wp\/v2\/types\/post"}],"author":[{"embeddable":true,"href":"https:\/\/www.campingverneda.com\/blog\/wp-json\/wp\/v2\/users\/1"}],"replies":[{"embeddable":true,"href":"https:\/\/www.campingverneda.com\/blog\/wp-json\/wp\/v2\/comments?post=5647"}],"version-history":[{"count":1,"href":"https:\/\/www.campingverneda.com\/blog\/wp-json\/wp\/v2\/posts\/5647\/revisions"}],"predecessor-version":[{"id":5648,"href":"https:\/\/www.campingverneda.com\/blog\/wp-json\/wp\/v2\/posts\/5647\/revisions\/5648"}],"wp:featuredmedia":[{"embeddable":true,"href":"https:\/\/www.campingverneda.com\/blog\/wp-json\/wp\/v2\/media\/5308"}],"wp:attachment":[{"href":"https:\/\/www.campingverneda.com\/blog\/wp-json\/wp\/v2\/media?parent=5647"}],"wp:term":[{"taxonomy":"category","embeddable":true,"href":"https:\/\/www.campingverneda.com\/blog\/wp-json\/wp\/v2\/categories?post=5647"},{"taxonomy":"post_tag","embeddable":true,"href":"https:\/\/www.campingverneda.com\/blog\/wp-json\/wp\/v2\/tags?post=5647"}],"curies":[{"name":"wp","href":"https:\/\/api.w.org\/{rel}","templated":true}]}}