{"id":5639,"date":"2026-02-03T16:29:39","date_gmt":"2026-02-03T16:29:39","guid":{"rendered":"http:\/\/www.campingverneda.com\/blog\/?p=5639"},"modified":"2026-03-04T11:39:02","modified_gmt":"2026-03-04T11:39:02","slug":"san-valentin-vida-verneda","status":"publish","type":"post","link":"https:\/\/www.campingverneda.com\/blog\/2026\/02\/03\/san-valentin-vida-verneda\/","title":{"rendered":"San Valent\u00edn en Verneda: escapada rom\u00e1ntica en la monta\u00f1a"},"content":{"rendered":"<p class=\"p2\"><span class=\"s1\">Febrero llega con amor en el aire y en <a href=\"https:\/\/www.campingverneda.com\/\" target=\"_blank\" rel=\"noopener\"><span class=\"s2\"><b>Verneda Camping Mountain Resort <\/b><\/span><\/a>lo celebramos a lo grande con un <b>San Valent\u00edn \u00fanico<\/b>. Si est\u00e1s buscando una <b>escapada rom\u00e1ntica<\/b> que combine naturaleza, tranquilidad, aventura y momentos especiales, \u00a1aqu\u00ed empieza tu mejor plan del a\u00f1o! <\/span><\/p>\n<p class=\"p2\"><span class=\"s1\">San Valent\u00edn es la excusa perfecta para <b>escapar de la rutina<\/b> y vivir una experiencia diferente junto a tu persona favorita. Mientras muchos optan por cenas tradicionales o regalos t\u00edpicos, nosotros te proponemos algo m\u00e1s genuino: <b>celebrar el amor en plena monta\u00f1a<\/b>, rodeados de paisajes nevados, aire puro y momentos que no se olvidan.<\/span><\/p>\n<p><a href=\"http:\/\/www.campingverneda.com\/blog\/2026\/02\/03\/san-valentin-vida-verneda\/camping-verneda-san-valentin-2\/\" rel=\"attachment wp-att-5641\"><img decoding=\"async\" loading=\"lazy\" class=\"alignnone size-full wp-image-5641\" src=\"http:\/\/www.campingverneda.com\/blog\/wp-content\/uploads\/2026\/02\/camping-verneda-san-valentin-2.png\" alt=\"\" width=\"960\" height=\"400\" srcset=\"https:\/\/www.campingverneda.com\/blog\/wp-content\/uploads\/2026\/02\/camping-verneda-san-valentin-2-200x83.png 200w, https:\/\/www.campingverneda.com\/blog\/wp-content\/uploads\/2026\/02\/camping-verneda-san-valentin-2-300x125.png 300w, https:\/\/www.campingverneda.com\/blog\/wp-content\/uploads\/2026\/02\/camping-verneda-san-valentin-2-400x167.png 400w, https:\/\/www.campingverneda.com\/blog\/wp-content\/uploads\/2026\/02\/camping-verneda-san-valentin-2-600x250.png 600w, https:\/\/www.campingverneda.com\/blog\/wp-content\/uploads\/2026\/02\/camping-verneda-san-valentin-2-768x320.png 768w, https:\/\/www.campingverneda.com\/blog\/wp-content\/uploads\/2026\/02\/camping-verneda-san-valentin-2-800x333.png 800w, https:\/\/www.campingverneda.com\/blog\/wp-content\/uploads\/2026\/02\/camping-verneda-san-valentin-2.png 960w\" sizes=\"(max-width: 960px) 100vw, 960px\" \/><\/a><\/p>\n<h3 class=\"p3\"><span class=\"s1\"><b>Naturaleza y momentos rom\u00e1nticos<\/b><\/span><\/h3>\n<p class=\"p2\"><span class=\"s1\">Imagina despertarte con <b>vistas panor\u00e1micas al Pirineo aran\u00e9s<\/b>, respirar aire fresco y empezar el d\u00eda con un <b>desayuno <\/b>preparado con cari\u00f1o en tu .<\/span><\/p>\n<p class=\"p2\"><span class=\"s1\">Despu\u00e9s, \u00bfpor qu\u00e9 no dar un paseo juntos por senderos cubiertos de nieve, hacer una <a href=\"https:\/\/www.visitvaldaran.com\/wp-content\/uploads\/2020\/11\/FOLLETO-RAQUETAS-NOV-20-CATALAN-CASTELLANO.pdf\" target=\"_blank\" rel=\"noopener\"><span class=\"s2\"><b>ruta con raquetas<\/b><\/span><\/a> contemplando la belleza del paisaje o simplemente caminar de la mano bajo un cielo azul? Las escapadas rom\u00e1nticas en la monta\u00f1a permiten reconectar con la pareja de una forma aut\u00e9ntica y memorable. <\/span><\/p>\n<h3 class=\"p3\"><span class=\"s1\"><b>Planes rom\u00e1nticos para el 14 de febrero<\/b><\/span><\/h3>\n<p class=\"p2\"><span class=\"s1\">En Verneda tenemos un entorno espectacular donde crear <b>tu propia experiencia especial de San Valent\u00edn<\/b>. Puedes preparar una <b>cena \u00edntima en tu alojamiento<\/b>, con <a href=\"https:\/\/www.pirineugourmet.com\/tienda\/valle-de-aran\/comida\/\" target=\"_blank\" rel=\"noopener\"><span class=\"s2\"><b>productos locales<\/b><\/span><\/a>, <a href=\"https:\/\/www.pirineugourmet.com\/tienda\/vinos\/\"><span class=\"s2\"><b>vinos<\/b><\/span><\/a> de Km0 y velas para un toque m\u00e1gico\u2026 o aprovechar la gastronom\u00eda cercana en restaurantes con encanto del Valle para completar tu plan.<\/span><\/p>\n<p><a href=\"http:\/\/www.campingverneda.com\/blog\/2026\/02\/03\/san-valentin-vida-verneda\/camping-verneda-san-valentin-1\/\" rel=\"attachment wp-att-5642\"><img decoding=\"async\" loading=\"lazy\" class=\"alignnone size-full wp-image-5642\" src=\"http:\/\/www.campingverneda.com\/blog\/wp-content\/uploads\/2026\/02\/camping-verneda-san-valentin-1.png\" alt=\"\" width=\"960\" height=\"400\" srcset=\"https:\/\/www.campingverneda.com\/blog\/wp-content\/uploads\/2026\/02\/camping-verneda-san-valentin-1-200x83.png 200w, https:\/\/www.campingverneda.com\/blog\/wp-content\/uploads\/2026\/02\/camping-verneda-san-valentin-1-300x125.png 300w, https:\/\/www.campingverneda.com\/blog\/wp-content\/uploads\/2026\/02\/camping-verneda-san-valentin-1-400x167.png 400w, https:\/\/www.campingverneda.com\/blog\/wp-content\/uploads\/2026\/02\/camping-verneda-san-valentin-1-600x250.png 600w, https:\/\/www.campingverneda.com\/blog\/wp-content\/uploads\/2026\/02\/camping-verneda-san-valentin-1-768x320.png 768w, https:\/\/www.campingverneda.com\/blog\/wp-content\/uploads\/2026\/02\/camping-verneda-san-valentin-1-800x333.png 800w, https:\/\/www.campingverneda.com\/blog\/wp-content\/uploads\/2026\/02\/camping-verneda-san-valentin-1.png 960w\" sizes=\"(max-width: 960px) 100vw, 960px\" \/><\/a><\/p>\n<h3 class=\"p3\"><span class=\"s1\"><b>Ambiente acogedor y detalles que enamoran<\/b><\/span><\/h3>\n<p class=\"p2\"><span class=\"s1\">La #VIDAVerneda tambi\u00e9n es compartir momentos c\u00e1lidos. Despu\u00e9s de un d\u00eda explorando, nada como <b>acurrucarse junto a la estufa de pellet<\/b> en tu bungalow, charlar, tomar un buen vino o incluso preparar una sorpresa especial para tu pareja: una playlist con canciones significativas, una carta escrita a mano o una sesi\u00f3n de pel\u00edculas rom\u00e1nticas junto a la chimenea.<\/span><\/p>\n<p class=\"p2\"><span class=\"s1\">Tambi\u00e9n puedes aprovechar para desconectar totalmente: sin prisas, sin pantallas, solo t\u00fa, tu pareja y las sonrisas que trae consigo estar juntos. San Valent\u00edn es un momento para celebrar sentimientos, complicidad y aventuras compartidas \u2014y aqu\u00ed en Verneda todo eso se siente amplificado por la naturaleza que nos rodea.<\/span><\/p>\n<p><a href=\"http:\/\/www.campingverneda.com\/blog\/2026\/02\/03\/san-valentin-vida-verneda\/camping-verneda-san-valentin-3\/\" rel=\"attachment wp-att-5643\"><img decoding=\"async\" loading=\"lazy\" class=\"alignnone size-full wp-image-5643\" src=\"http:\/\/www.campingverneda.com\/blog\/wp-content\/uploads\/2026\/02\/camping-verneda-san-valentin-3.png\" alt=\"\" width=\"960\" height=\"400\" srcset=\"https:\/\/www.campingverneda.com\/blog\/wp-content\/uploads\/2026\/02\/camping-verneda-san-valentin-3-200x83.png 200w, https:\/\/www.campingverneda.com\/blog\/wp-content\/uploads\/2026\/02\/camping-verneda-san-valentin-3-300x125.png 300w, https:\/\/www.campingverneda.com\/blog\/wp-content\/uploads\/2026\/02\/camping-verneda-san-valentin-3-400x167.png 400w, https:\/\/www.campingverneda.com\/blog\/wp-content\/uploads\/2026\/02\/camping-verneda-san-valentin-3-600x250.png 600w, https:\/\/www.campingverneda.com\/blog\/wp-content\/uploads\/2026\/02\/camping-verneda-san-valentin-3-768x320.png 768w, https:\/\/www.campingverneda.com\/blog\/wp-content\/uploads\/2026\/02\/camping-verneda-san-valentin-3-800x333.png 800w, https:\/\/www.campingverneda.com\/blog\/wp-content\/uploads\/2026\/02\/camping-verneda-san-valentin-3.png 960w\" sizes=\"(max-width: 960px) 100vw, 960px\" \/><\/a><\/p>\n<h3 class=\"p3\"><span class=\"s1\"><b>Amor en la monta\u00f1a<\/b><\/span><\/h3>\n<p class=\"p2\"><span class=\"s1\">Este <b>San Valent\u00edn a lo #VIDAVerneda<\/b> convierte una simple escapada en una <a href=\"https:\/\/www.visitvaldaran.com\/wp-content\/uploads\/2020\/11\/FOLLETO-10-PLANES-NOV-20-DEFINITIVO.pdf\" target=\"_blank\" rel=\"noopener\"><span class=\"s2\"><b>aventura rom\u00e1ntica inolvidable<\/b><\/span><\/a>. Porque el amor no se mide en flores o chocolates, sino en experiencias vividas juntos: en compartir paisajes, risas, silencios hermosos y cada atardecer entre monta\u00f1as.<\/span><\/p>\n<p class=\"p2\"><span class=\"s1\">Ven a Verneda Camping Mountain Resort este febrero y deja que la naturaleza sea testigo de vuestro amor. <\/span><\/p>\n","protected":false},"excerpt":{"rendered":"<p>Febrero llega con amor en el aire y en Verneda Camping Mountain Resort lo celebramos a lo grande con un San Valent\u00edn \u00fanico. Si est\u00e1s [&hellip;]<\/p>\n","protected":false},"author":1,"featured_media":5640,"comment_status":"open","ping_status":"open","sticky":false,"template":"","format":"standard","meta":[],"categories":[1452],"tags":[2257,1797,2290,2256,2259,1982,2262,2287,2286,2261,2288,2294,2292,2260,2291,2293,2285,2264,2289,2258,818,16],"_links":{"self":[{"href":"https:\/\/www.campingverneda.com\/blog\/wp-json\/wp\/v2\/posts\/5639"}],"collection":[{"href":"https:\/\/www.campingverneda.com\/blog\/wp-json\/wp\/v2\/posts"}],"about":[{"href":"https:\/\/www.campingverneda.com\/blog\/wp-json\/wp\/v2\/types\/post"}],"author":[{"embeddable":true,"href":"https:\/\/www.campingverneda.com\/blog\/wp-json\/wp\/v2\/users\/1"}],"replies":[{"embeddable":true,"href":"https:\/\/www.campingverneda.com\/blog\/wp-json\/wp\/v2\/comments?post=5639"}],"version-history":[{"count":2,"href":"https:\/\/www.campingverneda.com\/blog\/wp-json\/wp\/v2\/posts\/5639\/revisions"}],"predecessor-version":[{"id":5645,"href":"https:\/\/www.campingverneda.com\/blog\/wp-json\/wp\/v2\/posts\/5639\/revisions\/5645"}],"wp:featuredmedia":[{"embeddable":true,"href":"https:\/\/www.campingverneda.com\/blog\/wp-json\/wp\/v2\/media\/5640"}],"wp:attachment":[{"href":"https:\/\/www.campingverneda.com\/blog\/wp-json\/wp\/v2\/media?parent=5639"}],"wp:term":[{"taxonomy":"category","embeddable":true,"href":"https:\/\/www.campingverneda.com\/blog\/wp-json\/wp\/v2\/categories?post=5639"},{"taxonomy":"post_tag","embeddable":true,"href":"https:\/\/www.campingverneda.com\/blog\/wp-json\/wp\/v2\/tags?post=5639"}],"curies":[{"name":"wp","href":"https:\/\/api.w.org\/{rel}","templated":true}]}}