{"id":5631,"date":"2026-01-27T13:59:49","date_gmt":"2026-01-27T13:59:49","guid":{"rendered":"http:\/\/www.campingverneda.com\/blog\/?p=5631"},"modified":"2026-01-27T13:59:50","modified_gmt":"2026-01-27T13:59:50","slug":"marxa-beret-esqui-nordico-val-daran","status":"publish","type":"post","link":"https:\/\/www.campingverneda.com\/blog\/2026\/01\/27\/marxa-beret-esqui-nordico-val-daran\/","title":{"rendered":"Marxa Beret: \u00a1la fiesta del esqu\u00ed n\u00f3rdico que mueve a la Val d\u2019Aran!"},"content":{"rendered":"<p class=\"p2\"><span class=\"s1\">Febrero en la <b>Val d\u2019Aran<\/b> es sin\u00f3nimo de nieve, deporte y emoci\u00f3n. Y si hay un evento que marca el calendario invernal a\u00f1o tras a\u00f1o, ese es la <a href=\"https:\/\/www.marxaberet.com\/\" target=\"_blank\" rel=\"noopener\"><span class=\"s2\"><b>Marxa Beret,<\/b><\/span><\/a> la prueba de <b>esqu\u00ed n\u00f3rdico<\/b> m\u00e1s importante de Espa\u00f1a y una de las m\u00e1s reconocidas del sur de Europa.<\/span><\/p>\n<p class=\"p2\"><span class=\"s1\">Un acontecimiento que convierte el <b>Pla de Beret<\/b> en un aut\u00e9ntico punto de encuentro para amantes del esqu\u00ed de fondo, profesionales y aficionados\u2026 y que se vive intensamente desde <a href=\"https:\/\/www.campingverneda.com\/\" target=\"_blank\" rel=\"noopener\"><span class=\"s2\"><b>Verneda Camping Mountain Resort<\/b><\/span><\/a>.<\/span><\/p>\n<h3><a href=\"http:\/\/www.campingverneda.com\/blog\/2026\/01\/27\/marxa-beret-esqui-nordico-val-daran\/camping-verneda-marxa-beret-1\/\" rel=\"attachment wp-att-5633\"><img decoding=\"async\" loading=\"lazy\" class=\"alignnone size-full wp-image-5633\" src=\"http:\/\/www.campingverneda.com\/blog\/wp-content\/uploads\/2026\/01\/camping-verneda-marxa-beret-1.png\" alt=\"\" width=\"960\" height=\"400\" srcset=\"https:\/\/www.campingverneda.com\/blog\/wp-content\/uploads\/2026\/01\/camping-verneda-marxa-beret-1-200x83.png 200w, https:\/\/www.campingverneda.com\/blog\/wp-content\/uploads\/2026\/01\/camping-verneda-marxa-beret-1-300x125.png 300w, https:\/\/www.campingverneda.com\/blog\/wp-content\/uploads\/2026\/01\/camping-verneda-marxa-beret-1-400x167.png 400w, https:\/\/www.campingverneda.com\/blog\/wp-content\/uploads\/2026\/01\/camping-verneda-marxa-beret-1-600x250.png 600w, https:\/\/www.campingverneda.com\/blog\/wp-content\/uploads\/2026\/01\/camping-verneda-marxa-beret-1-768x320.png 768w, https:\/\/www.campingverneda.com\/blog\/wp-content\/uploads\/2026\/01\/camping-verneda-marxa-beret-1-800x333.png 800w, https:\/\/www.campingverneda.com\/blog\/wp-content\/uploads\/2026\/01\/camping-verneda-marxa-beret-1.png 960w\" sizes=\"(max-width: 960px) 100vw, 960px\" \/><\/a><\/h3>\n<h3 class=\"p3\"><span class=\"s1\"><b>\u00bfQu\u00e9 es la Marxa Beret?<\/b><\/span><\/h3>\n<p class=\"p2\"><span class=\"s1\">La <b>Marxa Beret<\/b> es una hist\u00f3rica carrera de <b>esqu\u00ed de fondo en t\u00e9cnica cl\u00e1sica<\/b> que re\u00fane cada invierno a cientos de participantes llegados de distintos pa\u00edses. Forma parte del circuito internacional <a href=\"https:\/\/skiclassics.com\/events\/challengers-series\/\" target=\"_blank\" rel=\"noopener\"><span class=\"s2\"><b>Ski Classics Challengers<\/b><\/span><\/a>, lo que la sit\u00faa al mismo nivel que algunas de las pruebas populares m\u00e1s prestigiosas del continente.<\/span><\/p>\n<p class=\"p2\"><span class=\"s1\">El evento ofrece diferentes recorridos \u2014<b>42 km, 21 km y 10 km<\/b>\u2014 pensados para todos los niveles: desde esquiadores experimentados hasta quienes quieren iniciarse en el <b>esqu\u00ed n\u00f3rdico<\/b> disfrutando del paisaje y del ambiente festivo.<\/span><\/p>\n<p><a href=\"http:\/\/www.campingverneda.com\/blog\/2026\/01\/27\/marxa-beret-esqui-nordico-val-daran\/camping-verneda-marxa-beret-3\/\" rel=\"attachment wp-att-5635\"><img decoding=\"async\" loading=\"lazy\" class=\"alignnone  wp-image-5635\" src=\"http:\/\/www.campingverneda.com\/blog\/wp-content\/uploads\/2026\/01\/camping-verneda-marxa-beret-3.png\" alt=\"\" width=\"1326\" height=\"552\" srcset=\"https:\/\/www.campingverneda.com\/blog\/wp-content\/uploads\/2026\/01\/camping-verneda-marxa-beret-3-200x83.png 200w, https:\/\/www.campingverneda.com\/blog\/wp-content\/uploads\/2026\/01\/camping-verneda-marxa-beret-3-300x125.png 300w, https:\/\/www.campingverneda.com\/blog\/wp-content\/uploads\/2026\/01\/camping-verneda-marxa-beret-3-400x167.png 400w, https:\/\/www.campingverneda.com\/blog\/wp-content\/uploads\/2026\/01\/camping-verneda-marxa-beret-3-600x250.png 600w, https:\/\/www.campingverneda.com\/blog\/wp-content\/uploads\/2026\/01\/camping-verneda-marxa-beret-3-768x320.png 768w, https:\/\/www.campingverneda.com\/blog\/wp-content\/uploads\/2026\/01\/camping-verneda-marxa-beret-3-800x333.png 800w, https:\/\/www.campingverneda.com\/blog\/wp-content\/uploads\/2026\/01\/camping-verneda-marxa-beret-3.png 960w\" sizes=\"(max-width: 1326px) 100vw, 1326px\" \/><\/a><\/p>\n<h3 class=\"p3\"><span class=\"s1\"><b>Mucho m\u00e1s que una carrera<\/b><\/span><\/h3>\n<p class=\"p2\"><span class=\"s1\">La Marxa Beret no es solo una competici\u00f3n: es una <a href=\"https:\/\/www.marxaberet.com\/programa-2\/\" target=\"_blank\" rel=\"noopener\"><span class=\"s2\"><b>experiencia completa de invierno en la Val d\u2019Aran<\/b><\/span><\/a>. Durante todo el fin de semana, el valle se llena de vida con actividades paralelas, pruebas sprint, recogida de dorsales y un ambiente deportivo que se respira en cada rinc\u00f3n.<\/span><\/p>\n<p class=\"p2\"><span class=\"s1\">Participar \u2014o simplemente asistir\u2014 significa formar parte de una tradici\u00f3n que combina <b>deporte, naturaleza y cultura de monta\u00f1a<\/b>, con el espectacular escenario del Pla de Beret cubierto de nieve y rodeado de bosques y cumbres pirenaicas.<\/span><\/p>\n<p><a href=\"http:\/\/www.campingverneda.com\/blog\/2026\/01\/27\/marxa-beret-esqui-nordico-val-daran\/camping-verneda-marxa-beret-2\/\" rel=\"attachment wp-att-5634\"><img decoding=\"async\" loading=\"lazy\" class=\"alignnone  wp-image-5634\" src=\"http:\/\/www.campingverneda.com\/blog\/wp-content\/uploads\/2026\/01\/camping-verneda-marxa-beret-2.png\" alt=\"\" width=\"1213\" height=\"505\" srcset=\"https:\/\/www.campingverneda.com\/blog\/wp-content\/uploads\/2026\/01\/camping-verneda-marxa-beret-2-200x83.png 200w, https:\/\/www.campingverneda.com\/blog\/wp-content\/uploads\/2026\/01\/camping-verneda-marxa-beret-2-300x125.png 300w, https:\/\/www.campingverneda.com\/blog\/wp-content\/uploads\/2026\/01\/camping-verneda-marxa-beret-2-400x167.png 400w, https:\/\/www.campingverneda.com\/blog\/wp-content\/uploads\/2026\/01\/camping-verneda-marxa-beret-2-600x250.png 600w, https:\/\/www.campingverneda.com\/blog\/wp-content\/uploads\/2026\/01\/camping-verneda-marxa-beret-2-768x320.png 768w, https:\/\/www.campingverneda.com\/blog\/wp-content\/uploads\/2026\/01\/camping-verneda-marxa-beret-2-800x333.png 800w, https:\/\/www.campingverneda.com\/blog\/wp-content\/uploads\/2026\/01\/camping-verneda-marxa-beret-2.png 960w\" sizes=\"(max-width: 1213px) 100vw, 1213px\" \/><\/a><\/p>\n<h3 class=\"p3\"><span class=\"s1\"><b>La clave para disfrutarla al m\u00e1ximo<\/b><\/span><\/h3>\n<p class=\"p2\"><span class=\"s1\">Para vivir la Marxa Beret sin prisas y prior\u00edzanos el descanso, <b>Verneda Camping Mountain Resort<\/b> es una opci\u00f3n ideal. Verneda ofrece el equilibrio perfecto entre <b>comodidad, naturaleza y esp\u00edritu de monta\u00f1a<\/b>.<\/span><\/p>\n<p class=\"p2\"><span class=\"s1\">Tras una jornada intensa de esqu\u00ed n\u00f3rdico, nada mejor que regresar a un <a href=\"https:\/\/www.campingverneda.com\/bungalows\" target=\"_blank\" rel=\"noopener\"><span class=\"s2\"><b>bungalow de madera<\/b><\/span><\/a>,, relajarse con una ducha caliente y compartir la experiencia con amigos o familia en un entorno acogedor junto al r\u00edo Garona.<\/span><\/p>\n<h3 class=\"p3\"><span class=\"s1\"><b>Verneda en invierno: mucho m\u00e1s que alojamiento<\/b><\/span><\/h3>\n<p class=\"p2\"><span class=\"s1\">Alojarse en <b>Verneda Camping Mountain Resort<\/b> durante la Marxa Beret es sumar valor a la escapada:<br \/>\n<\/span><span class=\"s3\">\u2714\ufe0f<\/span><span class=\"s1\"> Entorno natural tranquilo para descansar antes y despu\u00e9s de la prueba<br \/>\n<\/span><span class=\"s3\">\u2714\ufe0f<\/span><span class=\"s1\"> Alojamiento ideal tanto para deportistas como para acompa\u00f1antes<br \/>\n<\/span><span class=\"s3\">\u2714\ufe0f<\/span><span class=\"s1\"> Perfecto para combinar la carrera con otras <a href=\"https:\/\/www.campingverneda.com\/invierno\" target=\"_blank\" rel=\"noopener\"><span class=\"s2\"><b>actividades de invierno en la Val d\u2019Aran<\/b><\/span><\/a><br \/>\n<\/span><span class=\"s3\">\u2714\ufe0f<\/span><span class=\"s1\"> Ambiente aut\u00e9ntico y familiar, muy alineado con el esp\u00edritu del evento<\/span><\/p>\n<p><a href=\"http:\/\/www.campingverneda.com\/blog\/2026\/01\/27\/marxa-beret-esqui-nordico-val-daran\/camping-verneda-marxa-beret\/\" rel=\"attachment wp-att-5632\"><img decoding=\"async\" loading=\"lazy\" class=\"alignnone  wp-image-5632\" src=\"http:\/\/www.campingverneda.com\/blog\/wp-content\/uploads\/2026\/01\/camping-verneda-marxa-beret.png\" alt=\"\" width=\"1602\" height=\"667\" srcset=\"https:\/\/www.campingverneda.com\/blog\/wp-content\/uploads\/2026\/01\/camping-verneda-marxa-beret-200x83.png 200w, https:\/\/www.campingverneda.com\/blog\/wp-content\/uploads\/2026\/01\/camping-verneda-marxa-beret-300x125.png 300w, https:\/\/www.campingverneda.com\/blog\/wp-content\/uploads\/2026\/01\/camping-verneda-marxa-beret-400x167.png 400w, https:\/\/www.campingverneda.com\/blog\/wp-content\/uploads\/2026\/01\/camping-verneda-marxa-beret-600x250.png 600w, https:\/\/www.campingverneda.com\/blog\/wp-content\/uploads\/2026\/01\/camping-verneda-marxa-beret-768x320.png 768w, https:\/\/www.campingverneda.com\/blog\/wp-content\/uploads\/2026\/01\/camping-verneda-marxa-beret-800x333.png 800w, https:\/\/www.campingverneda.com\/blog\/wp-content\/uploads\/2026\/01\/camping-verneda-marxa-beret.png 960w\" sizes=\"(max-width: 1602px) 100vw, 1602px\" \/><\/a><\/p>\n<h3 class=\"p3\"><span class=\"s1\"><b>Un plan redondo para febrero<\/b><\/span><\/h3>\n<p class=\"p2\"><span class=\"s1\">Si febrero es tu mes para disfrutar de la nieve, el deporte y la monta\u00f1a, la combinaci\u00f3n <b>Marxa Beret + Verneda Camping Mountain Resort<\/b> es un acierto seguro. Ya sea participando en la carrera, animando a los corredores o simplemente empap\u00e1ndote del ambiente, vivir\u00e1s uno de los momentos m\u00e1s especiales del invierno aran\u00e9s.<\/span><\/p>\n","protected":false},"excerpt":{"rendered":"<p>Febrero en la Val d\u2019Aran es sin\u00f3nimo de nieve, deporte y emoci\u00f3n. Y si hay un evento que marca el calendario invernal a\u00f1o tras a\u00f1o, [&hellip;]<\/p>\n","protected":false},"author":1,"featured_media":5636,"comment_status":"open","ping_status":"open","sticky":false,"template":"","format":"standard","meta":[],"categories":[1452],"tags":[2282,2257,2256,2275,2284,1982,2279,110,109,2276,107,2283,2280,2278,2277,2281,13,818],"_links":{"self":[{"href":"https:\/\/www.campingverneda.com\/blog\/wp-json\/wp\/v2\/posts\/5631"}],"collection":[{"href":"https:\/\/www.campingverneda.com\/blog\/wp-json\/wp\/v2\/posts"}],"about":[{"href":"https:\/\/www.campingverneda.com\/blog\/wp-json\/wp\/v2\/types\/post"}],"author":[{"embeddable":true,"href":"https:\/\/www.campingverneda.com\/blog\/wp-json\/wp\/v2\/users\/1"}],"replies":[{"embeddable":true,"href":"https:\/\/www.campingverneda.com\/blog\/wp-json\/wp\/v2\/comments?post=5631"}],"version-history":[{"count":2,"href":"https:\/\/www.campingverneda.com\/blog\/wp-json\/wp\/v2\/posts\/5631\/revisions"}],"predecessor-version":[{"id":5638,"href":"https:\/\/www.campingverneda.com\/blog\/wp-json\/wp\/v2\/posts\/5631\/revisions\/5638"}],"wp:featuredmedia":[{"embeddable":true,"href":"https:\/\/www.campingverneda.com\/blog\/wp-json\/wp\/v2\/media\/5636"}],"wp:attachment":[{"href":"https:\/\/www.campingverneda.com\/blog\/wp-json\/wp\/v2\/media?parent=5631"}],"wp:term":[{"taxonomy":"category","embeddable":true,"href":"https:\/\/www.campingverneda.com\/blog\/wp-json\/wp\/v2\/categories?post=5631"},{"taxonomy":"post_tag","embeddable":true,"href":"https:\/\/www.campingverneda.com\/blog\/wp-json\/wp\/v2\/tags?post=5631"}],"curies":[{"name":"wp","href":"https:\/\/api.w.org\/{rel}","templated":true}]}}