{"id":5621,"date":"2026-01-20T12:57:09","date_gmt":"2026-01-20T12:57:09","guid":{"rendered":"http:\/\/www.campingverneda.com\/blog\/?p=5621"},"modified":"2026-01-20T12:57:11","modified_gmt":"2026-01-20T12:57:11","slug":"curiosidades-val-daran","status":"publish","type":"post","link":"https:\/\/www.campingverneda.com\/blog\/2026\/01\/20\/curiosidades-val-daran\/","title":{"rendered":"10 curiosidades de la Val d\u2019Aran que te har\u00e1n querer visitarla ya"},"content":{"rendered":"<p class=\"p2\"><span class=\"s1\">La <b>Val d\u2019Aran<\/b> es uno de los rincones m\u00e1s fascinantes de los <b>Pirineos espa\u00f1oles<\/b>: una valle escondido entre monta\u00f1as de m\u00e1s de 3.000 m, cultura propia, naturaleza desbordante y un encanto que, una vez lo conoces, nunca olvidas. Si est\u00e1s pensando en tu pr\u00f3xima escapada desde<a href=\"http:\/\/www.campingverneda.com\/\" target=\"_blank\" rel=\"noopener\"><span class=\"s2\"><b> Verneda Camping Mountain Resort<\/b><\/span><\/a>, aqu\u00ed van algunas <b>curiosidades de la Val d\u2019Aran<\/b> que te van a sorprender y enamorar.<\/span><\/p>\n<p><a href=\"http:\/\/www.campingverneda.com\/blog\/2026\/01\/20\/curiosidades-val-daran\/camping-verneda-curiosidades-val-daran-3\/\" rel=\"attachment wp-att-5625\"><img decoding=\"async\" loading=\"lazy\" class=\"alignnone size-full wp-image-5625\" src=\"http:\/\/www.campingverneda.com\/blog\/wp-content\/uploads\/2026\/01\/camping-verneda-curiosidades-val-daran-3.png\" alt=\"\" width=\"960\" height=\"400\" srcset=\"https:\/\/www.campingverneda.com\/blog\/wp-content\/uploads\/2026\/01\/camping-verneda-curiosidades-val-daran-3-200x83.png 200w, https:\/\/www.campingverneda.com\/blog\/wp-content\/uploads\/2026\/01\/camping-verneda-curiosidades-val-daran-3-300x125.png 300w, https:\/\/www.campingverneda.com\/blog\/wp-content\/uploads\/2026\/01\/camping-verneda-curiosidades-val-daran-3-400x167.png 400w, https:\/\/www.campingverneda.com\/blog\/wp-content\/uploads\/2026\/01\/camping-verneda-curiosidades-val-daran-3-600x250.png 600w, https:\/\/www.campingverneda.com\/blog\/wp-content\/uploads\/2026\/01\/camping-verneda-curiosidades-val-daran-3-768x320.png 768w, https:\/\/www.campingverneda.com\/blog\/wp-content\/uploads\/2026\/01\/camping-verneda-curiosidades-val-daran-3-800x333.png 800w, https:\/\/www.campingverneda.com\/blog\/wp-content\/uploads\/2026\/01\/camping-verneda-curiosidades-val-daran-3.png 960w\" sizes=\"(max-width: 960px) 100vw, 960px\" \/><\/a><\/p>\n<h3 class=\"p3\"><span class=\"s1\"><b>1. El \u00fanico valle que mira al norte<\/b><\/span><\/h3>\n<p class=\"p2\"><span class=\"s1\">La Val d\u2019Aran es el <b>\u00fanico valle en Catalu\u00f1a que mira hacia el norte<\/b>, lo que le da un clima m\u00e1s cercano al atl\u00e1ntico que al mediterr\u00e1neo. Eso significa <b>lluvias regulares<\/b>, paisajes verdes y nieve fiable en invierno. <\/span><\/p>\n<h3 class=\"p3\"><span class=\"s1\"><b>2. \u00a1UNESCO Biosphere Destination!<\/b><\/span><\/h3>\n<p class=\"p2\"><span class=\"s1\">En 2024, la Val d\u2019Aran fue reconocida como <a href=\"https:\/\/www.conselharan.org\/es\/era-val-daran-artenh-eth-reconeishement-dera-unesco-coma-reserva-dera-biosfera\/\" target=\"_blank\" rel=\"noopener\"><span class=\"s2\"><b>destino Biosphere por la UNESCO<\/b><\/span><\/a>, destacando su <b>diversidad clim\u00e1tica y biol\u00f3gica<\/b> y su compromiso con el turismo sostenible. <\/span><\/p>\n<h3 class=\"p3\"><span class=\"s1\"><b>3. Se habla una lengua \u00fanica<\/b><\/span><\/h3>\n<p class=\"p2\"><span class=\"s1\">Adem\u00e1s del espa\u00f1ol y el catal\u00e1n, aqu\u00ed se habla oficialmente <b>aran\u00e9s<\/b>, una variante del occitano. Esta lengua tradicional es parte del alma de la valle y se usa en escuelas, administraci\u00f3n y en las calles.<\/span><\/p>\n<p><a href=\"http:\/\/www.campingverneda.com\/blog\/2026\/01\/20\/curiosidades-val-daran\/camping-verneda-curiosidades-val-daran\/\" rel=\"attachment wp-att-5622\"><img decoding=\"async\" loading=\"lazy\" class=\"alignnone size-full wp-image-5622\" src=\"http:\/\/www.campingverneda.com\/blog\/wp-content\/uploads\/2026\/01\/camping-verneda-curiosidades-val-daran.png\" alt=\"\" width=\"960\" height=\"400\" srcset=\"https:\/\/www.campingverneda.com\/blog\/wp-content\/uploads\/2026\/01\/camping-verneda-curiosidades-val-daran-200x83.png 200w, https:\/\/www.campingverneda.com\/blog\/wp-content\/uploads\/2026\/01\/camping-verneda-curiosidades-val-daran-300x125.png 300w, https:\/\/www.campingverneda.com\/blog\/wp-content\/uploads\/2026\/01\/camping-verneda-curiosidades-val-daran-400x167.png 400w, https:\/\/www.campingverneda.com\/blog\/wp-content\/uploads\/2026\/01\/camping-verneda-curiosidades-val-daran-600x250.png 600w, https:\/\/www.campingverneda.com\/blog\/wp-content\/uploads\/2026\/01\/camping-verneda-curiosidades-val-daran-768x320.png 768w, https:\/\/www.campingverneda.com\/blog\/wp-content\/uploads\/2026\/01\/camping-verneda-curiosidades-val-daran-800x333.png 800w, https:\/\/www.campingverneda.com\/blog\/wp-content\/uploads\/2026\/01\/camping-verneda-curiosidades-val-daran.png 960w\" sizes=\"(max-width: 960px) 100vw, 960px\" \/><\/a><\/p>\n<h3 class=\"p3\"><span class=\"s1\"><b>4. Un premio al mejor destino natural<\/b><\/span><\/h3>\n<p class=\"p2\"><span class=\"s1\">La revista <a href=\"https:\/\/viajes.nationalgeographic.com.es\/a\/este-es-mejor-destino-natural-espana-2025-segun-lectores-viajes-national-geographic_22351\" target=\"_blank\" rel=\"noopener\"><span class=\"s2\"><b>Viajes National Geographic<\/b><\/span><\/a> nombr\u00f3 a la Val d\u2019Aran como el <b>\u201cMejor destino natural de Espa\u00f1a\u201d<\/b>, un galard\u00f3n que no solo reconoce su belleza paisaj\u00edstica sino tambi\u00e9n su oferta de experiencias activas y sostenibles. <\/span><\/p>\n<h3 class=\"p3\"><span class=\"s1\"><b>5. M\u00e1s de 550 km de rutas se\u00f1alizadas<\/b><\/span><\/h3>\n<p class=\"p2\"><span class=\"s1\">Si te gusta <b>senderismo o bicicleta<\/b>, aqu\u00ed disfrutar\u00e1s de una red impresionante de <a href=\"https:\/\/www.campingverneda.com\/rutas\" target=\"_blank\" rel=\"noopener\"><span class=\"s2\"><b>rutas<\/b><\/span><\/a> para todas las edades y niveles: desde paseos suaves junto al r\u00edo hasta traves\u00edas alpinas que te ponen en contacto directo con los glaciares y bosques antiguos. <\/span><\/p>\n<h3 class=\"p3\"><span class=\"s1\"><b>6. Pueblos con historia<\/b><\/span><\/h3>\n<p class=\"p2\"><span class=\"s1\">Los <a href=\"https:\/\/www.campingverneda.com\/val-daran\" target=\"_blank\" rel=\"noopener\"><span class=\"s2\"><b>pueblos<\/b><\/span><\/a> de la Val d\u2019Aran, con casas de piedra, madera y tejados de pizarra, parecen sacados de un cuento. Iglesias rom\u00e1nicas y g\u00f3ticas como <b>Santa Eul\u00e0lia en Unha<\/b> o <b>Sant Andr\u00e8u en Salard\u00fa<\/b> cuentan siglos de historia.<\/span><\/p>\n<p><a href=\"http:\/\/www.campingverneda.com\/blog\/2026\/01\/20\/curiosidades-val-daran\/camping-verneda-curiosidades-val-daran-1\/\" rel=\"attachment wp-att-5623\"><img decoding=\"async\" loading=\"lazy\" class=\"alignnone size-full wp-image-5623\" src=\"http:\/\/www.campingverneda.com\/blog\/wp-content\/uploads\/2026\/01\/camping-verneda-curiosidades-val-daran-1.png\" alt=\"\" width=\"960\" height=\"400\" srcset=\"https:\/\/www.campingverneda.com\/blog\/wp-content\/uploads\/2026\/01\/camping-verneda-curiosidades-val-daran-1-200x83.png 200w, https:\/\/www.campingverneda.com\/blog\/wp-content\/uploads\/2026\/01\/camping-verneda-curiosidades-val-daran-1-300x125.png 300w, https:\/\/www.campingverneda.com\/blog\/wp-content\/uploads\/2026\/01\/camping-verneda-curiosidades-val-daran-1-400x167.png 400w, https:\/\/www.campingverneda.com\/blog\/wp-content\/uploads\/2026\/01\/camping-verneda-curiosidades-val-daran-1-600x250.png 600w, https:\/\/www.campingverneda.com\/blog\/wp-content\/uploads\/2026\/01\/camping-verneda-curiosidades-val-daran-1-768x320.png 768w, https:\/\/www.campingverneda.com\/blog\/wp-content\/uploads\/2026\/01\/camping-verneda-curiosidades-val-daran-1-800x333.png 800w, https:\/\/www.campingverneda.com\/blog\/wp-content\/uploads\/2026\/01\/camping-verneda-curiosidades-val-daran-1.png 960w\" sizes=\"(max-width: 960px) 100vw, 960px\" \/><\/a><\/p>\n<h3 class=\"p3\"><span class=\"s1\"><b>7. Una gastronom\u00eda de monta\u00f1a con sabor<\/b><\/span><\/h3>\n<p class=\"p2\"><span class=\"s1\">La cocina aranesa es potente, rica y deliciosa: desde la reconfortante <b>olla aranesa<\/b> (un guiso de carne y verduras) hasta platos con setas, truchas y carnes de monta\u00f1a. Cada plato cuenta la historia del territorio. <\/span><\/p>\n<h3 class=\"p3\"><span class=\"s1\"><b>8. El coraz\u00f3n de grandes aventuras<\/b><\/span><\/h3>\n<p class=\"p2\"><span class=\"s1\">M\u00e1s all\u00e1 de la nieve, en verano la Val d\u2019Aran se convierte en un para\u00edso para el <a href=\"https:\/\/www.campingverneda.com\/turismo-activo\" target=\"_blank\" rel=\"noopener\"><span class=\"s2\"><b>ciclismo, rafting, barranquismo y escalada<\/b><\/span><\/a>. El paisaje cambia radicalmente con los <b>prados verdes y los lagos de monta\u00f1a<\/b>. <\/span><\/p>\n<h3 class=\"p3\"><span class=\"s1\"><b>9. Vida salvaje sorprendente<\/b><\/span><\/h3>\n<p class=\"p2\"><span class=\"s1\">Aunque es dif\u00edcil verlos, los bosques de la Val d\u2019Aran albergan especies emblem\u00e1ticas de los Pirineos como el <b>qu\u00edfero buitre, la marta o el rebeco<\/b>; y tambi\u00e9n proyectos de observaci\u00f3n del <b>oso pardo<\/b> que buscan conectar a las personas con la fauna local desde el respeto.<\/span><\/p>\n<p><a href=\"http:\/\/www.campingverneda.com\/blog\/2026\/01\/20\/curiosidades-val-daran\/camping-verneda-curiosidades-val-daran-2\/\" rel=\"attachment wp-att-5624\"><img decoding=\"async\" loading=\"lazy\" class=\"alignnone size-full wp-image-5624\" src=\"http:\/\/www.campingverneda.com\/blog\/wp-content\/uploads\/2026\/01\/camping-verneda-curiosidades-val-daran-2.png\" alt=\"\" width=\"960\" height=\"400\" srcset=\"https:\/\/www.campingverneda.com\/blog\/wp-content\/uploads\/2026\/01\/camping-verneda-curiosidades-val-daran-2-200x83.png 200w, https:\/\/www.campingverneda.com\/blog\/wp-content\/uploads\/2026\/01\/camping-verneda-curiosidades-val-daran-2-300x125.png 300w, https:\/\/www.campingverneda.com\/blog\/wp-content\/uploads\/2026\/01\/camping-verneda-curiosidades-val-daran-2-400x167.png 400w, https:\/\/www.campingverneda.com\/blog\/wp-content\/uploads\/2026\/01\/camping-verneda-curiosidades-val-daran-2-600x250.png 600w, https:\/\/www.campingverneda.com\/blog\/wp-content\/uploads\/2026\/01\/camping-verneda-curiosidades-val-daran-2-768x320.png 768w, https:\/\/www.campingverneda.com\/blog\/wp-content\/uploads\/2026\/01\/camping-verneda-curiosidades-val-daran-2-800x333.png 800w, https:\/\/www.campingverneda.com\/blog\/wp-content\/uploads\/2026\/01\/camping-verneda-curiosidades-val-daran-2.png 960w\" sizes=\"(max-width: 960px) 100vw, 960px\" \/><\/a><\/p>\n<h3 class=\"p3\"><span class=\"s1\"><b>10. Un destino para todas las estaciones<\/b><\/span><\/h3>\n<p class=\"p2\"><span class=\"s1\">Ya sea invierno con nieve y esqu\u00ed en <a href=\"https:\/\/www.baqueira.es\/\" target=\"_blank\" rel=\"noopener\"><span class=\"s2\"><b>Baqueira-Beret<\/b><\/span><\/a>, o verano con senderismo y naturaleza en estado puro, la Val d\u2019Aran ofrece experiencias para todos. Y desde <a href=\"https:\/\/www.campingverneda.com\/\" target=\"_blank\" rel=\"noopener\"><span class=\"s2\"><b>Camping Verneda<\/b><\/span><\/a>, lo tienes todo a un paso para vivir lo mejor de cada temporada.<\/span><\/p>\n<h3 class=\"p3\"><span class=\"s1\"><b>\u00bfTe atreves a descubrir estos secretos por ti mism@?<\/b><\/span><\/h3>\n<p class=\"p2\"><span class=\"s1\">La Val d\u2019Aran te est\u00e1 esperando con los brazos abiertos: naturaleza, cultura, gastronom\u00eda y aventura en un valle que combina encanto tradicional con experiencias inolvidables.<\/span><\/p>\n","protected":false},"excerpt":{"rendered":"<p>La Val d\u2019Aran es uno de los rincones m\u00e1s fascinantes de los Pirineos espa\u00f1oles: una valle escondido entre monta\u00f1as de m\u00e1s de 3.000 m, cultura [&hellip;]<\/p>\n","protected":false},"author":1,"featured_media":5627,"comment_status":"open","ping_status":"open","sticky":false,"template":"","format":"standard","meta":[],"categories":[1],"tags":[2272,48,1944,2274,2267,2273,847,2269,2268,741,2271,971,2270,2266,1749,818],"_links":{"self":[{"href":"https:\/\/www.campingverneda.com\/blog\/wp-json\/wp\/v2\/posts\/5621"}],"collection":[{"href":"https:\/\/www.campingverneda.com\/blog\/wp-json\/wp\/v2\/posts"}],"about":[{"href":"https:\/\/www.campingverneda.com\/blog\/wp-json\/wp\/v2\/types\/post"}],"author":[{"embeddable":true,"href":"https:\/\/www.campingverneda.com\/blog\/wp-json\/wp\/v2\/users\/1"}],"replies":[{"embeddable":true,"href":"https:\/\/www.campingverneda.com\/blog\/wp-json\/wp\/v2\/comments?post=5621"}],"version-history":[{"count":2,"href":"https:\/\/www.campingverneda.com\/blog\/wp-json\/wp\/v2\/posts\/5621\/revisions"}],"predecessor-version":[{"id":5629,"href":"https:\/\/www.campingverneda.com\/blog\/wp-json\/wp\/v2\/posts\/5621\/revisions\/5629"}],"wp:featuredmedia":[{"embeddable":true,"href":"https:\/\/www.campingverneda.com\/blog\/wp-json\/wp\/v2\/media\/5627"}],"wp:attachment":[{"href":"https:\/\/www.campingverneda.com\/blog\/wp-json\/wp\/v2\/media?parent=5621"}],"wp:term":[{"taxonomy":"category","embeddable":true,"href":"https:\/\/www.campingverneda.com\/blog\/wp-json\/wp\/v2\/categories?post=5621"},{"taxonomy":"post_tag","embeddable":true,"href":"https:\/\/www.campingverneda.com\/blog\/wp-json\/wp\/v2\/tags?post=5621"}],"curies":[{"name":"wp","href":"https:\/\/api.w.org\/{rel}","templated":true}]}}