{"id":5609,"date":"2026-01-13T11:47:17","date_gmt":"2026-01-13T11:47:17","guid":{"rendered":"http:\/\/www.campingverneda.com\/blog\/?p=5609"},"modified":"2026-01-13T11:47:19","modified_gmt":"2026-01-13T11:47:19","slug":"vive-la-magia-de-la-nieve-en-los-bungalows-de-verneda","status":"publish","type":"post","link":"https:\/\/www.campingverneda.com\/blog\/2026\/01\/13\/vive-la-magia-de-la-nieve-en-los-bungalows-de-verneda\/","title":{"rendered":"Vive la magia de la nieve en los bungalows de Verneda"},"content":{"rendered":"<p class=\"p2\"><span class=\"s1\">El invierno en la <b>Val d\u2019Aran<\/b> tiene algo especial. La nieve cubre los paisajes, el ritmo se vuelve m\u00e1s lento y cada escapada se transforma en una experiencia \u00fanica. En <a href=\"https:\/\/www.campingverneda.com\/\" target=\"_blank\" rel=\"noopener\"><span class=\"s2\"><b>Verneda Camping Mountain Resort<\/b><\/span><\/a>, el invierno es una de las \u00e9pocas m\u00e1s bonitas del a\u00f1o, y <b>enero y febrero<\/b> son los meses ideales para disfrutarlo desde la comodidad de nuestros <a href=\"https:\/\/www.campingverneda.com\/bungalows\" target=\"_blank\" rel=\"noopener\"><span class=\"s2\"><b>bungalows<\/b><\/span><\/a><b> de monta\u00f1a<\/b>, abiertos durante toda la temporada invernal.<\/span><\/p>\n<p class=\"p2\"><span class=\"s1\">Si est\u00e1s pensando en una escapada a la nieve, este es el momento perfecto para reservar.<\/span><\/p>\n<p><a href=\"http:\/\/www.campingverneda.com\/blog\/2026\/01\/13\/vive-la-magia-de-la-nieve-en-los-bungalows-de-verneda\/verneda-nieve-bungalows-2\/\" rel=\"attachment wp-att-5612\"><img decoding=\"async\" loading=\"lazy\" class=\"alignnone size-full wp-image-5612\" src=\"http:\/\/www.campingverneda.com\/blog\/wp-content\/uploads\/2026\/01\/verneda-nieve-bungalows-2.png\" alt=\"\" width=\"960\" height=\"400\" srcset=\"https:\/\/www.campingverneda.com\/blog\/wp-content\/uploads\/2026\/01\/verneda-nieve-bungalows-2-200x83.png 200w, https:\/\/www.campingverneda.com\/blog\/wp-content\/uploads\/2026\/01\/verneda-nieve-bungalows-2-300x125.png 300w, https:\/\/www.campingverneda.com\/blog\/wp-content\/uploads\/2026\/01\/verneda-nieve-bungalows-2-400x167.png 400w, https:\/\/www.campingverneda.com\/blog\/wp-content\/uploads\/2026\/01\/verneda-nieve-bungalows-2-600x250.png 600w, https:\/\/www.campingverneda.com\/blog\/wp-content\/uploads\/2026\/01\/verneda-nieve-bungalows-2-768x320.png 768w, https:\/\/www.campingverneda.com\/blog\/wp-content\/uploads\/2026\/01\/verneda-nieve-bungalows-2-800x333.png 800w, https:\/\/www.campingverneda.com\/blog\/wp-content\/uploads\/2026\/01\/verneda-nieve-bungalows-2.png 960w\" sizes=\"(max-width: 960px) 100vw, 960px\" \/><\/a><\/p>\n<h3 class=\"p3\"><span class=\"s1\"><b>Nieve, monta\u00f1a y planes para todos<\/b><\/span><\/h3>\n<p class=\"p2\"><span class=\"s1\">Durante el invierno, la Val d\u2019Aran se convierte en un aut\u00e9ntico para\u00edso blanco. Desde Verneda podr\u00e1s disfrutar de <b>esqu\u00ed y snowboard en <\/b><a href=\"https:\/\/www.baqueira.es\/\" target=\"_blank\" rel=\"noopener\"><span class=\"s2\"><b>Baqueira Beret,<\/b><\/span><\/a> pero tambi\u00e9n de muchas otras actividades de invierno: rutas con <a href=\"https:\/\/www.visitvaldaran.com\/wp-content\/uploads\/2020\/11\/FOLLETO-RAQUETAS-NOV-20-CATALAN-CASTELLANO.pdf\" target=\"_blank\" rel=\"noopener\"><span class=\"s2\"><b>raquetas de nieve<\/b><\/span><\/a>, esqu\u00ed de fondo, paseos en trineo, excursiones por bosques nevados o simplemente caminar y respirar aire puro.<\/span><\/p>\n<p class=\"p2\"><span class=\"s1\">Adem\u00e1s, en Verneda te lo ponemos f\u00e1cil: en recepci\u00f3n puedes <b>recargar tu forfait<\/b>, informarte sobre <a href=\"https:\/\/www.visitvaldaran.com\/wp-content\/uploads\/2020\/11\/FOLLETO-10-PLANES-NOV-20-DEFINITIVO.pdf\" target=\"_blank\" rel=\"noopener\"><span class=\"s2\"><b>actividades<\/b><\/span><\/a> y organizar tu estancia sin complicaciones. As\u00ed, tu \u00fanica preocupaci\u00f3n ser\u00e1 decidir si hoy toca pistas\u2026 o relax.<\/span><\/p>\n<p><a href=\"http:\/\/www.campingverneda.com\/blog\/2026\/01\/13\/vive-la-magia-de-la-nieve-en-los-bungalows-de-verneda\/verneda-nieve-bungalows-1\/\" rel=\"attachment wp-att-5613\"><img decoding=\"async\" loading=\"lazy\" class=\"alignnone size-full wp-image-5613\" src=\"http:\/\/www.campingverneda.com\/blog\/wp-content\/uploads\/2026\/01\/verneda-nieve-bungalows-1.png\" alt=\"\" width=\"960\" height=\"400\" srcset=\"https:\/\/www.campingverneda.com\/blog\/wp-content\/uploads\/2026\/01\/verneda-nieve-bungalows-1-200x83.png 200w, https:\/\/www.campingverneda.com\/blog\/wp-content\/uploads\/2026\/01\/verneda-nieve-bungalows-1-300x125.png 300w, https:\/\/www.campingverneda.com\/blog\/wp-content\/uploads\/2026\/01\/verneda-nieve-bungalows-1-400x167.png 400w, https:\/\/www.campingverneda.com\/blog\/wp-content\/uploads\/2026\/01\/verneda-nieve-bungalows-1-600x250.png 600w, https:\/\/www.campingverneda.com\/blog\/wp-content\/uploads\/2026\/01\/verneda-nieve-bungalows-1-768x320.png 768w, https:\/\/www.campingverneda.com\/blog\/wp-content\/uploads\/2026\/01\/verneda-nieve-bungalows-1-800x333.png 800w, https:\/\/www.campingverneda.com\/blog\/wp-content\/uploads\/2026\/01\/verneda-nieve-bungalows-1.png 960w\" sizes=\"(max-width: 960px) 100vw, 960px\" \/><\/a><\/p>\n<h3 class=\"p3\"><span class=\"s1\"><b>Bungalows de invierno: calidez y confort en plena naturaleza<\/b><\/span><\/h3>\n<p class=\"p2\"><span class=\"s1\">Nuestros <a href=\"https:\/\/www.campingverneda.com\/bordeta-luxe\" target=\"_blank\" rel=\"noopener\"><span class=\"s2\"><b>bungalows de madera,<\/b><\/span><\/a> rodeados de naturaleza y abiertos todo el a\u00f1o, est\u00e1n totalmente preparados para el invierno. Cuentan con <b>calefacci\u00f3n<\/b>, cocina equipada y espacios pensados para descansar despu\u00e9s de un d\u00eda en la nieve. Llegar al bungalow, quitarte las botas, preparar algo caliente y disfrutar del silencio del entorno es parte de la experiencia <b>#VIDAVerneda<\/b>.<\/span><\/p>\n<p class=\"p2\"><span class=\"s1\">Disponemos de diferentes tipos de bungalows, ideales tanto para <b>familias<\/b>, <b>parejas<\/b> o <b>grupos de amigos<\/b>. Y, por supuesto, somos <a href=\"https:\/\/www.campingverneda.com\/petfriendly\" target=\"_blank\" rel=\"noopener\"><span class=\"s2\"><b>pet friendly<\/b><\/span><\/a>, porque el invierno tambi\u00e9n se disfruta mejor en compa\u00f1\u00eda.<\/span><\/p>\n<p class=\"p2\"><a href=\"http:\/\/www.campingverneda.com\/blog\/2026\/01\/13\/vive-la-magia-de-la-nieve-en-los-bungalows-de-verneda\/verneda-nieve-bungalows-4\/\" rel=\"attachment wp-att-5616\"><img decoding=\"async\" loading=\"lazy\" class=\"alignnone size-full wp-image-5616\" src=\"http:\/\/www.campingverneda.com\/blog\/wp-content\/uploads\/2026\/01\/verneda-nieve-bungalows-4.png\" alt=\"\" width=\"960\" height=\"400\" srcset=\"https:\/\/www.campingverneda.com\/blog\/wp-content\/uploads\/2026\/01\/verneda-nieve-bungalows-4-200x83.png 200w, https:\/\/www.campingverneda.com\/blog\/wp-content\/uploads\/2026\/01\/verneda-nieve-bungalows-4-300x125.png 300w, https:\/\/www.campingverneda.com\/blog\/wp-content\/uploads\/2026\/01\/verneda-nieve-bungalows-4-400x167.png 400w, https:\/\/www.campingverneda.com\/blog\/wp-content\/uploads\/2026\/01\/verneda-nieve-bungalows-4-600x250.png 600w, https:\/\/www.campingverneda.com\/blog\/wp-content\/uploads\/2026\/01\/verneda-nieve-bungalows-4-768x320.png 768w, https:\/\/www.campingverneda.com\/blog\/wp-content\/uploads\/2026\/01\/verneda-nieve-bungalows-4-800x333.png 800w, https:\/\/www.campingverneda.com\/blog\/wp-content\/uploads\/2026\/01\/verneda-nieve-bungalows-4.png 960w\" sizes=\"(max-width: 960px) 100vw, 960px\" \/><\/a><\/p>\n<h3 class=\"p3\"><span class=\"s1\"><b>Enero y febrero: el mejor momento para reservar<\/b><\/span><\/h3>\n<p class=\"p2\"><span class=\"s1\">Si buscas nieve en su mejor momento, <b>enero y febrero<\/b> son los meses estrella. Suelen ofrecer las mejores condiciones, un ambiente m\u00e1s tranquilo que en fechas punta y la posibilidad de disfrutar de la monta\u00f1a sin prisas.<\/span><\/p>\n<p class=\"p2\"><span class=\"s1\">Son meses perfectos para escapadas de fin de semana, vacaciones familiares o una desconexi\u00f3n total en plena naturaleza. Reservar un <a href=\"https:\/\/www.campingverneda.com\/pleta-maladeta\" target=\"_blank\" rel=\"noopener\"><span class=\"s2\"><b>bungalow<\/b><\/span><\/a><b> en invierno en la Val d\u2019Aran<\/b> es apostar por descanso, aventura y momentos que se recuerdan durante todo el a\u00f1o.<\/span><\/p>\n<p><a href=\"http:\/\/www.campingverneda.com\/blog\/2026\/01\/13\/vive-la-magia-de-la-nieve-en-los-bungalows-de-verneda\/verneda-nieve-bungalows-5\/\" rel=\"attachment wp-att-5617\"><img decoding=\"async\" loading=\"lazy\" class=\"alignnone size-full wp-image-5617\" src=\"http:\/\/www.campingverneda.com\/blog\/wp-content\/uploads\/2026\/01\/verneda-nieve-bungalows-5.png\" alt=\"\" width=\"960\" height=\"400\" srcset=\"https:\/\/www.campingverneda.com\/blog\/wp-content\/uploads\/2026\/01\/verneda-nieve-bungalows-5-200x83.png 200w, https:\/\/www.campingverneda.com\/blog\/wp-content\/uploads\/2026\/01\/verneda-nieve-bungalows-5-300x125.png 300w, https:\/\/www.campingverneda.com\/blog\/wp-content\/uploads\/2026\/01\/verneda-nieve-bungalows-5-400x167.png 400w, https:\/\/www.campingverneda.com\/blog\/wp-content\/uploads\/2026\/01\/verneda-nieve-bungalows-5-600x250.png 600w, https:\/\/www.campingverneda.com\/blog\/wp-content\/uploads\/2026\/01\/verneda-nieve-bungalows-5-768x320.png 768w, https:\/\/www.campingverneda.com\/blog\/wp-content\/uploads\/2026\/01\/verneda-nieve-bungalows-5-800x333.png 800w, https:\/\/www.campingverneda.com\/blog\/wp-content\/uploads\/2026\/01\/verneda-nieve-bungalows-5.png 960w\" sizes=\"(max-width: 960px) 100vw, 960px\" \/><\/a><\/p>\n<h3 class=\"p3\"><span class=\"s1\"><b>Mucho m\u00e1s que esqu\u00ed: vive la #VIDAVerneda<\/b><\/span><\/h3>\n<p class=\"p2\"><span class=\"s1\">El invierno en Verneda no es solo deporte. Es compartir una cena caliente despu\u00e9s de un d\u00eda fr\u00edo, ver caer la nieve desde la ventana, pasear sin rumbo entre \u00e1rboles blancos y sentir que el tiempo se detiene. Es vivir la monta\u00f1a de forma aut\u00e9ntica, sencilla y cercana.<\/span><\/p>\n<p class=\"p2\"><span class=\"s1\">Este invierno, deja que la naturaleza marque el ritmo. <b>Reserva tu bungalow en Verneda Camping Mountain Resort<\/b> y descubre por qu\u00e9 el invierno en la Val d\u2019Aran se vive mejor aqu\u00ed.<\/span><\/p>\n","protected":false},"excerpt":{"rendered":"<p>El invierno en la Val d\u2019Aran tiene algo especial. La nieve cubre los paisajes, el ritmo se vuelve m\u00e1s lento y cada escapada se transforma [&hellip;]<\/p>\n","protected":false},"author":1,"featured_media":5611,"comment_status":"open","ping_status":"open","sticky":false,"template":"","format":"standard","meta":[],"categories":[1452,73],"tags":[2257,1797,2256,2259,2263,1982,1777,2262,2261,2260,2264,2258,2265,818,16],"_links":{"self":[{"href":"https:\/\/www.campingverneda.com\/blog\/wp-json\/wp\/v2\/posts\/5609"}],"collection":[{"href":"https:\/\/www.campingverneda.com\/blog\/wp-json\/wp\/v2\/posts"}],"about":[{"href":"https:\/\/www.campingverneda.com\/blog\/wp-json\/wp\/v2\/types\/post"}],"author":[{"embeddable":true,"href":"https:\/\/www.campingverneda.com\/blog\/wp-json\/wp\/v2\/users\/1"}],"replies":[{"embeddable":true,"href":"https:\/\/www.campingverneda.com\/blog\/wp-json\/wp\/v2\/comments?post=5609"}],"version-history":[{"count":2,"href":"https:\/\/www.campingverneda.com\/blog\/wp-json\/wp\/v2\/posts\/5609\/revisions"}],"predecessor-version":[{"id":5619,"href":"https:\/\/www.campingverneda.com\/blog\/wp-json\/wp\/v2\/posts\/5609\/revisions\/5619"}],"wp:featuredmedia":[{"embeddable":true,"href":"https:\/\/www.campingverneda.com\/blog\/wp-json\/wp\/v2\/media\/5611"}],"wp:attachment":[{"href":"https:\/\/www.campingverneda.com\/blog\/wp-json\/wp\/v2\/media?parent=5609"}],"wp:term":[{"taxonomy":"category","embeddable":true,"href":"https:\/\/www.campingverneda.com\/blog\/wp-json\/wp\/v2\/categories?post=5609"},{"taxonomy":"post_tag","embeddable":true,"href":"https:\/\/www.campingverneda.com\/blog\/wp-json\/wp\/v2\/tags?post=5609"}],"curies":[{"name":"wp","href":"https:\/\/api.w.org\/{rel}","templated":true}]}}