{"id":5601,"date":"2026-01-07T10:08:01","date_gmt":"2026-01-07T10:08:01","guid":{"rendered":"http:\/\/www.campingverneda.com\/blog\/?p=5601"},"modified":"2026-01-07T10:08:02","modified_gmt":"2026-01-07T10:08:02","slug":"mas-verano-menos-prisas","status":"publish","type":"post","link":"https:\/\/www.campingverneda.com\/blog\/2026\/01\/07\/mas-verano-menos-prisas\/","title":{"rendered":"M\u00e1s verano, menos prisas"},"content":{"rendered":"<p class=\"p2\"><span class=\"s1\">El verano en la <b>Val d\u2019Aran<\/b> no es solo una estaci\u00f3n: es una forma de vivir. D\u00edas largos, naturaleza en estado puro, aire fresco de monta\u00f1a y tiempo para disfrutar sin relojes. En <a href=\"https:\/\/www.campingverneda.com\/\" target=\"_blank\" rel=\"noopener\"><span class=\"s2\"><b>Verneda Camping Mountain Resort,<\/b><\/span><\/a> el verano se vive con calma, con planes al aire libre y con esa sensaci\u00f3n de libertad que solo aparece cuando conectas de verdad con el entorno.<br \/>\n<\/span><\/p>\n<p class=\"p2\"><span class=\"s1\">Este <b>verano 2026<\/b>, adem\u00e1s, vivirlo es a\u00fan m\u00e1s f\u00e1cil gracias a las <b>promociones especiales en temporada baja y media<\/b>, tanto en <a href=\"https:\/\/www.campingverneda.com\/bungalows\" target=\"_blank\" rel=\"noopener\"><span class=\"s2\"><b>bungalows<\/b><\/span><\/a> como en <a href=\"https:\/\/www.campingverneda.com\/camping\" target=\"_blank\" rel=\"noopener\"><span class=\"s2\"><b>acampada<\/b><\/span><\/a>.<\/span><\/p>\n<p><a href=\"http:\/\/www.campingverneda.com\/blog\/2026\/01\/07\/mas-verano-menos-prisas\/camping-verneda-verano-3\/\" rel=\"attachment wp-att-5605\"><img decoding=\"async\" loading=\"lazy\" class=\"alignnone size-full wp-image-5605\" src=\"http:\/\/www.campingverneda.com\/blog\/wp-content\/uploads\/2026\/01\/camping-verneda-verano-3.png\" alt=\"\" width=\"960\" height=\"400\" srcset=\"https:\/\/www.campingverneda.com\/blog\/wp-content\/uploads\/2026\/01\/camping-verneda-verano-3-200x83.png 200w, https:\/\/www.campingverneda.com\/blog\/wp-content\/uploads\/2026\/01\/camping-verneda-verano-3-300x125.png 300w, https:\/\/www.campingverneda.com\/blog\/wp-content\/uploads\/2026\/01\/camping-verneda-verano-3-400x167.png 400w, https:\/\/www.campingverneda.com\/blog\/wp-content\/uploads\/2026\/01\/camping-verneda-verano-3-600x250.png 600w, https:\/\/www.campingverneda.com\/blog\/wp-content\/uploads\/2026\/01\/camping-verneda-verano-3-768x320.png 768w, https:\/\/www.campingverneda.com\/blog\/wp-content\/uploads\/2026\/01\/camping-verneda-verano-3-800x333.png 800w, https:\/\/www.campingverneda.com\/blog\/wp-content\/uploads\/2026\/01\/camping-verneda-verano-3.png 960w\" sizes=\"(max-width: 960px) 100vw, 960px\" \/><\/a><\/p>\n<h3 class=\"p3\"><span class=\"s1\"><b>Promociones de verano para estancias largas<\/b><\/span><\/h3>\n<p class=\"p2\"><span class=\"s1\">Si puedes organizar tus vacaciones con un poco de margen, tenemos muy buenas noticias. Ya est\u00e1n activas las <b>promociones para estancias de 7 noches o m\u00e1s<\/b>:<\/span><\/p>\n<ul class=\"ul1\">\n<li class=\"li2\"><span class=\"s1\">Temporada baja: -15% de descuento<\/span><\/li>\n<li class=\"li2\"><span class=\"s1\">Temporada media: -10% de descuento<\/span><\/li>\n<\/ul>\n<p class=\"p2\"><span class=\"s1\">Estas ofertas se aplican tanto en <a href=\"https:\/\/www.campingverneda.com\/bungalows\" target=\"_blank\" rel=\"noopener\"><span class=\"s2\"><b>bungalows<\/b><\/span><\/a> como en <a href=\"https:\/\/www.campingverneda.com\/camping\" target=\"_blank\" rel=\"noopener\"><span class=\"s2\"><b>parcelas de acampada<\/b><\/span><\/a>, y son ideales para quienes quieren disfrutar del verano con tranquilidad, sin aglomeraciones y con todo el encanto de la monta\u00f1a en su mejor momento.<\/span><\/p>\n<p><a href=\"http:\/\/www.campingverneda.com\/blog\/2026\/01\/07\/mas-verano-menos-prisas\/camping-verneda-verano-2\/\" rel=\"attachment wp-att-5604\"><img decoding=\"async\" loading=\"lazy\" class=\"alignnone size-full wp-image-5604\" src=\"http:\/\/www.campingverneda.com\/blog\/wp-content\/uploads\/2026\/01\/camping-verneda-verano-2.png\" alt=\"\" width=\"960\" height=\"400\" srcset=\"https:\/\/www.campingverneda.com\/blog\/wp-content\/uploads\/2026\/01\/camping-verneda-verano-2-200x83.png 200w, https:\/\/www.campingverneda.com\/blog\/wp-content\/uploads\/2026\/01\/camping-verneda-verano-2-300x125.png 300w, https:\/\/www.campingverneda.com\/blog\/wp-content\/uploads\/2026\/01\/camping-verneda-verano-2-400x167.png 400w, https:\/\/www.campingverneda.com\/blog\/wp-content\/uploads\/2026\/01\/camping-verneda-verano-2-600x250.png 600w, https:\/\/www.campingverneda.com\/blog\/wp-content\/uploads\/2026\/01\/camping-verneda-verano-2-768x320.png 768w, https:\/\/www.campingverneda.com\/blog\/wp-content\/uploads\/2026\/01\/camping-verneda-verano-2-800x333.png 800w, https:\/\/www.campingverneda.com\/blog\/wp-content\/uploads\/2026\/01\/camping-verneda-verano-2.png 960w\" sizes=\"(max-width: 960px) 100vw, 960px\" \/><\/a><\/p>\n<h3 class=\"p3\"><span class=\"s1\"><b>Verano en Verneda: naturaleza, calma y planes para todos<\/b><\/span><\/h3>\n<p class=\"p2\"><span class=\"s1\">La <b>VIDA Verneda en verano<\/b> es sencilla y aut\u00e9ntica. Aqu\u00ed los d\u00edas empiezan con el canto de los p\u00e1jaros, contin\u00faan con paseos por el bosque, <a href=\"https:\/\/www.campingverneda.com\/programa-actividades\" target=\"_blank\" rel=\"noopener\"><span class=\"s2\"><b>excursiones<\/b><\/span><\/a> por la Val d\u2019Aran y chapuzones en la <a href=\"https:\/\/www.campingverneda.com\/piscina\" target=\"_blank\" rel=\"noopener\"><span class=\"s2\"><b>piscina climatizada<\/b><\/span><\/a>, perfecta para refrescarse despu\u00e9s de un d\u00eda activo.<\/span><\/p>\n<p class=\"p2\"><span class=\"s1\">Durante el verano, Verneda ofrece <b>servicios pensados para toda la familia<\/b>: zonas verdes amplias, \u00e1reas infantiles, espacios para barbacoas, restaurante y <a href=\"https:\/\/www.campingverneda.com\/animacion-2\" target=\"_blank\" rel=\"noopener\"><span class=\"s2\"><b>animaci\u00f3n con actividades <\/b><\/span><\/a>creativas y sostenibles. Todo en un entorno seguro, natural y pensado para desconectar de verdad.<\/span><\/p>\n<p><a href=\"http:\/\/www.campingverneda.com\/blog\/2026\/01\/07\/mas-verano-menos-prisas\/camping-verneda-verano-1\/\" rel=\"attachment wp-att-5603\"><img decoding=\"async\" loading=\"lazy\" class=\"alignnone size-full wp-image-5603\" src=\"http:\/\/www.campingverneda.com\/blog\/wp-content\/uploads\/2026\/01\/camping-verneda-verano-1.png\" alt=\"\" width=\"960\" height=\"400\" srcset=\"https:\/\/www.campingverneda.com\/blog\/wp-content\/uploads\/2026\/01\/camping-verneda-verano-1-200x83.png 200w, https:\/\/www.campingverneda.com\/blog\/wp-content\/uploads\/2026\/01\/camping-verneda-verano-1-300x125.png 300w, https:\/\/www.campingverneda.com\/blog\/wp-content\/uploads\/2026\/01\/camping-verneda-verano-1-400x167.png 400w, https:\/\/www.campingverneda.com\/blog\/wp-content\/uploads\/2026\/01\/camping-verneda-verano-1-600x250.png 600w, https:\/\/www.campingverneda.com\/blog\/wp-content\/uploads\/2026\/01\/camping-verneda-verano-1-768x320.png 768w, https:\/\/www.campingverneda.com\/blog\/wp-content\/uploads\/2026\/01\/camping-verneda-verano-1-800x333.png 800w, https:\/\/www.campingverneda.com\/blog\/wp-content\/uploads\/2026\/01\/camping-verneda-verano-1.png 960w\" sizes=\"(max-width: 960px) 100vw, 960px\" \/><\/a><\/p>\n<h3 class=\"p3\"><span class=\"s1\"><b>Bungalows y acampada: t\u00fa eliges c\u00f3mo vivir el verano<\/b><\/span><\/h3>\n<p class=\"p2\"><span class=\"s1\">Nuestros <a href=\"https:\/\/www.campingverneda.com\/pleta-aran\" target=\"_blank\" rel=\"noopener\"><span class=\"s2\"><b>bungalows<\/b><\/span><\/a><b> de madera<\/b>, rodeados de naturaleza, son perfectos para quienes buscan comodidad sin renunciar al esp\u00edritu de camping. Est\u00e1n totalmente equipados y pensados para estancias largas, ideales para familias, parejas o grupos de amig@s.<\/span><\/p>\n<p class=\"p2\"><span class=\"s1\">Si prefieres una experiencia m\u00e1s libre, la <b>acampada en Verneda<\/b> te permite instalarte en <a href=\"https:\/\/www.campingverneda.com\/parcela-confort\" target=\"_blank\" rel=\"noopener\"><span class=\"s2\"><b>amplias parcelas<\/b><\/span><\/a>, con todos los servicios necesarios y en un entorno privilegiado junto al r\u00edo Garona. Sea cual sea tu estilo, aqu\u00ed encontrar\u00e1s tu lugar.<\/span><\/p>\n<p class=\"p2\"><span class=\"s1\">Adem\u00e1s, somos <a href=\"https:\/\/www.campingverneda.com\/petfriendly\" target=\"_blank\" rel=\"noopener\"><span class=\"s2\"><b>pet friendly<\/b><\/span><\/a>, porque el verano se disfruta m\u00e1s cuando toda la familia viaja junta.<\/span><\/p>\n<p><a href=\"http:\/\/www.campingverneda.com\/blog\/2026\/01\/07\/mas-verano-menos-prisas\/camping-verneda-verano\/\" rel=\"attachment wp-att-5602\"><img decoding=\"async\" loading=\"lazy\" class=\"alignnone size-full wp-image-5602\" src=\"http:\/\/www.campingverneda.com\/blog\/wp-content\/uploads\/2026\/01\/camping-verneda-verano.png\" alt=\"\" width=\"960\" height=\"400\" srcset=\"https:\/\/www.campingverneda.com\/blog\/wp-content\/uploads\/2026\/01\/camping-verneda-verano-200x83.png 200w, https:\/\/www.campingverneda.com\/blog\/wp-content\/uploads\/2026\/01\/camping-verneda-verano-300x125.png 300w, https:\/\/www.campingverneda.com\/blog\/wp-content\/uploads\/2026\/01\/camping-verneda-verano-400x167.png 400w, https:\/\/www.campingverneda.com\/blog\/wp-content\/uploads\/2026\/01\/camping-verneda-verano-600x250.png 600w, https:\/\/www.campingverneda.com\/blog\/wp-content\/uploads\/2026\/01\/camping-verneda-verano-768x320.png 768w, https:\/\/www.campingverneda.com\/blog\/wp-content\/uploads\/2026\/01\/camping-verneda-verano-800x333.png 800w, https:\/\/www.campingverneda.com\/blog\/wp-content\/uploads\/2026\/01\/camping-verneda-verano.png 960w\" sizes=\"(max-width: 960px) 100vw, 960px\" \/><\/a><\/p>\n<h3 class=\"p3\"><span class=\"s1\"><b>\u00bfPor qu\u00e9 elegir temporada baja o media?<\/b><\/span><\/h3>\n<p class=\"p2\"><span class=\"s1\">Porque es cuando la monta\u00f1a se muestra m\u00e1s tranquila, los caminos invitan a caminar sin prisas y el ambiente es m\u00e1s relajado. Es el momento ideal para conectar con la naturaleza, conocer la Val d\u2019Aran a otro ritmo y aprovechar <b>precios especiales<\/b> sin renunciar a ning\u00fan servicio.<\/span><\/p>\n<p class=\"p2\"><span class=\"s1\">Este verano, reg\u00e1late tiempo, espacio y naturaleza. Aprovecha las <b>promociones de temporada baja y media<\/b> y vive el verano como se merece: a tu ritmo, en plena monta\u00f1a y con la esencia de la <b>#VIDAVerneda<\/b>.<\/span><\/p>\n","protected":false},"excerpt":{"rendered":"<p>El verano en la Val d\u2019Aran no es solo una estaci\u00f3n: es una forma de vivir. D\u00edas largos, naturaleza en estado puro, aire fresco de [&hellip;]<\/p>\n","protected":false},"author":1,"featured_media":5606,"comment_status":"open","ping_status":"open","sticky":false,"template":"","format":"standard","meta":[],"categories":[1,72],"tags":[2250,2249,2251,91,1777,2255,2254,2246,2253,2245,2247,2248,2252,818,16],"_links":{"self":[{"href":"https:\/\/www.campingverneda.com\/blog\/wp-json\/wp\/v2\/posts\/5601"}],"collection":[{"href":"https:\/\/www.campingverneda.com\/blog\/wp-json\/wp\/v2\/posts"}],"about":[{"href":"https:\/\/www.campingverneda.com\/blog\/wp-json\/wp\/v2\/types\/post"}],"author":[{"embeddable":true,"href":"https:\/\/www.campingverneda.com\/blog\/wp-json\/wp\/v2\/users\/1"}],"replies":[{"embeddable":true,"href":"https:\/\/www.campingverneda.com\/blog\/wp-json\/wp\/v2\/comments?post=5601"}],"version-history":[{"count":2,"href":"https:\/\/www.campingverneda.com\/blog\/wp-json\/wp\/v2\/posts\/5601\/revisions"}],"predecessor-version":[{"id":5608,"href":"https:\/\/www.campingverneda.com\/blog\/wp-json\/wp\/v2\/posts\/5601\/revisions\/5608"}],"wp:featuredmedia":[{"embeddable":true,"href":"https:\/\/www.campingverneda.com\/blog\/wp-json\/wp\/v2\/media\/5606"}],"wp:attachment":[{"href":"https:\/\/www.campingverneda.com\/blog\/wp-json\/wp\/v2\/media?parent=5601"}],"wp:term":[{"taxonomy":"category","embeddable":true,"href":"https:\/\/www.campingverneda.com\/blog\/wp-json\/wp\/v2\/categories?post=5601"},{"taxonomy":"post_tag","embeddable":true,"href":"https:\/\/www.campingverneda.com\/blog\/wp-json\/wp\/v2\/tags?post=5601"}],"curies":[{"name":"wp","href":"https:\/\/api.w.org\/{rel}","templated":true}]}}