{"id":5588,"date":"2025-12-23T10:30:31","date_gmt":"2025-12-23T10:30:31","guid":{"rendered":"http:\/\/www.campingverneda.com\/blog\/?p=5588"},"modified":"2025-12-23T10:31:32","modified_gmt":"2025-12-23T10:31:32","slug":"despedimos-2025-bienvenida-40-aniversario","status":"publish","type":"post","link":"https:\/\/www.campingverneda.com\/blog\/2025\/12\/23\/despedimos-2025-bienvenida-40-aniversario\/","title":{"rendered":"Despedimos 2025 y damos la bienvenida a nuestro 40 aniversario"},"content":{"rendered":"<p class=\"p2\"><span class=\"s1\">Este 2025 ha sido un a\u00f1o lleno de momentos inolvidables en <\/span><span class=\"s2\"><b>V<\/b><a href=\"https:\/\/www.campingverneda.com\/\" target=\"_blank\" rel=\"noopener\"><b>erneda Camping Mountain Resort.<\/b><\/a><\/span><span class=\"s1\"> Gracias a todos vosotros, hemos compartido risas, aventuras y la magia de la naturaleza en el coraz\u00f3n de la Val d&#8217;Aran. Pero lo mejor est\u00e1 por llegar: \u00a1el pr\u00f3ximo a\u00f1o celebramos nuestro <b>40 aniversario<\/b>!<\/span><\/p>\n<p><a href=\"http:\/\/www.campingverneda.com\/blog\/2025\/12\/23\/despedimos-2025-bienvenida-40-aniversario\/camping-verneda-40-aniversario\/\" rel=\"attachment wp-att-5590\"><img decoding=\"async\" loading=\"lazy\" class=\"alignnone size-full wp-image-5590\" src=\"http:\/\/www.campingverneda.com\/blog\/wp-content\/uploads\/2025\/12\/camping-verneda-40-aniversario.png\" alt=\"\" width=\"960\" height=\"400\" srcset=\"https:\/\/www.campingverneda.com\/blog\/wp-content\/uploads\/2025\/12\/camping-verneda-40-aniversario-200x83.png 200w, https:\/\/www.campingverneda.com\/blog\/wp-content\/uploads\/2025\/12\/camping-verneda-40-aniversario-300x125.png 300w, https:\/\/www.campingverneda.com\/blog\/wp-content\/uploads\/2025\/12\/camping-verneda-40-aniversario-400x167.png 400w, https:\/\/www.campingverneda.com\/blog\/wp-content\/uploads\/2025\/12\/camping-verneda-40-aniversario-600x250.png 600w, https:\/\/www.campingverneda.com\/blog\/wp-content\/uploads\/2025\/12\/camping-verneda-40-aniversario-768x320.png 768w, https:\/\/www.campingverneda.com\/blog\/wp-content\/uploads\/2025\/12\/camping-verneda-40-aniversario-800x333.png 800w, https:\/\/www.campingverneda.com\/blog\/wp-content\/uploads\/2025\/12\/camping-verneda-40-aniversario.png 960w\" sizes=\"(max-width: 960px) 100vw, 960px\" \/><\/a><\/p>\n<h3 class=\"p3\"><span class=\"s1\"><b>Un a\u00f1o de experiencias \u00fanicas<\/b><\/span><\/h3>\n<p class=\"p2\"><span class=\"s1\">Durante este a\u00f1o, hemos vivido juntos momentos que quedar\u00e1n grabados en nuestra memoria:<\/span><\/p>\n<ul class=\"ul1\">\n<li class=\"li2\"><span class=\"s3\"><b><\/b><a href=\"https:\/\/www.campingverneda.com\/animacion-infantil\" target=\"_blank\" rel=\"noopener\"><span class=\"s4\"><b>Actividades para toda la familia<\/b><\/span><\/a><\/span><span class=\"s1\">: desde talleres creativos hasta rutas guiadas por la naturaleza, cada actividad ha sido pensada para que todos, grandes y peque\u00f1os, disfruten al m\u00e1ximo.<\/span><\/li>\n<li class=\"li2\"><b><\/b><span class=\"s1\"><b>Eventos especiales<\/b>: celebramos festivales, conciertos y noches tem\u00e1ticas que han llenado de alegr\u00eda y m\u00fasica las noches de verano.<\/span><\/li>\n<li class=\"li2\"><b><\/b><span class=\"s1\"><b>Conexi\u00f3n con la naturaleza<\/b>: hemos organizado rutas de senderismo, paseos en bicicleta y <a href=\"https:\/\/www.campingverneda.com\/programa-actividades\" target=\"_blank\" rel=\"noopener\"><span class=\"s4\"><b>actividades<\/b><\/span><\/a> acu\u00e1ticas que nos han permitido descubrir la belleza de la Val d&#8217;Aran en su m\u00e1xima expresi\u00f3n.<\/span><\/li>\n<\/ul>\n<p><a href=\"http:\/\/www.campingverneda.com\/blog\/2025\/12\/23\/despedimos-2025-bienvenida-40-aniversario\/camping-verneda-40-aniversario-1\/\" rel=\"attachment wp-att-5589\"><img decoding=\"async\" loading=\"lazy\" class=\"alignnone size-full wp-image-5589\" src=\"http:\/\/www.campingverneda.com\/blog\/wp-content\/uploads\/2025\/12\/camping-verneda-40-aniversario-1.png\" alt=\"\" width=\"960\" height=\"400\" srcset=\"https:\/\/www.campingverneda.com\/blog\/wp-content\/uploads\/2025\/12\/camping-verneda-40-aniversario-1-200x83.png 200w, https:\/\/www.campingverneda.com\/blog\/wp-content\/uploads\/2025\/12\/camping-verneda-40-aniversario-1-300x125.png 300w, https:\/\/www.campingverneda.com\/blog\/wp-content\/uploads\/2025\/12\/camping-verneda-40-aniversario-1-400x167.png 400w, https:\/\/www.campingverneda.com\/blog\/wp-content\/uploads\/2025\/12\/camping-verneda-40-aniversario-1-600x250.png 600w, https:\/\/www.campingverneda.com\/blog\/wp-content\/uploads\/2025\/12\/camping-verneda-40-aniversario-1-768x320.png 768w, https:\/\/www.campingverneda.com\/blog\/wp-content\/uploads\/2025\/12\/camping-verneda-40-aniversario-1-800x333.png 800w, https:\/\/www.campingverneda.com\/blog\/wp-content\/uploads\/2025\/12\/camping-verneda-40-aniversario-1.png 960w\" sizes=\"(max-width: 960px) 100vw, 960px\" \/><\/a><\/p>\n<h3 class=\"p3\"><span class=\"s1\"><b>Prepar\u00e1ndonos para el 40 aniversario<\/b><\/span><\/h3>\n<p class=\"p2\"><span class=\"s1\">El 2026 ser\u00e1 un a\u00f1o muy especial para nosotros. Cumplimos <b>40 a\u00f1os<\/b> ofreciendo experiencias \u00fanicas en el coraz\u00f3n de los Pirineos. Para celebrarlo, estamos preparando una serie de eventos y actividades que har\u00e1n de este aniversario una ocasi\u00f3n inolvidable:<\/span><\/p>\n<ul class=\"ul1\">\n<li class=\"li2\"><b><\/b><span class=\"s1\"><b>Eventos tem\u00e1ticos<\/b>: durante todo el a\u00f1o, organizaremos actividades especiales que rendir\u00e1n homenaje a nuestra historia y a todos los que han formado parte de ella.<\/span><\/li>\n<li class=\"li2\"><b><\/b><span class=\"s1\"><b>Mejoras en nuestras instalaciones<\/b>: estamos trabajando para ofreceros un espacio a\u00fan m\u00e1s c\u00f3modo y acogedor, sin perder la esencia que nos caracteriza.<\/span><\/li>\n<li class=\"li2\"><b><\/b><span class=\"s1\"><b>Sorpresas para nuestros hu\u00e9spedes<\/b>: queremos agradeceros vuestra fidelidad con detalles especiales que har\u00e1n de vuestra estancia una experiencia \u00fanica.<\/span><\/li>\n<\/ul>\n<p><a href=\"http:\/\/www.campingverneda.com\/blog\/2025\/12\/23\/despedimos-2025-bienvenida-40-aniversario\/camping-verneda-40-aniversario-2\/\" rel=\"attachment wp-att-5596\"><img decoding=\"async\" loading=\"lazy\" class=\"alignnone size-full wp-image-5596\" src=\"http:\/\/www.campingverneda.com\/blog\/wp-content\/uploads\/2025\/12\/camping-verneda-40-aniversario-2.png\" alt=\"\" width=\"960\" height=\"400\" srcset=\"https:\/\/www.campingverneda.com\/blog\/wp-content\/uploads\/2025\/12\/camping-verneda-40-aniversario-2-200x83.png 200w, https:\/\/www.campingverneda.com\/blog\/wp-content\/uploads\/2025\/12\/camping-verneda-40-aniversario-2-300x125.png 300w, https:\/\/www.campingverneda.com\/blog\/wp-content\/uploads\/2025\/12\/camping-verneda-40-aniversario-2-400x167.png 400w, https:\/\/www.campingverneda.com\/blog\/wp-content\/uploads\/2025\/12\/camping-verneda-40-aniversario-2-600x250.png 600w, https:\/\/www.campingverneda.com\/blog\/wp-content\/uploads\/2025\/12\/camping-verneda-40-aniversario-2-768x320.png 768w, https:\/\/www.campingverneda.com\/blog\/wp-content\/uploads\/2025\/12\/camping-verneda-40-aniversario-2-800x333.png 800w, https:\/\/www.campingverneda.com\/blog\/wp-content\/uploads\/2025\/12\/camping-verneda-40-aniversario-2.png 960w\" sizes=\"(max-width: 960px) 100vw, 960px\" \/><\/a><\/p>\n<h3 class=\"p3\"><span class=\"s1\"><b>Compromiso con la sostenibilidad<\/b><\/span><\/h3>\n<p class=\"p2\"><span class=\"s1\">En <a href=\"https:\/\/www.campingverneda.com\/\" target=\"_blank\" rel=\"noopener\"><span class=\"s4\"><b>Verneda Camping Mountain Resort<\/b><\/span><\/a>, la sostenibilidad es una prioridad. Este a\u00f1o hemos implementado nuevas iniciativas para cuidar nuestro entorno y promover un turismo responsable:<\/span><\/p>\n<ul class=\"ul1\">\n<li class=\"li2\"><b><\/b><span class=\"s1\"><b>Instalaciones m\u00e1s eficientes<\/b>: hemos incorporado sistemas<span class=\"Apple-converted-space\">\u00a0 <\/span>que nos ayudan a ser energ\u00e9ticamente m\u00e1s eficientes, tanto en nuestros recinto como en los bungalows. <\/span><\/li>\n<li class=\"li2\"><b><\/b><span class=\"s1\"><b>Gesti\u00f3n de residuos<\/b>: implementamos un sistema de reciclaje m\u00e1s eficiente y promovemos el uso de productos biodegradables.<\/span><\/li>\n<li class=\"li2\"><b><\/b><span class=\"s1\"><b>Reducimos nuez impacto en el medio ambiente<\/b>: gracias a la implementaci\u00f3n de sensores estamos colaborando por dejar una huella sostenible mucho menor.<\/span><\/li>\n<\/ul>\n<p><a href=\"http:\/\/www.campingverneda.com\/blog\/2025\/12\/23\/despedimos-2025-bienvenida-40-aniversario\/camping-verneda-40-aniversario-3\/\" rel=\"attachment wp-att-5592\"><img decoding=\"async\" loading=\"lazy\" class=\"alignnone size-full wp-image-5592\" src=\"http:\/\/www.campingverneda.com\/blog\/wp-content\/uploads\/2025\/12\/camping-verneda-40-aniversario-3.png\" alt=\"\" width=\"960\" height=\"400\" srcset=\"https:\/\/www.campingverneda.com\/blog\/wp-content\/uploads\/2025\/12\/camping-verneda-40-aniversario-3-200x83.png 200w, https:\/\/www.campingverneda.com\/blog\/wp-content\/uploads\/2025\/12\/camping-verneda-40-aniversario-3-300x125.png 300w, https:\/\/www.campingverneda.com\/blog\/wp-content\/uploads\/2025\/12\/camping-verneda-40-aniversario-3-400x167.png 400w, https:\/\/www.campingverneda.com\/blog\/wp-content\/uploads\/2025\/12\/camping-verneda-40-aniversario-3-600x250.png 600w, https:\/\/www.campingverneda.com\/blog\/wp-content\/uploads\/2025\/12\/camping-verneda-40-aniversario-3-768x320.png 768w, https:\/\/www.campingverneda.com\/blog\/wp-content\/uploads\/2025\/12\/camping-verneda-40-aniversario-3-800x333.png 800w, https:\/\/www.campingverneda.com\/blog\/wp-content\/uploads\/2025\/12\/camping-verneda-40-aniversario-3.png 960w\" sizes=\"(max-width: 960px) 100vw, 960px\" \/><\/a><\/p>\n<h3 class=\"p3\"><span class=\"s1\"><b>Gracias por formar parte de nuestra historia<\/b><\/span><\/h3>\n<p class=\"p2\"><span class=\"s1\">Queremos agradecer a tod@s nuestr@s hu\u00e9spedes, colaborador@s y amig@s por su apoyo y confianza. Sin vosotr@s, nada de esto ser\u00eda posible. Vuestra sonrisa, vuestros comentarios y vuestra compa\u00f1\u00eda son lo que nos impulsa a seguir creciendo y mejorando cada d\u00eda.<\/span><\/p>\n<h3 class=\"p3\"><span class=\"s1\"><b>\u00a1Nos vemos en el 2026!<\/b><\/span><\/h3>\n<p class=\"p2\"><span class=\"s1\">Os invitamos a ser parte de este <b>40 aniversario<\/b>. Reservad vuestra estancia y venid a celebrar con nosotros este hito tan especial. Junt@s, haremos que el 2026 sea un a\u00f1o lleno de recuerdos inolvidables.<\/span><\/p>\n","protected":false},"excerpt":{"rendered":"<p>Este 2025 ha sido un a\u00f1o lleno de momentos inolvidables en Verneda Camping Mountain Resort. Gracias a todos vosotros, hemos compartido risas, aventuras y la [&hellip;]<\/p>\n","protected":false},"author":1,"featured_media":5593,"comment_status":"open","ping_status":"open","sticky":false,"template":"","format":"standard","meta":[],"categories":[1,1276,69],"tags":[2236,2237,2072,2244,2240,2242,2239,2238,2241,2243,657,167,818],"_links":{"self":[{"href":"https:\/\/www.campingverneda.com\/blog\/wp-json\/wp\/v2\/posts\/5588"}],"collection":[{"href":"https:\/\/www.campingverneda.com\/blog\/wp-json\/wp\/v2\/posts"}],"about":[{"href":"https:\/\/www.campingverneda.com\/blog\/wp-json\/wp\/v2\/types\/post"}],"author":[{"embeddable":true,"href":"https:\/\/www.campingverneda.com\/blog\/wp-json\/wp\/v2\/users\/1"}],"replies":[{"embeddable":true,"href":"https:\/\/www.campingverneda.com\/blog\/wp-json\/wp\/v2\/comments?post=5588"}],"version-history":[{"count":3,"href":"https:\/\/www.campingverneda.com\/blog\/wp-json\/wp\/v2\/posts\/5588\/revisions"}],"predecessor-version":[{"id":5597,"href":"https:\/\/www.campingverneda.com\/blog\/wp-json\/wp\/v2\/posts\/5588\/revisions\/5597"}],"wp:featuredmedia":[{"embeddable":true,"href":"https:\/\/www.campingverneda.com\/blog\/wp-json\/wp\/v2\/media\/5593"}],"wp:attachment":[{"href":"https:\/\/www.campingverneda.com\/blog\/wp-json\/wp\/v2\/media?parent=5588"}],"wp:term":[{"taxonomy":"category","embeddable":true,"href":"https:\/\/www.campingverneda.com\/blog\/wp-json\/wp\/v2\/categories?post=5588"},{"taxonomy":"post_tag","embeddable":true,"href":"https:\/\/www.campingverneda.com\/blog\/wp-json\/wp\/v2\/tags?post=5588"}],"curies":[{"name":"wp","href":"https:\/\/api.w.org\/{rel}","templated":true}]}}