{"id":5580,"date":"2025-12-16T12:19:33","date_gmt":"2025-12-16T12:19:33","guid":{"rendered":"http:\/\/www.campingverneda.com\/blog\/?p=5580"},"modified":"2025-12-16T12:19:34","modified_gmt":"2025-12-16T12:19:34","slug":"navidad-pirineos-camping-verneda","status":"publish","type":"post","link":"https:\/\/www.campingverneda.com\/blog\/2025\/12\/16\/navidad-pirineos-camping-verneda\/","title":{"rendered":"\u00a1Feliz Navidad desde los Pirineos!"},"content":{"rendered":"<p class=\"p2\"><span class=\"s1\">La Navidad en los Pirineos es una experiencia m\u00e1gica que combina la belleza natural de la monta\u00f1a con las tradiciones m\u00e1s entra\u00f1ables. En Verneda Camping Mountain Resort, ubicado en el coraz\u00f3n de la Val d\u2019Aran, te invitamos a celebrar estas fiestas de manera sostenible y aut\u00e9ntica, rodeado de nieve, historia y cultura local.<\/span><\/p>\n<p><a href=\"http:\/\/www.campingverneda.com\/blog\/2025\/12\/16\/navidad-pirineos-camping-verneda\/camping-verneda-navidad-3\/\" rel=\"attachment wp-att-5584\"><img decoding=\"async\" loading=\"lazy\" class=\"alignnone size-full wp-image-5584\" src=\"http:\/\/www.campingverneda.com\/blog\/wp-content\/uploads\/2025\/12\/camping-verneda-navidad-3.png\" alt=\"\" width=\"960\" height=\"400\" srcset=\"https:\/\/www.campingverneda.com\/blog\/wp-content\/uploads\/2025\/12\/camping-verneda-navidad-3-200x83.png 200w, https:\/\/www.campingverneda.com\/blog\/wp-content\/uploads\/2025\/12\/camping-verneda-navidad-3-300x125.png 300w, https:\/\/www.campingverneda.com\/blog\/wp-content\/uploads\/2025\/12\/camping-verneda-navidad-3-400x167.png 400w, https:\/\/www.campingverneda.com\/blog\/wp-content\/uploads\/2025\/12\/camping-verneda-navidad-3-600x250.png 600w, https:\/\/www.campingverneda.com\/blog\/wp-content\/uploads\/2025\/12\/camping-verneda-navidad-3-768x320.png 768w, https:\/\/www.campingverneda.com\/blog\/wp-content\/uploads\/2025\/12\/camping-verneda-navidad-3-800x333.png 800w, https:\/\/www.campingverneda.com\/blog\/wp-content\/uploads\/2025\/12\/camping-verneda-navidad-3.png 960w\" sizes=\"(max-width: 960px) 100vw, 960px\" \/><\/a><\/p>\n<h3 class=\"p3\"><span class=\"s1\"><b>Un entorno inigualable para tus fiestas<\/b><\/span><\/h3>\n<p class=\"p2\"><span class=\"s1\">La Val d\u2019Aran se transforma en un <a href=\"https:\/\/www.campingverneda.com\/invierno\" target=\"_blank\" rel=\"noopener\"><span class=\"s2\"><b>para\u00edso invernal <\/b><\/span><\/a>durante diciembre. Sus pueblos, como Vielha, se visten con luces navide\u00f1as, mercados artesanales y eventos culturales que evocan el esp\u00edritu de anta\u00f1o. Las monta\u00f1as cubiertas de nieve ofrecen el escenario perfecto para <a href=\"https:\/\/www.visitvaldaran.com\/wp-content\/uploads\/2020\/11\/FOLLETO-10-PLANES-NOV-20-DEFINITIVO.pdf\" target=\"_blank\" rel=\"noopener\"><span class=\"s2\"><b>actividades<\/b><\/span><\/a> al aire libre como el esqu\u00ed en Baqueira Beret, paseos con <a href=\"https:\/\/www.visitvaldaran.com\/wp-content\/uploads\/2020\/11\/FOLLETO-RAQUETAS-NOV-20-CATALAN-CASTELLANO.pdf\" target=\"_blank\" rel=\"noopener\"><span class=\"s2\"><b>raquetas de nieve <\/b><\/span><\/a>o tranquilas caminatas por los bosques nevados.<\/span><\/p>\n<h3 class=\"p3\"><span class=\"s1\"><b>Tradiciones navide\u00f1as con un toque local<\/b><\/span><\/h3>\n<p class=\"p2\"><span class=\"s1\">En esta regi\u00f3n, la Navidad se celebra con tradiciones propias que enriquecen la experiencia. Los mercados navide\u00f1os, como el de Vielha, ofrecen productos artesanales locales, ideales para regalar o decorar tu hogar. Adem\u00e1s, las iglesias del valle, con su arquitectura rom\u00e1nica, celebran misas especiales que invitan a la reflexi\u00f3n y al recogimiento.<\/span><\/p>\n<p><a href=\"http:\/\/www.campingverneda.com\/blog\/2025\/12\/16\/navidad-pirineos-camping-verneda\/camping-verneda-navidad-1\/\" rel=\"attachment wp-att-5583\"><img decoding=\"async\" loading=\"lazy\" class=\"alignnone size-full wp-image-5583\" src=\"http:\/\/www.campingverneda.com\/blog\/wp-content\/uploads\/2025\/12\/camping-verneda-navidad-1.png\" alt=\"\" width=\"960\" height=\"400\" srcset=\"https:\/\/www.campingverneda.com\/blog\/wp-content\/uploads\/2025\/12\/camping-verneda-navidad-1-200x83.png 200w, https:\/\/www.campingverneda.com\/blog\/wp-content\/uploads\/2025\/12\/camping-verneda-navidad-1-300x125.png 300w, https:\/\/www.campingverneda.com\/blog\/wp-content\/uploads\/2025\/12\/camping-verneda-navidad-1-400x167.png 400w, https:\/\/www.campingverneda.com\/blog\/wp-content\/uploads\/2025\/12\/camping-verneda-navidad-1-600x250.png 600w, https:\/\/www.campingverneda.com\/blog\/wp-content\/uploads\/2025\/12\/camping-verneda-navidad-1-768x320.png 768w, https:\/\/www.campingverneda.com\/blog\/wp-content\/uploads\/2025\/12\/camping-verneda-navidad-1-800x333.png 800w, https:\/\/www.campingverneda.com\/blog\/wp-content\/uploads\/2025\/12\/camping-verneda-navidad-1.png 960w\" sizes=\"(max-width: 960px) 100vw, 960px\" \/><\/a><\/p>\n<h3 class=\"p3\"><span class=\"s1\"><b>Regalos con conciencia ecol\u00f3gica<\/b><\/span><\/h3>\n<p class=\"p2\"><span class=\"s1\">Opta por regalos que promuevan la sostenibilidad. En los mercados locales, puedes encontrar productos artesanales elaborados con t\u00e9cnicas tradicionales y materiales naturales. Adem\u00e1s, regalar experiencias, como una <a href=\"https:\/\/www.campingverneda.com\/bungalows\" target=\"_blank\" rel=\"noopener\"><span class=\"s2\"><b>estancia en Verneda Camping Mountain Resort,<\/b><\/span><\/a> permite disfrutar de momentos inolvidables en familia o con amigos, sin generar residuos innecesarios.<\/span><\/p>\n<h3 class=\"p3\"><span class=\"s1\"><b>Consejos para unas fiestas sostenibles<\/b><\/span><\/h3>\n<ul class=\"ul1\">\n<li class=\"li2\"><b><\/b><span class=\"s1\"><b>Iluminaci\u00f3n eficiente<\/b>: Utiliza luces LED para decorar tu espacio, ya que consumen menos energ\u00eda y tienen una mayor durabilidad.<\/span><\/li>\n<li class=\"li2\"><b><\/b><span class=\"s1\"><b>Decoraci\u00f3n natural<\/b>: Emplea elementos naturales como pi\u00f1as, ramas secas o tela reciclada para tus adornos navide\u00f1os.<\/span><\/li>\n<li class=\"li2\"><b><\/b><span class=\"s1\"><b>Consumo responsable<\/b>: Planifica tus compras para evitar el desperdicio de alimentos y productos innecesarios.<\/span><\/li>\n<li class=\"li2\"><b><\/b><span class=\"s1\"><b>Movilidad sostenible<\/b>: Si visitas la Val d\u2019Aran, considera el uso de transporte p\u00fablico o comparte veh\u00edculo para reducir las emisiones de CO<\/span><span class=\"s4\">\u2082<\/span><span class=\"s1\">.<br \/>\n<\/span><\/li>\n<\/ul>\n<p><a href=\"http:\/\/www.campingverneda.com\/blog\/2025\/12\/16\/navidad-pirineos-camping-verneda\/camping-verneda-navidad-2\/\" rel=\"attachment wp-att-5582\"><img decoding=\"async\" loading=\"lazy\" class=\"alignnone size-full wp-image-5582\" src=\"http:\/\/www.campingverneda.com\/blog\/wp-content\/uploads\/2025\/12\/camping-verneda-navidad-2.png\" alt=\"\" width=\"960\" height=\"400\" srcset=\"https:\/\/www.campingverneda.com\/blog\/wp-content\/uploads\/2025\/12\/camping-verneda-navidad-2-200x83.png 200w, https:\/\/www.campingverneda.com\/blog\/wp-content\/uploads\/2025\/12\/camping-verneda-navidad-2-300x125.png 300w, https:\/\/www.campingverneda.com\/blog\/wp-content\/uploads\/2025\/12\/camping-verneda-navidad-2-400x167.png 400w, https:\/\/www.campingverneda.com\/blog\/wp-content\/uploads\/2025\/12\/camping-verneda-navidad-2-600x250.png 600w, https:\/\/www.campingverneda.com\/blog\/wp-content\/uploads\/2025\/12\/camping-verneda-navidad-2-768x320.png 768w, https:\/\/www.campingverneda.com\/blog\/wp-content\/uploads\/2025\/12\/camping-verneda-navidad-2-800x333.png 800w, https:\/\/www.campingverneda.com\/blog\/wp-content\/uploads\/2025\/12\/camping-verneda-navidad-2.png 960w\" sizes=\"(max-width: 960px) 100vw, 960px\" \/><\/a><\/p>\n<h3 class=\"p3\"><span class=\"s1\"><b>Disfruta de la Navidad en Verneda Camping Mountain Resort<\/b><\/span><\/h3>\n<p class=\"p2\"><span class=\"s1\">Nuestros <a href=\"https:\/\/www.campingverneda.com\/cabana\" target=\"_blank\" rel=\"noopener\"><span class=\"s2\"><b>bungalows<\/b><\/span><\/a> de madera ofrecen un refugio c\u00e1lido y acogedor, ideal para disfrutar de la tranquilidad del entorno pirenaico. Tras un d\u00eda de actividades al aire libre, puedes relajarte junto a la chimenea, degustar platos tradicionales elaborados con productos locales y compartir <b>momentos especiales con tus seres queridos<\/b>.<\/span><\/p>\n","protected":false},"excerpt":{"rendered":"<p>La Navidad en los Pirineos es una experiencia m\u00e1gica que combina la belleza natural de la monta\u00f1a con las tradiciones m\u00e1s entra\u00f1ables. En Verneda Camping [&hellip;]<\/p>\n","protected":false},"author":1,"featured_media":5585,"comment_status":"open","ping_status":"open","sticky":false,"template":"","format":"standard","meta":[],"categories":[1452],"tags":[2231,48,2235,2234,2208,2210,2201,1652,2233,2205,667,13,818],"_links":{"self":[{"href":"https:\/\/www.campingverneda.com\/blog\/wp-json\/wp\/v2\/posts\/5580"}],"collection":[{"href":"https:\/\/www.campingverneda.com\/blog\/wp-json\/wp\/v2\/posts"}],"about":[{"href":"https:\/\/www.campingverneda.com\/blog\/wp-json\/wp\/v2\/types\/post"}],"author":[{"embeddable":true,"href":"https:\/\/www.campingverneda.com\/blog\/wp-json\/wp\/v2\/users\/1"}],"replies":[{"embeddable":true,"href":"https:\/\/www.campingverneda.com\/blog\/wp-json\/wp\/v2\/comments?post=5580"}],"version-history":[{"count":2,"href":"https:\/\/www.campingverneda.com\/blog\/wp-json\/wp\/v2\/posts\/5580\/revisions"}],"predecessor-version":[{"id":5587,"href":"https:\/\/www.campingverneda.com\/blog\/wp-json\/wp\/v2\/posts\/5580\/revisions\/5587"}],"wp:featuredmedia":[{"embeddable":true,"href":"https:\/\/www.campingverneda.com\/blog\/wp-json\/wp\/v2\/media\/5585"}],"wp:attachment":[{"href":"https:\/\/www.campingverneda.com\/blog\/wp-json\/wp\/v2\/media?parent=5580"}],"wp:term":[{"taxonomy":"category","embeddable":true,"href":"https:\/\/www.campingverneda.com\/blog\/wp-json\/wp\/v2\/categories?post=5580"},{"taxonomy":"post_tag","embeddable":true,"href":"https:\/\/www.campingverneda.com\/blog\/wp-json\/wp\/v2\/tags?post=5580"}],"curies":[{"name":"wp","href":"https:\/\/api.w.org\/{rel}","templated":true}]}}