{"id":5561,"date":"2025-12-02T19:10:17","date_gmt":"2025-12-02T19:10:17","guid":{"rendered":"http:\/\/www.campingverneda.com\/blog\/?p=5561"},"modified":"2025-12-02T19:10:19","modified_gmt":"2025-12-02T19:10:19","slug":"agenda-de-navidad-en-la-val-daran-tradicion-nieve-y-magia","status":"publish","type":"post","link":"https:\/\/www.campingverneda.com\/blog\/2025\/12\/02\/agenda-de-navidad-en-la-val-daran-tradicion-nieve-y-magia\/","title":{"rendered":"Agenda de Navidad en la Val d\u2019Aran: tradici\u00f3n, nieve y magia"},"content":{"rendered":"<p class=\"p2\"><span class=\"s1\">La <b>Val d\u2019Aran<\/b> se transforma cada diciembre en un escenario de cuento, donde la nieve cubre sus monta\u00f1as y los pueblos se llenan de luces, m\u00fasica y tradiciones centenarias. En <a href=\"https:\/\/www.campingverneda.com\/\" target=\"_blank\" rel=\"noopener\"><span class=\"s2\"><b>Verneda Camping Mountain Resort<\/b><\/span><\/a>, ubicado en el coraz\u00f3n de este valle pirenaico, te invitamos a descubrir las principales actividades navide\u00f1as que har\u00e1n de tu estancia una experiencia inolvidable.<\/span><\/p>\n<p><a href=\"http:\/\/www.campingverneda.com\/blog\/2025\/12\/02\/agenda-de-navidad-en-la-val-daran-tradicion-nieve-y-magia\/camping-verneda-agenda-navidad-3\/\" rel=\"attachment wp-att-5563\"><img decoding=\"async\" loading=\"lazy\" class=\"alignnone size-full wp-image-5563\" src=\"http:\/\/www.campingverneda.com\/blog\/wp-content\/uploads\/2025\/12\/camping-verneda-agenda-navidad-3.png\" alt=\"\" width=\"960\" height=\"400\" srcset=\"https:\/\/www.campingverneda.com\/blog\/wp-content\/uploads\/2025\/12\/camping-verneda-agenda-navidad-3-200x83.png 200w, https:\/\/www.campingverneda.com\/blog\/wp-content\/uploads\/2025\/12\/camping-verneda-agenda-navidad-3-300x125.png 300w, https:\/\/www.campingverneda.com\/blog\/wp-content\/uploads\/2025\/12\/camping-verneda-agenda-navidad-3-400x167.png 400w, https:\/\/www.campingverneda.com\/blog\/wp-content\/uploads\/2025\/12\/camping-verneda-agenda-navidad-3-600x250.png 600w, https:\/\/www.campingverneda.com\/blog\/wp-content\/uploads\/2025\/12\/camping-verneda-agenda-navidad-3-768x320.png 768w, https:\/\/www.campingverneda.com\/blog\/wp-content\/uploads\/2025\/12\/camping-verneda-agenda-navidad-3-800x333.png 800w, https:\/\/www.campingverneda.com\/blog\/wp-content\/uploads\/2025\/12\/camping-verneda-agenda-navidad-3.png 960w\" sizes=\"(max-width: 960px) 100vw, 960px\" \/><\/a><\/p>\n<h3 class=\"p3\"><span class=\"s1\"><b>Actividades en Vielha<\/b><\/span><\/h3>\n<p class=\"p2\"><span class=\"s1\"><b>Vielha<\/b>, la capital del valle, ofrece una amplia variedad de eventos durante la Navidad:<\/span><\/p>\n<ul class=\"ul1\">\n<li class=\"li2\"><b><\/b><span class=\"s1\"><b>Parc Infantil de Nadau<\/b>: del 21 de diciembre al 6 de enero, los m\u00e1s peque\u00f1os podr\u00e1n disfrutar de actividades recreativas en el centro de Vielha.<\/span><\/li>\n<li class=\"li2\"><b><\/b><span class=\"s1\"><b>Patinaje sobre hielo<\/b>: en el Palai de G\u00e8u de Vielha, del 21 de diciembre al 5 de enero, se habilita una pista de patinaje para toda la familia.<\/span><\/li>\n<\/ul>\n<h3 class=\"p3\"><span class=\"s1\"><b>Conciertos y Cultura<\/b><\/span><\/h3>\n<p class=\"p2\"><span class=\"s1\">La m\u00fasica y la cultura son protagonistas en estas fiestas:<\/span><\/p>\n<ul class=\"ul1\">\n<li class=\"li2\"><b><\/b><span class=\"s1\"><b>Concert de Nadau en Les<\/b>: el 21 de diciembre, una cita con la m\u00fasica tradicional aranesa en la iglesia de Les.<\/span><\/li>\n<li class=\"li2\"><b><\/b><span class=\"s1\"><b>Concert d&#8217;Orgue en Vielha<\/b>: El 28 de diciembre, disfruta de un concierto de \u00f3rgano en la iglesia de Vielha.<\/span><\/li>\n<li class=\"li2\"><b><\/b><span class=\"s1\"><b>New Year&#8217;s Concert en Baqueira Beret<\/b>: El 1 de enero, un concierto especial para recibir el nuevo a\u00f1o en la estaci\u00f3n de esqu\u00ed.<\/span><\/li>\n<\/ul>\n<p><a href=\"http:\/\/www.campingverneda.com\/blog\/2025\/12\/02\/agenda-de-navidad-en-la-val-daran-tradicion-nieve-y-magia\/camping-verneda-agenda-navidad-1\/\" rel=\"attachment wp-att-5564\"><img decoding=\"async\" loading=\"lazy\" class=\"alignnone size-full wp-image-5564\" src=\"http:\/\/www.campingverneda.com\/blog\/wp-content\/uploads\/2025\/12\/camping-verneda-agenda-navidad-1.png\" alt=\"\" width=\"960\" height=\"400\" srcset=\"https:\/\/www.campingverneda.com\/blog\/wp-content\/uploads\/2025\/12\/camping-verneda-agenda-navidad-1-200x83.png 200w, https:\/\/www.campingverneda.com\/blog\/wp-content\/uploads\/2025\/12\/camping-verneda-agenda-navidad-1-300x125.png 300w, https:\/\/www.campingverneda.com\/blog\/wp-content\/uploads\/2025\/12\/camping-verneda-agenda-navidad-1-400x167.png 400w, https:\/\/www.campingverneda.com\/blog\/wp-content\/uploads\/2025\/12\/camping-verneda-agenda-navidad-1-600x250.png 600w, https:\/\/www.campingverneda.com\/blog\/wp-content\/uploads\/2025\/12\/camping-verneda-agenda-navidad-1-768x320.png 768w, https:\/\/www.campingverneda.com\/blog\/wp-content\/uploads\/2025\/12\/camping-verneda-agenda-navidad-1-800x333.png 800w, https:\/\/www.campingverneda.com\/blog\/wp-content\/uploads\/2025\/12\/camping-verneda-agenda-navidad-1.png 960w\" sizes=\"(max-width: 960px) 100vw, 960px\" \/><\/a><\/p>\n<h3 class=\"p3\"><span class=\"s1\"><b>Tradiciones Navide\u00f1as<\/b><\/span><\/h3>\n<p class=\"p2\"><span class=\"s1\">La Val d&#8217;Aran conserva vivas sus tradiciones m\u00e1s entra\u00f1ables:<\/span><\/p>\n<ul class=\"ul1\">\n<li class=\"li2\"><b><\/b><span class=\"s1\"><b>Arribada deth Pair Nadau<\/b>: El 20 de diciembre en Boss\u00f2st, la llegada de Pap\u00e1 Noel al pueblo.<\/span><\/li>\n<li class=\"li2\"><b><\/b><span class=\"s1\"><b>Tronca de Nadau<\/b>: El 22 de diciembre en Bagergue y el 23 de diciembre en Vielha, con regalos para los m\u00e1s peque\u00f1os de la casa.<\/span><\/li>\n<li class=\"li2\"><b><\/b><span class=\"s1\"><b>H\u00e8sta de Cap d&#8217;An<\/b>: El 31 de diciembre, celebraciones de fin de a\u00f1o en Boss\u00f2st y Vielha con m\u00fasica, fuegos artificiales y ambiente festivo.<\/span><\/li>\n<\/ul>\n<p><a href=\"http:\/\/www.campingverneda.com\/blog\/2025\/12\/02\/agenda-de-navidad-en-la-val-daran-tradicion-nieve-y-magia\/camping-verneda-agenda-navidad-2\/\" rel=\"attachment wp-att-5562\"><img decoding=\"async\" loading=\"lazy\" class=\"alignnone size-full wp-image-5562\" src=\"http:\/\/www.campingverneda.com\/blog\/wp-content\/uploads\/2025\/12\/camping-verneda-agenda-navidad-2.png\" alt=\"\" width=\"960\" height=\"400\" srcset=\"https:\/\/www.campingverneda.com\/blog\/wp-content\/uploads\/2025\/12\/camping-verneda-agenda-navidad-2-200x83.png 200w, https:\/\/www.campingverneda.com\/blog\/wp-content\/uploads\/2025\/12\/camping-verneda-agenda-navidad-2-300x125.png 300w, https:\/\/www.campingverneda.com\/blog\/wp-content\/uploads\/2025\/12\/camping-verneda-agenda-navidad-2-400x167.png 400w, https:\/\/www.campingverneda.com\/blog\/wp-content\/uploads\/2025\/12\/camping-verneda-agenda-navidad-2-600x250.png 600w, https:\/\/www.campingverneda.com\/blog\/wp-content\/uploads\/2025\/12\/camping-verneda-agenda-navidad-2-768x320.png 768w, https:\/\/www.campingverneda.com\/blog\/wp-content\/uploads\/2025\/12\/camping-verneda-agenda-navidad-2-800x333.png 800w, https:\/\/www.campingverneda.com\/blog\/wp-content\/uploads\/2025\/12\/camping-verneda-agenda-navidad-2.png 960w\" sizes=\"(max-width: 960px) 100vw, 960px\" \/><\/a><\/p>\n<h3 class=\"p3\"><span class=\"s1\"><b>Mercados y Gastronom\u00eda<\/b><\/span><\/h3>\n<p class=\"p2\"><span class=\"s1\">Los mercados navide\u00f1os son el lugar perfecto para encontrar regalos y degustar productos locales:<\/span><\/p>\n<ul class=\"ul1\">\n<li class=\"li2\"><b><\/b><span class=\"s1\"><b>Mercado de Navidad en Vielha<\/b>: durante todo diciembre, en el centro de Vielha, encontrar\u00e1s puestos de artesan\u00eda, gastronom\u00eda local y productos navide\u00f1os.<\/span><\/li>\n<li class=\"li2\"><b><\/b><span class=\"s1\"><b>Degustaci\u00f3n de Coquilhons<\/b>: en Arties, durante el encendido del \u00e1rbol de Navidad, podr\u00e1s probar este dulce tradicional acompa\u00f1ado de chocolate caliente.<\/span><\/li>\n<\/ul>\n<p><a href=\"http:\/\/www.campingverneda.com\/blog\/2025\/12\/02\/agenda-de-navidad-en-la-val-daran-tradicion-nieve-y-magia\/camping-verneda-agenda-navidad-5\/\" rel=\"attachment wp-att-5566\"><img decoding=\"async\" loading=\"lazy\" class=\"alignnone size-full wp-image-5566\" src=\"http:\/\/www.campingverneda.com\/blog\/wp-content\/uploads\/2025\/12\/camping-verneda-agenda-navidad-5.png\" alt=\"\" width=\"960\" height=\"400\" srcset=\"https:\/\/www.campingverneda.com\/blog\/wp-content\/uploads\/2025\/12\/camping-verneda-agenda-navidad-5-200x83.png 200w, https:\/\/www.campingverneda.com\/blog\/wp-content\/uploads\/2025\/12\/camping-verneda-agenda-navidad-5-300x125.png 300w, https:\/\/www.campingverneda.com\/blog\/wp-content\/uploads\/2025\/12\/camping-verneda-agenda-navidad-5-400x167.png 400w, https:\/\/www.campingverneda.com\/blog\/wp-content\/uploads\/2025\/12\/camping-verneda-agenda-navidad-5-600x250.png 600w, https:\/\/www.campingverneda.com\/blog\/wp-content\/uploads\/2025\/12\/camping-verneda-agenda-navidad-5-768x320.png 768w, https:\/\/www.campingverneda.com\/blog\/wp-content\/uploads\/2025\/12\/camping-verneda-agenda-navidad-5-800x333.png 800w, https:\/\/www.campingverneda.com\/blog\/wp-content\/uploads\/2025\/12\/camping-verneda-agenda-navidad-5.png 960w\" sizes=\"(max-width: 960px) 100vw, 960px\" \/><\/a><\/p>\n<p><span class=\"s1\"><b>Actividades de Invierno<\/b><\/span><\/p>\n<p class=\"p2\"><span class=\"s1\">La nieve cubre el valle, ofreciendo m\u00faltiples <a href=\"https:\/\/www.visitvaldaran.com\/wp-content\/uploads\/2020\/11\/FOLLETO-10-PLANES-NOV-20-DEFINITIVO.pdf\" target=\"_blank\" rel=\"noopener\"><span class=\"s2\"><b>opciones<\/b><\/span><\/a> para los amantes del invierno:<\/span><\/p>\n<ul class=\"ul1\">\n<li class=\"li2\"><b><\/b><span class=\"s1\"><b>Esqu\u00ed en <\/b><a href=\"https:\/\/www.baqueira.es\/\" target=\"_blank\" rel=\"noopener\"><span class=\"s2\"><b>Baqueira Beret<\/b><\/span><\/a>: la estaci\u00f3n de esqu\u00ed m\u00e1s importante de Espa\u00f1a abre sus puertas en diciembre, con actividades para todos los niveles.<\/span><\/li>\n<li class=\"li2\"><span class=\"s3\"><b><\/b><a href=\"https:\/\/www.visitvaldaran.com\/wp-content\/uploads\/2020\/11\/FOLLETO-RAQUETAS-NOV-20-CATALAN-CASTELLANO.pdf\" target=\"_blank\" rel=\"noopener\"><span class=\"s2\"><b>Raquetas de nieve<\/b><\/span><\/a><\/span><span class=\"s1\"><b> y senderismo<\/b>: disfruta de rutas guiadas por paisajes nevados, ideales para toda la familia.<\/span><\/li>\n<li class=\"li2\"><b><\/b><span class=\"s1\"><b>Construcci\u00f3n de igl\u00fas y paseos en trineo<\/b>: actividades divertidas para los m\u00e1s peque\u00f1os y los no tan peque\u00f1os.<\/span><\/li>\n<\/ul>\n<h3 class=\"p3\"><span class=\"s1\"><b>Disfruta de la Navidad en Verneda Camping Mountain Resort<\/b><\/span><\/h3>\n<p class=\"p2\"><span class=\"s1\">Tras un d\u00eda lleno de actividades, regresa a la calidez de tu <a href=\"https:\/\/www.campingverneda.com\/bungalows\" target=\"_blank\" rel=\"noopener\"><span class=\"s2\"><b>bungalow<\/b><\/span><\/a> en Verneda Camping Mountain Resort. Rodeado de naturaleza y tranquilidad, podr\u00e1s relajarte junto a la chimenea, compartir una cena navide\u00f1a con tus seres queridos y disfrutar de la aut\u00e9ntica esencia de la Navidad en los Pirineos.<\/span><\/p>\n","protected":false},"excerpt":{"rendered":"<p>La Val d\u2019Aran se transforma cada diciembre en un escenario de cuento, donde la nieve cubre sus monta\u00f1as y los pueblos se llenan de luces, [&hellip;]<\/p>\n","protected":false},"author":1,"featured_media":5567,"comment_status":"open","ping_status":"open","sticky":false,"template":"","format":"standard","meta":[],"categories":[1452],"tags":[2221,2213,2212,2214,2222,2216,2220,2215,1117,2218,2217,2219,2223,818],"_links":{"self":[{"href":"https:\/\/www.campingverneda.com\/blog\/wp-json\/wp\/v2\/posts\/5561"}],"collection":[{"href":"https:\/\/www.campingverneda.com\/blog\/wp-json\/wp\/v2\/posts"}],"about":[{"href":"https:\/\/www.campingverneda.com\/blog\/wp-json\/wp\/v2\/types\/post"}],"author":[{"embeddable":true,"href":"https:\/\/www.campingverneda.com\/blog\/wp-json\/wp\/v2\/users\/1"}],"replies":[{"embeddable":true,"href":"https:\/\/www.campingverneda.com\/blog\/wp-json\/wp\/v2\/comments?post=5561"}],"version-history":[{"count":2,"href":"https:\/\/www.campingverneda.com\/blog\/wp-json\/wp\/v2\/posts\/5561\/revisions"}],"predecessor-version":[{"id":5569,"href":"https:\/\/www.campingverneda.com\/blog\/wp-json\/wp\/v2\/posts\/5561\/revisions\/5569"}],"wp:featuredmedia":[{"embeddable":true,"href":"https:\/\/www.campingverneda.com\/blog\/wp-json\/wp\/v2\/media\/5567"}],"wp:attachment":[{"href":"https:\/\/www.campingverneda.com\/blog\/wp-json\/wp\/v2\/media?parent=5561"}],"wp:term":[{"taxonomy":"category","embeddable":true,"href":"https:\/\/www.campingverneda.com\/blog\/wp-json\/wp\/v2\/categories?post=5561"},{"taxonomy":"post_tag","embeddable":true,"href":"https:\/\/www.campingverneda.com\/blog\/wp-json\/wp\/v2\/tags?post=5561"}],"curies":[{"name":"wp","href":"https:\/\/api.w.org\/{rel}","templated":true}]}}