{"id":5546,"date":"2025-11-20T08:53:36","date_gmt":"2025-11-20T08:53:36","guid":{"rendered":"http:\/\/www.campingverneda.com\/blog\/?p=5546"},"modified":"2025-11-20T08:54:24","modified_gmt":"2025-11-20T08:54:24","slug":"invierno-en-la-val-daran-3","status":"publish","type":"post","link":"https:\/\/www.campingverneda.com\/blog\/2025\/11\/20\/invierno-en-la-val-daran-3\/","title":{"rendered":"Invierno en la Val d\u2019Aran"},"content":{"rendered":"<p class=\"p2\"><span class=\"s1\">El invierno transforma la Val d\u2019Aran en un paisaje de alta monta\u00f1a que invita a <b>desconectar<\/b>:. Valles nevados, bosques de hayas y picos que brillan al amanecer. <a href=\"https:\/\/www.campingverneda.com\/\" target=\"_blank\" rel=\"noopener\"><span class=\"s2\"><b>Verneda Camping Mountain Resort<\/b><\/span><\/a>, situado a pocos minutos de Vielha, es una base ideal para quienes quieren combinar comodidad en bungalows de madera con experiencias aut\u00e9nticas en la nieve.<\/span><\/p>\n<h3 class=\"p3\"><span class=\"s1\"><b>Esqu\u00ed en Baqueira Beret<\/b><\/span><\/h3>\n<p class=\"p2\"><span class=\"s1\">Para los amantes del esqu\u00ed, la famosa estaci\u00f3n de <a href=\"https:\/\/www.baqueira.es\/\" target=\"_blank\" rel=\"noopener\"><span class=\"s2\"><b>Baqueira Beret<\/b><\/span><\/a> concentra la oferta m\u00e1s completa de la zona, con kil\u00f3metros de pistas para todos los niveles y servicios pensados para familias y esquiadores expertos. Diciembre marca el inicio de la temporada de nieve, un momento ideal para empezar a planificar escapadas y asegurar tu reserva con tiempo. Gracias a su proximidad, alojarse en <a href=\"https:\/\/www.campingverneda.com\/\" target=\"_blank\" rel=\"noopener\"><span class=\"s2\"><b>Verneda Camping <\/b><\/span><\/a>te permite disfrutar de las pistas durante el d\u00eda y volver a la calma de la naturaleza al final de la jornada.<\/span><\/p>\n<div id=\"attachment_5549\" style=\"width: 1332px\" class=\"wp-caption alignnone\"><a href=\"https:\/\/www.campingverneda.com\/blog\/2025\/11\/20\/invierno-en-la-val-daran-3\/camping-verneda-invierno-val-d-aran-2\/\" rel=\"attachment wp-att-5549\"><img aria-describedby=\"caption-attachment-5549\" decoding=\"async\" loading=\"lazy\" class=\" wp-image-5549\" src=\"http:\/\/www.campingverneda.com\/blog\/wp-content\/uploads\/2025\/11\/camping-verneda-invierno-val-d-aran-2.png\" alt=\"Camping Verneda invierno\" width=\"1322\" height=\"551\" srcset=\"https:\/\/www.campingverneda.com\/blog\/wp-content\/uploads\/2025\/11\/camping-verneda-invierno-val-d-aran-2-200x83.png 200w, https:\/\/www.campingverneda.com\/blog\/wp-content\/uploads\/2025\/11\/camping-verneda-invierno-val-d-aran-2-300x125.png 300w, https:\/\/www.campingverneda.com\/blog\/wp-content\/uploads\/2025\/11\/camping-verneda-invierno-val-d-aran-2-400x167.png 400w, https:\/\/www.campingverneda.com\/blog\/wp-content\/uploads\/2025\/11\/camping-verneda-invierno-val-d-aran-2-600x250.png 600w, https:\/\/www.campingverneda.com\/blog\/wp-content\/uploads\/2025\/11\/camping-verneda-invierno-val-d-aran-2-768x320.png 768w, https:\/\/www.campingverneda.com\/blog\/wp-content\/uploads\/2025\/11\/camping-verneda-invierno-val-d-aran-2-800x333.png 800w, https:\/\/www.campingverneda.com\/blog\/wp-content\/uploads\/2025\/11\/camping-verneda-invierno-val-d-aran-2.png 960w\" sizes=\"(max-width: 1322px) 100vw, 1322px\" \/><\/a><p id=\"caption-attachment-5549\" class=\"wp-caption-text\">Bungalows de Camping Verneda<\/p><\/div>\n<h3 class=\"p3\"><span class=\"s1\"><b>M\u00e1s all\u00e1 del esqu\u00ed: raquetas y aventura<\/b><\/span><\/h3>\n<p class=\"p2\"><span class=\"s1\">La Val d\u2019Aran en invierno <a href=\"https:\/\/www.campingverneda.com\/invierno\" target=\"_blank\" rel=\"noopener\"><span class=\"s2\">no es s\u00f3lo esqu\u00ed<\/span><\/a>. Las rutas con raquetas permiten <b>explorar bosques y lagos helados en silencio<\/b>, un plan ideal para quienes buscan contacto directo con la naturaleza y buenas fotos invernales. Tambi\u00e9n hay opciones de esqu\u00ed de fondo, paseos en trineo y actividades de aventura como motos de nieve o heliski para los m\u00e1s aventureros. Organizar una excursi\u00f3n guiada garantiza seguridad y la mejor experiencia en el terreno nevado.<\/span><\/p>\n<p class=\"p2\"><span class=\"s1\">Adem\u00e1s, la Val d\u2019Aran ofrece una <b>amplia agenda cultural:<\/b> mercados navide\u00f1os, conciertos de invierno y fiestas locales que muestran la esencia de la vida aranesa. Una manera \u00fanica de combinar deporte, tradici\u00f3n y gastronom\u00eda.<\/span><\/p>\n<h3><\/h3>\n<h3 class=\"p3\"><span class=\"s1\"><b>Un refugio acogedor en Verneda<\/b><\/span><\/h3>\n<p class=\"p2\"><span class=\"s1\">Tras un d\u00eda al aire libre, <a href=\"https:\/\/www.campingverneda.com\/\" target=\"_blank\" rel=\"noopener\"><span class=\"s2\"><b>Verneda<\/b><\/span><\/a> ofrece el refugio perfecto: atardeceres desde la terraza del bungalow, cenas junto al fuego de nuestras estufas de pellets y gastronom\u00eda local para recuperar fuerzas. La cercan\u00eda a <a href=\"http:\/\/www.vielha-mijaran.org\/es\/\" target=\"_blank\" rel=\"noopener\"><span class=\"s2\"><b>Vielha<\/b><\/span><\/a> facilita acceder a restaurantes tradicionales, tiendas y servicios sin renunciar a la calma del camping a orillas del r\u00edo. Adem\u00e1s,<b> el entorno es ideal para familias:<\/b> rutas f\u00e1ciles, estaciones de esqu\u00ed con escuelas infantiles y propuestas de ocio pensadas para que peque\u00f1@s y mayores disfruten de la nieve sin preocupaciones..<\/span><\/p>\n<div id=\"attachment_5550\" style=\"width: 1308px\" class=\"wp-caption alignnone\"><a href=\"https:\/\/www.campingverneda.com\/blog\/2025\/11\/20\/invierno-en-la-val-daran-3\/camping-verneda-invierno-val-d-aran-3\/\" rel=\"attachment wp-att-5550\"><img aria-describedby=\"caption-attachment-5550\" decoding=\"async\" loading=\"lazy\" class=\" wp-image-5550\" src=\"http:\/\/www.campingverneda.com\/blog\/wp-content\/uploads\/2025\/11\/camping-verneda-invierno-val-d-aran-3.png\" alt=\"Salida en raquetas desde camping verneda\" width=\"1298\" height=\"541\" srcset=\"https:\/\/www.campingverneda.com\/blog\/wp-content\/uploads\/2025\/11\/camping-verneda-invierno-val-d-aran-3-200x83.png 200w, https:\/\/www.campingverneda.com\/blog\/wp-content\/uploads\/2025\/11\/camping-verneda-invierno-val-d-aran-3-300x125.png 300w, https:\/\/www.campingverneda.com\/blog\/wp-content\/uploads\/2025\/11\/camping-verneda-invierno-val-d-aran-3-400x167.png 400w, https:\/\/www.campingverneda.com\/blog\/wp-content\/uploads\/2025\/11\/camping-verneda-invierno-val-d-aran-3-600x250.png 600w, https:\/\/www.campingverneda.com\/blog\/wp-content\/uploads\/2025\/11\/camping-verneda-invierno-val-d-aran-3-768x320.png 768w, https:\/\/www.campingverneda.com\/blog\/wp-content\/uploads\/2025\/11\/camping-verneda-invierno-val-d-aran-3-800x333.png 800w, https:\/\/www.campingverneda.com\/blog\/wp-content\/uploads\/2025\/11\/camping-verneda-invierno-val-d-aran-3.png 960w\" sizes=\"(max-width: 1298px) 100vw, 1298px\" \/><\/a><p id=\"caption-attachment-5550\" class=\"wp-caption-text\">Raquetas desde tu bungalow en Camping Verneda<\/p><\/div>\n<h3 class=\"p3\"><span class=\"s1\"><b>Consejos pr\u00e1cticos para tu escapada<\/b><\/span><\/h3>\n<ul class=\"ul1\">\n<li class=\"li2\"><span class=\"s1\"><b>Reserva con antelaci\u00f3n<\/b> alojamiento y alquiler de material si piensas esquiar: las plazas suelen cubrirse r\u00e1pido con la apertura de temporada.<\/span><\/li>\n<li class=\"li2\"><span class=\"s1\"><b>Equ\u00edpate bien<\/b> con ropa de abrigo t\u00e9cnica, varias capas y calzado impermeable: las ma\u00f1anas y noches pueden ser muy fr\u00edas.<\/span><\/li>\n<li class=\"li2\"><span class=\"s1\">Inf\u00f3rmate sobre rutas de raquetas y excursiones guiadas para elegir seg\u00fan tu nivel y <b>aprovechar al m\u00e1ximo l<\/b>a experiencia.<\/span><\/li>\n<\/ul>\n<h3 class=\"p3\"><span class=\"s1\"><b>Vive el invierno en la Val d\u2019Aran<\/b><\/span><\/h3>\n<p class=\"p2\"><span class=\"s1\">Vivir el invierno en la Val d\u2019Aran significa combinar emoci\u00f3n en la nieve y momentos de calma en paisajes \u00fanicos. <a href=\"https:\/\/www.campingverneda.com\/\" target=\"_blank\" rel=\"noopener\"><span class=\"s2\"><b>Verneda Camping Mountain Resort<\/b><\/span><\/a> es la puerta de entrada a esa experiencia: alojamiento acogedor, entorno natural y proximidad a los mejores planes de la temporada. Prep\u00e1rate para una escapada inolvidable: nieves blancas, brasas, y los senderos del Pirineo que esperan ser descubiertos.<\/span><\/p>\n<p class=\"p2\"><span class=\"s1\">Si buscas una escapada invernal diferente, con nieve asegurada, cultura, gastronom\u00eda y hospitalidad, la Val d\u2019Aran y Verneda Camping Mountain Resort te esperan para crear recuerdos inolvidables.<\/span><\/p>\n","protected":false},"excerpt":{"rendered":"<p>El invierno transforma la Val d\u2019Aran en un paisaje de alta monta\u00f1a que invita a desconectar:. Valles nevados, bosques de hayas y picos que brillan [&hellip;]<\/p>\n","protected":false},"author":1,"featured_media":4829,"comment_status":"open","ping_status":"open","sticky":false,"template":"","format":"standard","meta":[],"categories":[1452,795],"tags":[2199,2197,48,2181,2198,2195,1028,2196,2200,1020],"_links":{"self":[{"href":"https:\/\/www.campingverneda.com\/blog\/wp-json\/wp\/v2\/posts\/5546"}],"collection":[{"href":"https:\/\/www.campingverneda.com\/blog\/wp-json\/wp\/v2\/posts"}],"about":[{"href":"https:\/\/www.campingverneda.com\/blog\/wp-json\/wp\/v2\/types\/post"}],"author":[{"embeddable":true,"href":"https:\/\/www.campingverneda.com\/blog\/wp-json\/wp\/v2\/users\/1"}],"replies":[{"embeddable":true,"href":"https:\/\/www.campingverneda.com\/blog\/wp-json\/wp\/v2\/comments?post=5546"}],"version-history":[{"count":3,"href":"https:\/\/www.campingverneda.com\/blog\/wp-json\/wp\/v2\/posts\/5546\/revisions"}],"predecessor-version":[{"id":5552,"href":"https:\/\/www.campingverneda.com\/blog\/wp-json\/wp\/v2\/posts\/5546\/revisions\/5552"}],"wp:featuredmedia":[{"embeddable":true,"href":"https:\/\/www.campingverneda.com\/blog\/wp-json\/wp\/v2\/media\/4829"}],"wp:attachment":[{"href":"https:\/\/www.campingverneda.com\/blog\/wp-json\/wp\/v2\/media?parent=5546"}],"wp:term":[{"taxonomy":"category","embeddable":true,"href":"https:\/\/www.campingverneda.com\/blog\/wp-json\/wp\/v2\/categories?post=5546"},{"taxonomy":"post_tag","embeddable":true,"href":"https:\/\/www.campingverneda.com\/blog\/wp-json\/wp\/v2\/tags?post=5546"}],"curies":[{"name":"wp","href":"https:\/\/api.w.org\/{rel}","templated":true}]}}