{"id":5527,"date":"2025-11-04T10:43:36","date_gmt":"2025-11-04T10:43:36","guid":{"rendered":"http:\/\/www.campingverneda.com\/blog\/?p=5527"},"modified":"2025-11-04T10:43:37","modified_gmt":"2025-11-04T10:43:37","slug":"escapadas-invierno-val-d-aran","status":"publish","type":"post","link":"https:\/\/www.campingverneda.com\/blog\/2025\/11\/04\/escapadas-invierno-val-d-aran\/","title":{"rendered":"Escapadas de invierno en la Val d\u2019Aran"},"content":{"rendered":"<p class=\"p2\"><span class=\"s1\">El invierno est\u00e1 a la vuelta de la esquina en la Val d\u2019Aran, y con \u00e9l llega uno de los momentos m\u00e1s m\u00e1gicos del a\u00f1o. En <a href=\"https:\/\/www.campingverneda.com\/\" target=\"_blank\" rel=\"noopener\"><span class=\"s2\"><b>Verneda Camping Mountain Resort<\/b><\/span><\/a> te ofrecemos el alojamiento perfecto para vivir estas fechas \u00fanicas con nieve, naturaleza y tradiciones.<\/span><\/p>\n<p><a href=\"http:\/\/www.campingverneda.com\/blog\/2025\/11\/04\/escapadas-invierno-val-d-aran\/camping-verneda-escapadas\/\" rel=\"attachment wp-att-5530\"><img decoding=\"async\" loading=\"lazy\" class=\"alignnone size-full wp-image-5530\" src=\"http:\/\/www.campingverneda.com\/blog\/wp-content\/uploads\/2025\/11\/camping-verneda-escapadas.png\" alt=\"\" width=\"960\" height=\"400\" srcset=\"https:\/\/www.campingverneda.com\/blog\/wp-content\/uploads\/2025\/11\/camping-verneda-escapadas-200x83.png 200w, https:\/\/www.campingverneda.com\/blog\/wp-content\/uploads\/2025\/11\/camping-verneda-escapadas-300x125.png 300w, https:\/\/www.campingverneda.com\/blog\/wp-content\/uploads\/2025\/11\/camping-verneda-escapadas-400x167.png 400w, https:\/\/www.campingverneda.com\/blog\/wp-content\/uploads\/2025\/11\/camping-verneda-escapadas-600x250.png 600w, https:\/\/www.campingverneda.com\/blog\/wp-content\/uploads\/2025\/11\/camping-verneda-escapadas-768x320.png 768w, https:\/\/www.campingverneda.com\/blog\/wp-content\/uploads\/2025\/11\/camping-verneda-escapadas-800x333.png 800w, https:\/\/www.campingverneda.com\/blog\/wp-content\/uploads\/2025\/11\/camping-verneda-escapadas.png 960w\" sizes=\"(max-width: 960px) 100vw, 960px\" \/><\/a><\/p>\n<h3 class=\"p3\"><span class=\"s1\"><b>Puente de la Constituci\u00f3n: inicio de temporada y momentos especiales<\/b><\/span><\/h3>\n<p class=\"p2\"><span class=\"s1\">El Puente de la Constituci\u00f3n, que se celebra del <b>6 al 8 de diciembre<\/b>, marca oficialmente el inicio de la temporada de invierno en la Val d\u2019Aran. <a href=\"https:\/\/www.baqueira.es\/\" target=\"_blank\" rel=\"noopener\"><span class=\"s2\"><b>Baqueira Beret<\/b><\/span><\/a> tiene previsto estrenar la temporada 2024-2025 para esas fechas, siempre que las condiciones meteorol\u00f3gicas lo permitan. <\/span><\/p>\n<p class=\"p2\"><span class=\"s1\">Es el momento ideal para quienes buscan <b>escapadas cortas en un entorno monta\u00f1oso:<\/b> paseos entre bosques nevados, d\u00edas tranquilos al calor de un bungalow de madera, actividades para toda la familia y, si la nieve acompa\u00f1a, esqu\u00ed alpino y esqu\u00ed de fondo. Camping Verneda ofrece <a href=\"https:\/\/www.campingverneda.com\/bungalows\" target=\"_blank\" rel=\"noopener\"><span class=\"s2\"><b>bungalows<\/b><\/span><\/a> acogedores y servicios pensados para descansar, desconectar y disfrutar del paisaje invernal.<\/span><\/p>\n<p><a href=\"http:\/\/www.campingverneda.com\/blog\/2025\/11\/04\/escapadas-invierno-val-d-aran\/camping-verneda-escapadas-invierno-1\/\" rel=\"attachment wp-att-5528\"><img decoding=\"async\" loading=\"lazy\" class=\"alignnone size-full wp-image-5528\" src=\"http:\/\/www.campingverneda.com\/blog\/wp-content\/uploads\/2025\/11\/camping-verneda-escapadas-invierno-1.png\" alt=\"\" width=\"960\" height=\"400\" srcset=\"https:\/\/www.campingverneda.com\/blog\/wp-content\/uploads\/2025\/11\/camping-verneda-escapadas-invierno-1-200x83.png 200w, https:\/\/www.campingverneda.com\/blog\/wp-content\/uploads\/2025\/11\/camping-verneda-escapadas-invierno-1-300x125.png 300w, https:\/\/www.campingverneda.com\/blog\/wp-content\/uploads\/2025\/11\/camping-verneda-escapadas-invierno-1-400x167.png 400w, https:\/\/www.campingverneda.com\/blog\/wp-content\/uploads\/2025\/11\/camping-verneda-escapadas-invierno-1-600x250.png 600w, https:\/\/www.campingverneda.com\/blog\/wp-content\/uploads\/2025\/11\/camping-verneda-escapadas-invierno-1-768x320.png 768w, https:\/\/www.campingverneda.com\/blog\/wp-content\/uploads\/2025\/11\/camping-verneda-escapadas-invierno-1-800x333.png 800w, https:\/\/www.campingverneda.com\/blog\/wp-content\/uploads\/2025\/11\/camping-verneda-escapadas-invierno-1.png 960w\" sizes=\"(max-width: 960px) 100vw, 960px\" \/><\/a><\/p>\n<h3 class=\"p3\"><span class=\"s1\"><b>Navidad en Val d\u2019Aran: tradici\u00f3n, ambiente festivo y naturaleza<\/b><\/span><\/h3>\n<p class=\"p2\"><span class=\"s1\">Durante diciembre, Val d\u2019Aran se transforma en un <b>escenario de cuento.<\/b> Las localidades se engalanan, los mercados navide\u00f1os se instalan, y la oferta de actividades crece: desde la llegada de Pap\u00e1 Noel hasta espect\u00e1culos, conciertos, chocolate caliente en plazas, rutas iluminadas y pistas en marcha. <\/span><\/p>\n<p class=\"p2\"><span class=\"s1\">Para quienes se alojan en <a href=\"https:\/\/www.campingverneda.com\/invierno\" target=\"_blank\" rel=\"noopener\"><span class=\"s2\">Verneda Camping Mountain Resort<\/span><\/a>, las ventajas son muchas: estar\u00e1s a corta distancia de Vielha, de Baqueira Beret y de todos los eventos locales. Pero con la ventaja de regresar al sosiego, al paisaje natural y al confort de nuestros bungalows. Adem\u00e1s, los m\u00e1s peque\u00f1os disfrutar\u00e1n de la nieve, de espacios seguros y de un ambiente familiar lleno de ilusi\u00f3n.<\/span><\/p>\n<p><a href=\"http:\/\/www.campingverneda.com\/blog\/2025\/11\/04\/escapadas-invierno-val-d-aran\/camping-verneda-escapadas-invierno\/\" rel=\"attachment wp-att-5529\"><img decoding=\"async\" loading=\"lazy\" class=\"alignnone size-full wp-image-5529\" src=\"http:\/\/www.campingverneda.com\/blog\/wp-content\/uploads\/2025\/11\/camping-verneda-escapadas-invierno.png\" alt=\"\" width=\"960\" height=\"400\" srcset=\"https:\/\/www.campingverneda.com\/blog\/wp-content\/uploads\/2025\/11\/camping-verneda-escapadas-invierno-200x83.png 200w, https:\/\/www.campingverneda.com\/blog\/wp-content\/uploads\/2025\/11\/camping-verneda-escapadas-invierno-300x125.png 300w, https:\/\/www.campingverneda.com\/blog\/wp-content\/uploads\/2025\/11\/camping-verneda-escapadas-invierno-400x167.png 400w, https:\/\/www.campingverneda.com\/blog\/wp-content\/uploads\/2025\/11\/camping-verneda-escapadas-invierno-600x250.png 600w, https:\/\/www.campingverneda.com\/blog\/wp-content\/uploads\/2025\/11\/camping-verneda-escapadas-invierno-768x320.png 768w, https:\/\/www.campingverneda.com\/blog\/wp-content\/uploads\/2025\/11\/camping-verneda-escapadas-invierno-800x333.png 800w, https:\/\/www.campingverneda.com\/blog\/wp-content\/uploads\/2025\/11\/camping-verneda-escapadas-invierno.png 960w\" sizes=\"(max-width: 960px) 100vw, 960px\" \/><\/a><\/p>\n<h3 class=\"p3\"><span class=\"s1\"><b>Carta a los Reyes Magos: magia que cierra las fiestas<\/b><\/span><\/h3>\n<p class=\"p2\"><span class=\"s1\">El 5 de enero en Baqueira Beret se celebra la Noche de Reyes con un programa especial que los ni\u00f1os esperan todo el a\u00f1o: los Reyes Magos llegan en m\u00e1quinas de nieve, se recolectan cartas, se reparten caramelos y hay una merienda navide\u00f1a con chocolate caliente y bizcochos. <\/span><\/p>\n<p class=\"p2\"><span class=\"s1\">Desde Verneda Camping te animamos a <b>planificar con antelaci\u00f3n<\/b> si quieres vivir esta experiencia m\u00e1gica en la nieve: reserva estancia, transporte si lo necesitas, y disfruta de una cena especial y de los eventos que se organizan en Vielha y Baqueira. Es un momento perfecto para <b>compartir con la familia,<\/b> crear recuerdos y cerrar el inicio de a\u00f1o con alegr\u00eda y encanto.<\/span><\/p>\n<p><a href=\"http:\/\/www.campingverneda.com\/blog\/2025\/11\/04\/escapadas-invierno-val-d-aran\/camping-verneda-escapadas-invierno-2\/\" rel=\"attachment wp-att-5532\"><img decoding=\"async\" loading=\"lazy\" class=\"alignnone size-full wp-image-5532\" src=\"http:\/\/www.campingverneda.com\/blog\/wp-content\/uploads\/2025\/11\/camping-verneda-escapadas-invierno-2.png\" alt=\"\" width=\"960\" height=\"400\" srcset=\"https:\/\/www.campingverneda.com\/blog\/wp-content\/uploads\/2025\/11\/camping-verneda-escapadas-invierno-2-200x83.png 200w, https:\/\/www.campingverneda.com\/blog\/wp-content\/uploads\/2025\/11\/camping-verneda-escapadas-invierno-2-300x125.png 300w, https:\/\/www.campingverneda.com\/blog\/wp-content\/uploads\/2025\/11\/camping-verneda-escapadas-invierno-2-400x167.png 400w, https:\/\/www.campingverneda.com\/blog\/wp-content\/uploads\/2025\/11\/camping-verneda-escapadas-invierno-2-600x250.png 600w, https:\/\/www.campingverneda.com\/blog\/wp-content\/uploads\/2025\/11\/camping-verneda-escapadas-invierno-2-768x320.png 768w, https:\/\/www.campingverneda.com\/blog\/wp-content\/uploads\/2025\/11\/camping-verneda-escapadas-invierno-2-800x333.png 800w, https:\/\/www.campingverneda.com\/blog\/wp-content\/uploads\/2025\/11\/camping-verneda-escapadas-invierno-2.png 960w\" sizes=\"(max-width: 960px) 100vw, 960px\" \/><\/a><\/p>\n<h3 class=\"p3\"><span class=\"s1\"><b>Reserva ya y vive la magia de estas fechas con Verneda<\/b><\/span><\/h3>\n<p class=\"p2\"><span class=\"s1\">El Puente de la Constituci\u00f3n, la Navidad y la llegada de los Reyes Magos convierten a la Val d\u2019Aran en un<b> destino ideal <\/b>para disfrutar de la nieve y la tradici\u00f3n en familia. Son fechas muy especiales en el valle, con actividades para todas las edades, estaciones de esqu\u00ed en plena temporada y pueblos que se llenan de luces y <b>ambiente festivo<\/b>.<\/span><\/p>\n<p class=\"p2\"><span class=\"s1\">Haz tu <a href=\"https:\/\/thelisresa.webcamp.fr\/?camping=verneda&amp;lang=es&amp;PHPSESSID=fhe36mjkqv8j2994ckgkji5d70\" target=\"_blank\" rel=\"noopener\"><span class=\"s2\">reserva con antelaci\u00f3n<\/span><\/a>, organiza los detalles de tu viaje y prep\u00e1rate para una temporada llena de luces, nieve y momentos c\u00e1lidos alrededor del fuego. Te esperamos con los brazos abiertos y mucha ilusi\u00f3n.<\/span><\/p>\n","protected":false},"excerpt":{"rendered":"<p>El invierno est\u00e1 a la vuelta de la esquina en la Val d\u2019Aran, y con \u00e9l llega uno de los momentos m\u00e1s m\u00e1gicos del a\u00f1o. [&hellip;]<\/p>\n","protected":false},"author":1,"featured_media":5533,"comment_status":"open","ping_status":"open","sticky":false,"template":"","format":"standard","meta":[],"categories":[1452,73],"tags":[2179,2176,2177,2181,2175,2182,2178,2183,2180,2185,1400,2184,2174,818],"_links":{"self":[{"href":"https:\/\/www.campingverneda.com\/blog\/wp-json\/wp\/v2\/posts\/5527"}],"collection":[{"href":"https:\/\/www.campingverneda.com\/blog\/wp-json\/wp\/v2\/posts"}],"about":[{"href":"https:\/\/www.campingverneda.com\/blog\/wp-json\/wp\/v2\/types\/post"}],"author":[{"embeddable":true,"href":"https:\/\/www.campingverneda.com\/blog\/wp-json\/wp\/v2\/users\/1"}],"replies":[{"embeddable":true,"href":"https:\/\/www.campingverneda.com\/blog\/wp-json\/wp\/v2\/comments?post=5527"}],"version-history":[{"count":2,"href":"https:\/\/www.campingverneda.com\/blog\/wp-json\/wp\/v2\/posts\/5527\/revisions"}],"predecessor-version":[{"id":5535,"href":"https:\/\/www.campingverneda.com\/blog\/wp-json\/wp\/v2\/posts\/5527\/revisions\/5535"}],"wp:featuredmedia":[{"embeddable":true,"href":"https:\/\/www.campingverneda.com\/blog\/wp-json\/wp\/v2\/media\/5533"}],"wp:attachment":[{"href":"https:\/\/www.campingverneda.com\/blog\/wp-json\/wp\/v2\/media?parent=5527"}],"wp:term":[{"taxonomy":"category","embeddable":true,"href":"https:\/\/www.campingverneda.com\/blog\/wp-json\/wp\/v2\/categories?post=5527"},{"taxonomy":"post_tag","embeddable":true,"href":"https:\/\/www.campingverneda.com\/blog\/wp-json\/wp\/v2\/tags?post=5527"}],"curies":[{"name":"wp","href":"https:\/\/api.w.org\/{rel}","templated":true}]}}