{"id":5520,"date":"2025-10-29T17:41:36","date_gmt":"2025-10-29T17:41:36","guid":{"rendered":"http:\/\/www.campingverneda.com\/blog\/?p=5520"},"modified":"2025-10-29T17:41:37","modified_gmt":"2025-10-29T17:41:37","slug":"reserva-ahora-tu-verano-2026-y-disfruta-de-descuentos-exclusivos","status":"publish","type":"post","link":"https:\/\/www.campingverneda.com\/blog\/2025\/10\/29\/reserva-ahora-tu-verano-2026-y-disfruta-de-descuentos-exclusivos\/","title":{"rendered":"Reserva ahora tu verano 2026 y disfruta de descuentos exclusivos"},"content":{"rendered":"<p class=\"p1\"><span class=\"s1\">Aunque el oto\u00f1o ha te\u00f1ido de colores el <b>Val d\u2019Aran<\/b>, en <a href=\"https:\/\/www.campingverneda.com\/\" target=\"_blank\" rel=\"noopener\"><span class=\"s2\"><b>Verneda Camping Mountain Resort<\/b><\/span><\/a> ya miramos hacia el verano 2026. Si est\u00e1s so\u00f1ando con unas vacaciones rodeado de naturaleza, tranquilidad, actividades al aire libre y servicios de calidad, \u00a1este es el momento perfecto para reservar! Porque anticiparte tiene premio: <b>ya est\u00e1n disponibles nuestros descuentos por reserva anticipada para el verano 2026<\/b>.<\/span><\/p>\n<p class=\"p1\"><span class=\"s1\">Si tienes claro que quieres volver al Pirineo o descubrirlo por primera vez, aseg\u00farate las mejores condiciones, disponibilidad total y el precio m\u00e1s competitivo.<\/span><\/p>\n<p><a href=\"http:\/\/www.campingverneda.com\/blog\/2025\/10\/29\/reserva-ahora-tu-verano-2026-y-disfruta-de-descuentos-exclusivos\/camping-verneda-verano2026\/\" rel=\"attachment wp-att-5521\"><img decoding=\"async\" loading=\"lazy\" class=\"alignnone size-full wp-image-5521\" src=\"http:\/\/www.campingverneda.com\/blog\/wp-content\/uploads\/2025\/10\/camping-verneda-verano2026.png\" alt=\"\" width=\"960\" height=\"400\" srcset=\"https:\/\/www.campingverneda.com\/blog\/wp-content\/uploads\/2025\/10\/camping-verneda-verano2026-200x83.png 200w, https:\/\/www.campingverneda.com\/blog\/wp-content\/uploads\/2025\/10\/camping-verneda-verano2026-300x125.png 300w, https:\/\/www.campingverneda.com\/blog\/wp-content\/uploads\/2025\/10\/camping-verneda-verano2026-400x167.png 400w, https:\/\/www.campingverneda.com\/blog\/wp-content\/uploads\/2025\/10\/camping-verneda-verano2026-600x250.png 600w, https:\/\/www.campingverneda.com\/blog\/wp-content\/uploads\/2025\/10\/camping-verneda-verano2026-768x320.png 768w, https:\/\/www.campingverneda.com\/blog\/wp-content\/uploads\/2025\/10\/camping-verneda-verano2026-800x333.png 800w, https:\/\/www.campingverneda.com\/blog\/wp-content\/uploads\/2025\/10\/camping-verneda-verano2026.png 960w\" sizes=\"(max-width: 960px) 100vw, 960px\" \/><\/a><\/p>\n<h3 class=\"p2\"><span class=\"s1\"><b>Verano en Verneda: naturaleza, confort y diversi\u00f3n<\/b><\/span><\/h3>\n<p class=\"p1\"><span class=\"s2\"><a href=\"https:\/\/www.instagram.com\/vida.verneda\/\" target=\"_blank\" rel=\"noopener\"><b>Verneda Camping Mountain Resort<\/b><\/a><\/span><span class=\"s1\"> es mucho m\u00e1s que un camping. Es un destino familiar, sostenible y acogedor, situado en el coraz\u00f3n del <b>Val d\u2019Aran<\/b>, donde cada verano se vive con intensidad, alegr\u00eda y muchas ganas de disfrutar.<\/span><\/p>\n<p class=\"p1\"><span class=\"s1\">Entre nuestros servicios destacados para los meses de julio y agosto, encontrar\u00e1s:<\/span><\/p>\n<ul class=\"ul1\">\n<li class=\"li1\"><span class=\"s1\"><b>Piscina de cloraci\u00f3n salina<\/b>: ideal para refrescarse despu\u00e9s de una excursi\u00f3n. Es saludable, sin cloro qu\u00edmico y perfecta para toda la familia.<\/span><\/li>\n<li class=\"li1\"><span class=\"s1\"><b>Restaurante<\/b>: con terraza al aire libre, men\u00fa de cocina para toda la familia y productos locales. El lugar ideal para compartir buenos momentos gastron\u00f3micos.<\/span><\/li>\n<li class=\"li1\"><span class=\"s1\"><b>Conciertos al aire libre<\/b>: cada semana, la m\u00fasica se apodera del camping con actuaciones para todos los gustos. Veladas m\u00e1gicas bajo las estrellas.<\/span><\/li>\n<li class=\"li1\"><span class=\"s1\"><b>Actividades infantiles<\/b>: espect\u00e1culos, talleres creativos y animaci\u00f3n pensada para que los m\u00e1s peque\u00f1os vivan un verano inolvidable.<\/span><\/li>\n<\/ul>\n<h3><a href=\"http:\/\/www.campingverneda.com\/blog\/2025\/10\/29\/reserva-ahora-tu-verano-2026-y-disfruta-de-descuentos-exclusivos\/camping-verneda-verano2026-1\/\" rel=\"attachment wp-att-5522\"><img decoding=\"async\" loading=\"lazy\" class=\"alignnone size-full wp-image-5522\" src=\"http:\/\/www.campingverneda.com\/blog\/wp-content\/uploads\/2025\/10\/camping-verneda-verano2026-1.png\" alt=\"\" width=\"960\" height=\"400\" srcset=\"https:\/\/www.campingverneda.com\/blog\/wp-content\/uploads\/2025\/10\/camping-verneda-verano2026-1-200x83.png 200w, https:\/\/www.campingverneda.com\/blog\/wp-content\/uploads\/2025\/10\/camping-verneda-verano2026-1-300x125.png 300w, https:\/\/www.campingverneda.com\/blog\/wp-content\/uploads\/2025\/10\/camping-verneda-verano2026-1-400x167.png 400w, https:\/\/www.campingverneda.com\/blog\/wp-content\/uploads\/2025\/10\/camping-verneda-verano2026-1-600x250.png 600w, https:\/\/www.campingverneda.com\/blog\/wp-content\/uploads\/2025\/10\/camping-verneda-verano2026-1-768x320.png 768w, https:\/\/www.campingverneda.com\/blog\/wp-content\/uploads\/2025\/10\/camping-verneda-verano2026-1-800x333.png 800w, https:\/\/www.campingverneda.com\/blog\/wp-content\/uploads\/2025\/10\/camping-verneda-verano2026-1.png 960w\" sizes=\"(max-width: 960px) 100vw, 960px\" \/><\/a><\/h3>\n<p><span class=\"s1\">Adem\u00e1s, ofrecemos <b>alojamientos para todos los gustos<\/b>: desde confortables <b>bungalows de madera<\/b> hasta espaciosas <b>parcelas para caravanas o tiendas<\/b>. Todo rodeado de naturaleza, con instalaciones cuidadas y un ambiente familiar que te har\u00e1 sentir como en casa.<\/span><\/p>\n<h3 class=\"p2\"><span class=\"s1\"><b>Ventajas de reservar en octubre<\/b><\/span><\/h3>\n<p class=\"p1\"><span class=\"s1\">Reservar en esta \u00e9poca no solo te permite acceder a descuentos exclusivos, sino tambi\u00e9n:<\/span><\/p>\n<ul class=\"ul1\">\n<li class=\"li1\"><span class=\"s1\">Elegir el alojamiento que m\u00e1s te gusta<\/span><\/li>\n<li class=\"li1\"><span class=\"s1\"> Organizar tus vacaciones con tranquilidad<\/span><\/li>\n<li class=\"li1\"><span class=\"s1\">Evitar sorpresas de \u00faltima hora<br \/>\n<\/span><\/li>\n<\/ul>\n<h3><a href=\"http:\/\/www.campingverneda.com\/blog\/2025\/10\/29\/reserva-ahora-tu-verano-2026-y-disfruta-de-descuentos-exclusivos\/camping-verneda-verano2026-2\/\" rel=\"attachment wp-att-5523\"><img decoding=\"async\" loading=\"lazy\" class=\"alignnone size-full wp-image-5523\" src=\"http:\/\/www.campingverneda.com\/blog\/wp-content\/uploads\/2025\/10\/camping-verneda-verano2026-2.png\" alt=\"\" width=\"960\" height=\"400\" srcset=\"https:\/\/www.campingverneda.com\/blog\/wp-content\/uploads\/2025\/10\/camping-verneda-verano2026-2-200x83.png 200w, https:\/\/www.campingverneda.com\/blog\/wp-content\/uploads\/2025\/10\/camping-verneda-verano2026-2-300x125.png 300w, https:\/\/www.campingverneda.com\/blog\/wp-content\/uploads\/2025\/10\/camping-verneda-verano2026-2-400x167.png 400w, https:\/\/www.campingverneda.com\/blog\/wp-content\/uploads\/2025\/10\/camping-verneda-verano2026-2-600x250.png 600w, https:\/\/www.campingverneda.com\/blog\/wp-content\/uploads\/2025\/10\/camping-verneda-verano2026-2-768x320.png 768w, https:\/\/www.campingverneda.com\/blog\/wp-content\/uploads\/2025\/10\/camping-verneda-verano2026-2-800x333.png 800w, https:\/\/www.campingverneda.com\/blog\/wp-content\/uploads\/2025\/10\/camping-verneda-verano2026-2.png 960w\" sizes=\"(max-width: 960px) 100vw, 960px\" \/><\/a><\/h3>\n<h3 class=\"p2\"><span class=\"s1\"><b>Tu verano 2026 empieza hoy<\/b><\/span><\/h3>\n<p class=\"p1\"><span class=\"s1\">Aunque el fr\u00edo comience a asomar, en <a href=\"https:\/\/www.facebook.com\/VernedaCampingMountainResort\" target=\"_blank\" rel=\"noopener\"><span class=\"s2\"><b>Verneda Camping Mountain Resort<\/b><\/span><\/a> ya estamos so\u00f1ando con el pr\u00f3ximo verano. No dejes pasar esta oportunidad y <b>reserva ahora tu estancia<\/b> con las mejores condiciones.<\/span><\/p>\n<p class=\"p1\"><span class=\"s1\">El verano 2026 ser\u00e1 de relax, naturaleza, diversi\u00f3n y buena m\u00fasica\u2026 ser\u00e1 un verano Verneda.<\/span><\/p>\n","protected":false},"excerpt":{"rendered":"<p>Aunque el oto\u00f1o ha te\u00f1ido de colores el Val d\u2019Aran, en Verneda Camping Mountain Resort ya miramos hacia el verano 2026. Si est\u00e1s so\u00f1ando con [&hellip;]<\/p>\n","protected":false},"author":1,"featured_media":5524,"comment_status":"open","ping_status":"open","sticky":false,"template":"","format":"standard","meta":[],"categories":[1,72],"tags":[2168,1552,2169,2127,2124,2125,2170,2128,870,2011,2165,2172,2173,2122,1767,2171,2166,2167,2131,818],"_links":{"self":[{"href":"https:\/\/www.campingverneda.com\/blog\/wp-json\/wp\/v2\/posts\/5520"}],"collection":[{"href":"https:\/\/www.campingverneda.com\/blog\/wp-json\/wp\/v2\/posts"}],"about":[{"href":"https:\/\/www.campingverneda.com\/blog\/wp-json\/wp\/v2\/types\/post"}],"author":[{"embeddable":true,"href":"https:\/\/www.campingverneda.com\/blog\/wp-json\/wp\/v2\/users\/1"}],"replies":[{"embeddable":true,"href":"https:\/\/www.campingverneda.com\/blog\/wp-json\/wp\/v2\/comments?post=5520"}],"version-history":[{"count":2,"href":"https:\/\/www.campingverneda.com\/blog\/wp-json\/wp\/v2\/posts\/5520\/revisions"}],"predecessor-version":[{"id":5526,"href":"https:\/\/www.campingverneda.com\/blog\/wp-json\/wp\/v2\/posts\/5520\/revisions\/5526"}],"wp:featuredmedia":[{"embeddable":true,"href":"https:\/\/www.campingverneda.com\/blog\/wp-json\/wp\/v2\/media\/5524"}],"wp:attachment":[{"href":"https:\/\/www.campingverneda.com\/blog\/wp-json\/wp\/v2\/media?parent=5520"}],"wp:term":[{"taxonomy":"category","embeddable":true,"href":"https:\/\/www.campingverneda.com\/blog\/wp-json\/wp\/v2\/categories?post=5520"},{"taxonomy":"post_tag","embeddable":true,"href":"https:\/\/www.campingverneda.com\/blog\/wp-json\/wp\/v2\/tags?post=5520"}],"curies":[{"name":"wp","href":"https:\/\/api.w.org\/{rel}","templated":true}]}}