{"id":5511,"date":"2025-10-21T08:39:56","date_gmt":"2025-10-21T08:39:56","guid":{"rendered":"http:\/\/www.campingverneda.com\/blog\/?p=5511"},"modified":"2025-10-21T08:42:49","modified_gmt":"2025-10-21T08:42:49","slug":"otono-sobre-ruedas-rutas-btt-val-d-aran","status":"publish","type":"post","link":"https:\/\/www.campingverneda.com\/blog\/2025\/10\/21\/otono-sobre-ruedas-rutas-btt-val-d-aran\/","title":{"rendered":"Oto\u00f1o sobre ruedas: rutas de BTT en la Val d&#8217;Aran"},"content":{"rendered":"<p class=\"p1\"><span class=\"s1\">El oto\u00f1o transforma la Val d&#8217;Aran en un aut\u00e9ntico para\u00edso para los amantes de la bicicleta de monta\u00f1a. Con los senderos cubiertos de hojas doradas y el aire fresco de la monta\u00f1a, esta estaci\u00f3n es ideal para recorrer las <b>rutas de BTT que cruzan bosques, r\u00edos y paisajes espectaculares<\/b>. En <a href=\"https:\/\/www.instagram.com\/vida.verneda\/\" target=\"_blank\" rel=\"noopener\"><span class=\"s2\">Verneda Camping Mountain Resort<\/span><\/a> sabemos lo importante que es contar con servicios adecuados para disfrutar de esta experiencia al m\u00e1ximo.<\/span><\/p>\n<p><a href=\"http:\/\/www.campingverneda.com\/blog\/2025\/10\/21\/otono-sobre-ruedas-rutas-btt-val-d-aran\/camping-verneda-otono-btt-2\/\" rel=\"attachment wp-att-5512\"><img decoding=\"async\" loading=\"lazy\" class=\"alignnone size-full wp-image-5512\" src=\"http:\/\/www.campingverneda.com\/blog\/wp-content\/uploads\/2025\/10\/camping-verneda-otono-btt-2.png\" alt=\"\" width=\"960\" height=\"400\" srcset=\"https:\/\/www.campingverneda.com\/blog\/wp-content\/uploads\/2025\/10\/camping-verneda-otono-btt-2-200x83.png 200w, https:\/\/www.campingverneda.com\/blog\/wp-content\/uploads\/2025\/10\/camping-verneda-otono-btt-2-300x125.png 300w, https:\/\/www.campingverneda.com\/blog\/wp-content\/uploads\/2025\/10\/camping-verneda-otono-btt-2-400x167.png 400w, https:\/\/www.campingverneda.com\/blog\/wp-content\/uploads\/2025\/10\/camping-verneda-otono-btt-2-600x250.png 600w, https:\/\/www.campingverneda.com\/blog\/wp-content\/uploads\/2025\/10\/camping-verneda-otono-btt-2-768x320.png 768w, https:\/\/www.campingverneda.com\/blog\/wp-content\/uploads\/2025\/10\/camping-verneda-otono-btt-2-800x333.png 800w, https:\/\/www.campingverneda.com\/blog\/wp-content\/uploads\/2025\/10\/camping-verneda-otono-btt-2.png 960w\" sizes=\"(max-width: 960px) 100vw, 960px\" \/><\/a><\/p>\n<p><span class=\"s1\">Las rutas de BTT en la Val d&#8217;Aran son <b>conocidas por su diversidad<\/b>, adapt\u00e1ndose tanto a ciclistas experimentados como a quienes buscan iniciarse en esta apasionante actividad. Desde senderos de dificultad baja hasta circuitos m\u00e1s t\u00e9cnicos y exigentes, el valle ofrece opciones para todos los niveles. Adem\u00e1s, el clima oto\u00f1al aporta un extra de comodidad, evitando las altas temperaturas del verano y proporcionando condiciones \u00f3ptimas para pedalear.<\/span><\/p>\n<p><a href=\"http:\/\/www.campingverneda.com\/blog\/2025\/10\/21\/otono-sobre-ruedas-rutas-btt-val-d-aran\/camping-verneda-otono-btt-3\/\" rel=\"attachment wp-att-5513\"><img decoding=\"async\" loading=\"lazy\" class=\"alignnone size-full wp-image-5513\" src=\"http:\/\/www.campingverneda.com\/blog\/wp-content\/uploads\/2025\/10\/camping-verneda-otono-btt-3.png\" alt=\"\" width=\"960\" height=\"400\" srcset=\"https:\/\/www.campingverneda.com\/blog\/wp-content\/uploads\/2025\/10\/camping-verneda-otono-btt-3-200x83.png 200w, https:\/\/www.campingverneda.com\/blog\/wp-content\/uploads\/2025\/10\/camping-verneda-otono-btt-3-300x125.png 300w, https:\/\/www.campingverneda.com\/blog\/wp-content\/uploads\/2025\/10\/camping-verneda-otono-btt-3-400x167.png 400w, https:\/\/www.campingverneda.com\/blog\/wp-content\/uploads\/2025\/10\/camping-verneda-otono-btt-3-600x250.png 600w, https:\/\/www.campingverneda.com\/blog\/wp-content\/uploads\/2025\/10\/camping-verneda-otono-btt-3-768x320.png 768w, https:\/\/www.campingverneda.com\/blog\/wp-content\/uploads\/2025\/10\/camping-verneda-otono-btt-3-800x333.png 800w, https:\/\/www.campingverneda.com\/blog\/wp-content\/uploads\/2025\/10\/camping-verneda-otono-btt-3.png 960w\" sizes=\"(max-width: 960px) 100vw, 960px\" \/><\/a><\/p>\n<p class=\"p1\"><span class=\"s1\">En <a href=\"https:\/\/www.campingverneda.com\/home\" target=\"_blank\" rel=\"noopener\"><span class=\"s2\">Verneda Camping Mountain Resort<\/span><\/a> estamos preparados para recibir a los ciclistas con todos los servicios que necesitan. Contamos con <b>zonas espec\u00edficas para el lavado y mantenimiento de bicicletas, parking cubierto para resguardar el equipo y una amplia zona de aparcamiento<\/b>. Adem\u00e1s, nuestro personal est\u00e1 siempre dispuesto a ofrecer informaci\u00f3n actualizada sobre el estado de los senderos y recomendaciones de rutas seg\u00fan la condici\u00f3n f\u00edsica y el nivel de cada visitante.<\/span><\/p>\n<p class=\"p1\"><span class=\"s1\">Para quienes buscan una experiencia m\u00e1s completa, varias empresas de la Val d\u2019Aran organizan salidas guiadas por rutas emblem\u00e1ticas, aprovechando la riqueza paisaj\u00edstica de la temporada oto\u00f1al. Tambi\u00e9n ofrecemos servicios de alquiler de bicicletas para aquellos que prefieren viajar ligeros. Cons\u00faltanos y te ayudamos a organizar una salida a medida!<\/span><\/p>\n<p><a href=\"http:\/\/www.campingverneda.com\/blog\/2025\/10\/21\/otono-sobre-ruedas-rutas-btt-val-d-aran\/camping-verneda-otono-btt\/\" rel=\"attachment wp-att-5514\"><img decoding=\"async\" loading=\"lazy\" class=\"alignnone size-full wp-image-5514\" src=\"http:\/\/www.campingverneda.com\/blog\/wp-content\/uploads\/2025\/10\/camping-verneda-otono-btt.png\" alt=\"\" width=\"960\" height=\"400\" srcset=\"https:\/\/www.campingverneda.com\/blog\/wp-content\/uploads\/2025\/10\/camping-verneda-otono-btt-200x83.png 200w, https:\/\/www.campingverneda.com\/blog\/wp-content\/uploads\/2025\/10\/camping-verneda-otono-btt-300x125.png 300w, https:\/\/www.campingverneda.com\/blog\/wp-content\/uploads\/2025\/10\/camping-verneda-otono-btt-400x167.png 400w, https:\/\/www.campingverneda.com\/blog\/wp-content\/uploads\/2025\/10\/camping-verneda-otono-btt-600x250.png 600w, https:\/\/www.campingverneda.com\/blog\/wp-content\/uploads\/2025\/10\/camping-verneda-otono-btt-768x320.png 768w, https:\/\/www.campingverneda.com\/blog\/wp-content\/uploads\/2025\/10\/camping-verneda-otono-btt-800x333.png 800w, https:\/\/www.campingverneda.com\/blog\/wp-content\/uploads\/2025\/10\/camping-verneda-otono-btt.png 960w\" sizes=\"(max-width: 960px) 100vw, 960px\" \/><\/a><\/p>\n<p class=\"p1\"><span class=\"s1\">El oto\u00f1o en la Val d&#8217;Aran es una \u00e9poca p<b>erfecta para adentrarse en los caminos de BTT y disfrutar del contacto directo con la naturaleza<\/b>. Ya sea recorriendo antiguos caminos de pastores o desafiando descensos t\u00e9cnicos, el valle no deja de sorprender a quienes se atreven a descubrirlo sobre dos ruedas.<\/span><\/p>\n<p class=\"p1\"><span class=\"s1\">Sabiendo todo esto, <a href=\"https:\/\/thelisresa.webcamp.fr\/?camping=verneda&amp;lang=es&amp;PHPSESSID=fmjnmnlcqjhfv0u88jv1q1g16d\" target=\"_blank\" rel=\"noopener\"><span class=\"s2\">planifica tu escapada de oto\u00f1o<\/span><\/a> a la Val d\u2019Aran para recorrerlo sobre dos ruedas y darte un chute extra de adrenalina a lo #VIDAVerneda. \u00a1Te esperamos entre los bosques de los Pirineos!<\/span><\/p>\n","protected":false},"excerpt":{"rendered":"<p>El oto\u00f1o transforma la Val d&#8217;Aran en un aut\u00e9ntico para\u00edso para los amantes de la bicicleta de monta\u00f1a. Con los senderos cubiertos de hojas doradas [&hellip;]<\/p>\n","protected":false},"author":1,"featured_media":5515,"comment_status":"open","ping_status":"open","sticky":false,"template":"","format":"standard","meta":[],"categories":[129],"tags":[2160,2163,2164,1941,2161,2162,818],"_links":{"self":[{"href":"https:\/\/www.campingverneda.com\/blog\/wp-json\/wp\/v2\/posts\/5511"}],"collection":[{"href":"https:\/\/www.campingverneda.com\/blog\/wp-json\/wp\/v2\/posts"}],"about":[{"href":"https:\/\/www.campingverneda.com\/blog\/wp-json\/wp\/v2\/types\/post"}],"author":[{"embeddable":true,"href":"https:\/\/www.campingverneda.com\/blog\/wp-json\/wp\/v2\/users\/1"}],"replies":[{"embeddable":true,"href":"https:\/\/www.campingverneda.com\/blog\/wp-json\/wp\/v2\/comments?post=5511"}],"version-history":[{"count":3,"href":"https:\/\/www.campingverneda.com\/blog\/wp-json\/wp\/v2\/posts\/5511\/revisions"}],"predecessor-version":[{"id":5518,"href":"https:\/\/www.campingverneda.com\/blog\/wp-json\/wp\/v2\/posts\/5511\/revisions\/5518"}],"wp:featuredmedia":[{"embeddable":true,"href":"https:\/\/www.campingverneda.com\/blog\/wp-json\/wp\/v2\/media\/5515"}],"wp:attachment":[{"href":"https:\/\/www.campingverneda.com\/blog\/wp-json\/wp\/v2\/media?parent=5511"}],"wp:term":[{"taxonomy":"category","embeddable":true,"href":"https:\/\/www.campingverneda.com\/blog\/wp-json\/wp\/v2\/categories?post=5511"},{"taxonomy":"post_tag","embeddable":true,"href":"https:\/\/www.campingverneda.com\/blog\/wp-json\/wp\/v2\/tags?post=5511"}],"curies":[{"name":"wp","href":"https:\/\/api.w.org\/{rel}","templated":true}]}}