{"id":5505,"date":"2025-10-16T08:20:20","date_gmt":"2025-10-16T08:20:20","guid":{"rendered":"https:\/\/www.campingverneda.com\/blog\/?p=5505"},"modified":"2026-02-04T11:35:36","modified_gmt":"2026-02-04T11:35:36","slug":"la-castanada-y-tradiciones","status":"publish","type":"post","link":"https:\/\/www.campingverneda.com\/blog\/2025\/10\/16\/la-castanada-y-tradiciones\/","title":{"rendered":"La Casta\u00f1ada y tradiciones de oto\u00f1o en la Val d&#8217;Aran"},"content":{"rendered":"<p>El oto\u00f1o en la Val d&#8217;Aran es sin\u00f3nimo de paisajes te\u00f1idos de tonos c\u00e1lidos, aromas a casta\u00f1as asadas y <strong>tradiciones que nos invitan a conectarnos con la naturaleza<\/strong>. Durante esta estaci\u00f3n m\u00e1gica, en <a href=\"https:\/\/www.campingverneda.com\/home\" target=\"_blank\" rel=\"noopener\">Verneda Camping Mountain Resort<\/a> vivimos intensamente la llegada del fr\u00edo con celebraciones que reflejan el esp\u00edritu del valle.<\/p>\n<h3><strong>Contando los d\u00edas para una nueva Casta\u00f1ada<\/strong><\/h3>\n<p>Una de las fiestas m\u00e1s esperadas es la Casta\u00f1ada, una tradici\u00f3n que se remonta a generaciones pasadas y que sigue viva en el coraz\u00f3n de nuestros pueblos. Cada a\u00f1o, familias y amigos se re\u00fanen para disfrutar de casta\u00f1as reci\u00e9n asadas, panellets y moscatel, compartiendo historias alrededor del fuego. Es una ocasi\u00f3n especial que en <a href=\"https:\/\/www.instagram.com\/vida.verneda\/\" target=\"_blank\" rel=\"noopener\">Verneda Camping Mountain Resor<\/a>t celebramos con actividades para toda la familia, donde los m\u00e1s peque\u00f1os pueden aprender a preparar estos dulces t\u00edpicos mientras los adultos disfrutan de la calidez de la comunidad.<\/p>\n<h3><a href=\"https:\/\/www.campingverneda.com\/blog\/2025\/10\/16\/la-castanada-y-tradiciones\/campingverneda-valdaran-11\/\" rel=\"attachment wp-att-5506\"><img decoding=\"async\" loading=\"lazy\" class=\"alignnone wp-image-5506\" src=\"http:\/\/www.campingverneda.com\/blog\/wp-content\/uploads\/2025\/10\/campingverneda-valdaran-1.png\" alt=\"otono en verneda camping mountain resort\" width=\"2153\" height=\"897\" srcset=\"https:\/\/www.campingverneda.com\/blog\/wp-content\/uploads\/2025\/10\/campingverneda-valdaran-1-200x83.png 200w, https:\/\/www.campingverneda.com\/blog\/wp-content\/uploads\/2025\/10\/campingverneda-valdaran-1-300x125.png 300w, https:\/\/www.campingverneda.com\/blog\/wp-content\/uploads\/2025\/10\/campingverneda-valdaran-1-400x167.png 400w, https:\/\/www.campingverneda.com\/blog\/wp-content\/uploads\/2025\/10\/campingverneda-valdaran-1-600x250.png 600w, https:\/\/www.campingverneda.com\/blog\/wp-content\/uploads\/2025\/10\/campingverneda-valdaran-1-768x320.png 768w, https:\/\/www.campingverneda.com\/blog\/wp-content\/uploads\/2025\/10\/campingverneda-valdaran-1-800x333.png 800w, https:\/\/www.campingverneda.com\/blog\/wp-content\/uploads\/2025\/10\/campingverneda-valdaran-1.png 960w\" sizes=\"(max-width: 2153px) 100vw, 2153px\" \/><\/a><\/h3>\n<h3><strong>Lo mejor del oto\u00f1o en la Val d\u2019Aran<\/strong><\/h3>\n<p>Pero el oto\u00f1o en la Val d&#8217;Aran no es solo la Casta\u00f1ada. Los paisajes monta\u00f1osos se llenan de <strong>rutas de senderismo entre hayedos y robledales<\/strong>, ofreciendo experiencias \u00fanicas para descubrir la fauna y flora que se preparan para el invierno. En Verneda Camping Mountain Resort organizamos excursiones guiadas que permiten conocer de cerca esta metamorfosis natural.<\/p>\n<p>Para los amantes de la gastronom\u00eda, el oto\u00f1o trae consigo <strong>productos de temporada como setas, caza y recetas tradicionales<\/strong> que rescatan los sabores de la tierra aranesa. A lo largo de octubre, muchos restaurantes del valle ofrecen <strong>men\u00fas especiales<\/strong> que destacan la riqueza culinaria local. \u00a1Pregunta a nuestro equipo en recepci\u00f3n y te decimos cu\u00e1les son nuestros restaurantes favoritos durante esta temporada del a\u00f1o!<\/p>\n<p><a href=\"https:\/\/www.campingverneda.com\/blog\/2025\/10\/16\/la-castanada-y-tradiciones\/verneda-bungalow-3\/\" rel=\"attachment wp-att-5507\"><img decoding=\"async\" loading=\"lazy\" class=\"alignnone wp-image-5507\" src=\"http:\/\/www.campingverneda.com\/blog\/wp-content\/uploads\/2025\/10\/verneda-bungalow-1.png\" alt=\"\" width=\"2124\" height=\"885\" srcset=\"https:\/\/www.campingverneda.com\/blog\/wp-content\/uploads\/2025\/10\/verneda-bungalow-1-200x83.png 200w, https:\/\/www.campingverneda.com\/blog\/wp-content\/uploads\/2025\/10\/verneda-bungalow-1-300x125.png 300w, https:\/\/www.campingverneda.com\/blog\/wp-content\/uploads\/2025\/10\/verneda-bungalow-1-400x167.png 400w, https:\/\/www.campingverneda.com\/blog\/wp-content\/uploads\/2025\/10\/verneda-bungalow-1-600x250.png 600w, https:\/\/www.campingverneda.com\/blog\/wp-content\/uploads\/2025\/10\/verneda-bungalow-1-768x320.png 768w, https:\/\/www.campingverneda.com\/blog\/wp-content\/uploads\/2025\/10\/verneda-bungalow-1-800x333.png 800w, https:\/\/www.campingverneda.com\/blog\/wp-content\/uploads\/2025\/10\/verneda-bungalow-1.png 960w\" sizes=\"(max-width: 2124px) 100vw, 2124px\" \/><\/a><\/p>\n<p>En Verneda Camping Mountain Resort queremos que vivas el oto\u00f1o en su m\u00e1xima expresi\u00f3n, disfrutando de la autenticidad de nuestras costumbres, la belleza de los paisajes y el sabor de la tradici\u00f3n. Adem\u00e1s, ahora tenemos una <strong>promoci\u00f3n exclusiva para la Casta\u00f1ada de un <a href=\"https:\/\/thelisresa.webcamp.fr\/list.php?camping=verneda&amp;track=14102025&amp;type=2&amp;typelocation=2&amp;nb_pers=0&amp;begin=2025-10-31&amp;end=2025-11-02&amp;duration=2&amp;beginType=0&amp;tolerance=0&amp;lang=es&amp;PHPSESSID=lld0scbb64qtu3mn3ojgremfrf\" target=\"_blank\" rel=\"noopener\">15% de descuento en todos nuestros alojamientos<\/a><\/strong>. \u00a1Organiza tu escapada a s\u00f3lo un click!<\/p>\n<p>Te invitamos a descubrirlo con nosotros y nosotras, porque cada estaci\u00f3n tiene su magia en el coraz\u00f3n de los Pirineos.<\/p>\n","protected":false},"excerpt":{"rendered":"<p>El oto\u00f1o en la Val d&#8217;Aran es sin\u00f3nimo de paisajes te\u00f1idos de tonos c\u00e1lidos, aromas a casta\u00f1as asadas y tradiciones que nos invitan a conectarnos [&hellip;]<\/p>\n","protected":false},"author":1,"featured_media":4671,"comment_status":"open","ping_status":"open","sticky":false,"template":"","format":"standard","meta":[],"categories":[69],"tags":[1174,2158,721,2156,582,2159,2157,818],"_links":{"self":[{"href":"https:\/\/www.campingverneda.com\/blog\/wp-json\/wp\/v2\/posts\/5505"}],"collection":[{"href":"https:\/\/www.campingverneda.com\/blog\/wp-json\/wp\/v2\/posts"}],"about":[{"href":"https:\/\/www.campingverneda.com\/blog\/wp-json\/wp\/v2\/types\/post"}],"author":[{"embeddable":true,"href":"https:\/\/www.campingverneda.com\/blog\/wp-json\/wp\/v2\/users\/1"}],"replies":[{"embeddable":true,"href":"https:\/\/www.campingverneda.com\/blog\/wp-json\/wp\/v2\/comments?post=5505"}],"version-history":[{"count":2,"href":"https:\/\/www.campingverneda.com\/blog\/wp-json\/wp\/v2\/posts\/5505\/revisions"}],"predecessor-version":[{"id":5509,"href":"https:\/\/www.campingverneda.com\/blog\/wp-json\/wp\/v2\/posts\/5505\/revisions\/5509"}],"wp:featuredmedia":[{"embeddable":true,"href":"https:\/\/www.campingverneda.com\/blog\/wp-json\/wp\/v2\/media\/4671"}],"wp:attachment":[{"href":"https:\/\/www.campingverneda.com\/blog\/wp-json\/wp\/v2\/media?parent=5505"}],"wp:term":[{"taxonomy":"category","embeddable":true,"href":"https:\/\/www.campingverneda.com\/blog\/wp-json\/wp\/v2\/categories?post=5505"},{"taxonomy":"post_tag","embeddable":true,"href":"https:\/\/www.campingverneda.com\/blog\/wp-json\/wp\/v2\/tags?post=5505"}],"curies":[{"name":"wp","href":"https:\/\/api.w.org\/{rel}","templated":true}]}}