{"id":5485,"date":"2025-09-15T11:45:35","date_gmt":"2025-09-15T11:45:35","guid":{"rendered":"https:\/\/www.campingverneda.com\/blog\/?p=5485"},"modified":"2025-09-15T11:47:23","modified_gmt":"2025-09-15T11:47:23","slug":"reserva-ya-tu-verano-2026","status":"publish","type":"post","link":"https:\/\/www.campingverneda.com\/blog\/2025\/09\/15\/reserva-ya-tu-verano-2026\/","title":{"rendered":"\u00a1Reserva ya tu verano 2026!"},"content":{"rendered":"<p>Aunque a\u00fan queda tiempo para que llegue el pr\u00f3ximo verano, en Verneda Camping Mountain Resort <strong>ya estamos preparando una nueva temporada<\/strong> cargada de naturaleza, relax, actividades para toda la familia y momentos inolvidables.<\/p>\n<p>Y lo mejor es que si reservas con antelaci\u00f3n, \u00a1podr\u00e1s tener acceso priviliegiado para disfrutar de las vacaciones que te mereces!<\/p>\n<p>Tanto si viajas en pareja, en familia o con amigos, reservar ahora tu estancia en Verneda te asegura las mejores tarifas, <strong>disponibilidad en los alojamientos m\u00e1s demandados<\/strong> y tranquilidad total.<\/p>\n<div id=\"attachment_5327\" style=\"width: 1354px\" class=\"wp-caption alignnone\"><a href=\"https:\/\/www.campingverneda.com\/blog\/2025\/06\/06\/actividades-infantiles-en-verneda-camping-mountain-resort\/verneda-camping-acampada-3-2\/\" rel=\"attachment wp-att-5327\"><img aria-describedby=\"caption-attachment-5327\" decoding=\"async\" loading=\"lazy\" class=\" wp-image-5327\" src=\"http:\/\/www.campingverneda.com\/blog\/wp-content\/uploads\/2025\/06\/verneda-camping-acampada-3.png\" alt=\"actividades infantiles en camping verneda\" width=\"1344\" height=\"560\" srcset=\"https:\/\/www.campingverneda.com\/blog\/wp-content\/uploads\/2025\/06\/verneda-camping-acampada-3-200x83.png 200w, https:\/\/www.campingverneda.com\/blog\/wp-content\/uploads\/2025\/06\/verneda-camping-acampada-3-300x125.png 300w, https:\/\/www.campingverneda.com\/blog\/wp-content\/uploads\/2025\/06\/verneda-camping-acampada-3-400x167.png 400w, https:\/\/www.campingverneda.com\/blog\/wp-content\/uploads\/2025\/06\/verneda-camping-acampada-3-600x250.png 600w, https:\/\/www.campingverneda.com\/blog\/wp-content\/uploads\/2025\/06\/verneda-camping-acampada-3-768x320.png 768w, https:\/\/www.campingverneda.com\/blog\/wp-content\/uploads\/2025\/06\/verneda-camping-acampada-3-800x333.png 800w, https:\/\/www.campingverneda.com\/blog\/wp-content\/uploads\/2025\/06\/verneda-camping-acampada-3.png 960w\" sizes=\"(max-width: 1344px) 100vw, 1344px\" \/><\/a><p id=\"caption-attachment-5327\" class=\"wp-caption-text\">Piscina en Camping Verneda<\/p><\/div>\n<h3><strong>El verano en Verneda: mucho m\u00e1s que camping<\/strong><\/h3>\n<p>Situado en pleno coraz\u00f3n del Val d\u2019Aran, Verneda Camping Mountain Resort es un destino ideal para <strong>quienes buscan unas vacaciones con pleno contacto naturaleza sin renunciar al confort y a una amplia oferta de servicios y actividades<\/strong>. Durante los meses de verano, nuestro resort\u00a0 de monta\u00f1a se llena de vida con propuestas dise\u00f1adas para todas las edades.<\/p>\n<p>&#8211; <strong>Piscina de cloraci\u00f3n salina. <\/strong>perfecta para refrescarte y relajarte despu\u00e9s de una excursi\u00f3n por la monta\u00f1a. <a href=\"https:\/\/www.campingverneda.com\/piscina\" target=\"_blank\" rel=\"noopener\">Saludable, sostenible y sin cloro qu\u00edmico<\/a>.<br \/>\n&#8211; <strong>Restaurante<\/strong>: cocina de proximidad, <a href=\"https:\/\/www.campingverneda.com\/restaurante\" target=\"_blank\" rel=\"noopener\">platos para toda la familia<\/a> y vistas espectaculares para disfrutar con tus compa\u00f1eros y compa\u00f1eras de viaje.<br \/>\n&#8211; <strong>Conciertos al aire libre<\/strong>: cada semana desde finales de julio, la m\u00fasica en directo forma parte del paisaje. Bandas aut\u00e9nticas, tributos y artistas que llenan nuestras noches de magia.<br \/>\n&#8211; <strong>Actividades infantiles y espect\u00e1culos<\/strong>: juegos centrados en la naturaleza, <a href=\"https:\/\/www.campingverneda.com\/animacion-2\" target=\"_blank\" rel=\"noopener\">talleres creativos<\/a> y el popular Circoloco para que los peques vivan su propia aventura.<br \/>\n&#8211; <strong>Programaci\u00f3n diaria de excursiones guiadas<\/strong>: en las que realizamos rutas de senderismo de la mano de un gu\u00eda local a trav\u00e9s de bosques, senderos, lagos y los pueblos con m\u00e1s encanto de este valle de valles.<\/p>\n<p><a href=\"https:\/\/www.campingverneda.com\/blog\/2025\/05\/06\/reserv\/verneda-camping-bungalows-21\/\" rel=\"attachment wp-att-5281\"><img decoding=\"async\" loading=\"lazy\" class=\"alignnone wp-image-5281\" src=\"http:\/\/www.campingverneda.com\/blog\/wp-content\/uploads\/2025\/05\/verneda-camping-bungalows.png\" alt=\"camping verneda\" width=\"1322\" height=\"551\" srcset=\"https:\/\/www.campingverneda.com\/blog\/wp-content\/uploads\/2025\/05\/verneda-camping-bungalows-200x83.png 200w, https:\/\/www.campingverneda.com\/blog\/wp-content\/uploads\/2025\/05\/verneda-camping-bungalows-300x125.png 300w, https:\/\/www.campingverneda.com\/blog\/wp-content\/uploads\/2025\/05\/verneda-camping-bungalows-400x167.png 400w, https:\/\/www.campingverneda.com\/blog\/wp-content\/uploads\/2025\/05\/verneda-camping-bungalows-600x250.png 600w, https:\/\/www.campingverneda.com\/blog\/wp-content\/uploads\/2025\/05\/verneda-camping-bungalows-768x320.png 768w, https:\/\/www.campingverneda.com\/blog\/wp-content\/uploads\/2025\/05\/verneda-camping-bungalows-800x333.png 800w, https:\/\/www.campingverneda.com\/blog\/wp-content\/uploads\/2025\/05\/verneda-camping-bungalows.png 960w\" sizes=\"(max-width: 1322px) 100vw, 1322px\" \/><\/a><\/p>\n<h3><strong>Beneficios de reservar con antelaci\u00f3n<\/strong><\/h3>\n<p>\u2714\ufe0f Mejor precio garantizado.<\/p>\n<p>\u2714\ufe0f M\u00e1s opciones de alojamiento disponibles\u2028.<\/p>\n<p>\u2714\ufe0f Planificaci\u00f3n sin estr\u00e9s ni sorpresas de \u00faltima hora.<\/p>\n<p>Escoge entre bungalows, bordas, apartamentos y parcelas en plena naturaleza. En Camping Verneda, combinamos <strong>comodidad, sostenibilidad y autenticidad para ofrecerte una experiencia \u00fanica<\/strong> en la Val d\u2019Aran.<\/p>\n<div id=\"attachment_5269\" style=\"width: 1316px\" class=\"wp-caption alignnone\"><a href=\"https:\/\/www.campingverneda.com\/blog\/2025\/05\/01\/furgonetas-sleep-go-en-verneda-camping-mountain-resort\/verneda-camping-acampada\/\" rel=\"attachment wp-att-5269\"><img aria-describedby=\"caption-attachment-5269\" decoding=\"async\" loading=\"lazy\" class=\" wp-image-5269\" src=\"http:\/\/www.campingverneda.com\/blog\/wp-content\/uploads\/2025\/05\/verneda-camping-acampada.png\" alt=\"\" width=\"1306\" height=\"544\" srcset=\"https:\/\/www.campingverneda.com\/blog\/wp-content\/uploads\/2025\/05\/verneda-camping-acampada-200x83.png 200w, https:\/\/www.campingverneda.com\/blog\/wp-content\/uploads\/2025\/05\/verneda-camping-acampada-300x125.png 300w, https:\/\/www.campingverneda.com\/blog\/wp-content\/uploads\/2025\/05\/verneda-camping-acampada-400x167.png 400w, https:\/\/www.campingverneda.com\/blog\/wp-content\/uploads\/2025\/05\/verneda-camping-acampada-600x250.png 600w, https:\/\/www.campingverneda.com\/blog\/wp-content\/uploads\/2025\/05\/verneda-camping-acampada-768x320.png 768w, https:\/\/www.campingverneda.com\/blog\/wp-content\/uploads\/2025\/05\/verneda-camping-acampada-800x333.png 800w, https:\/\/www.campingverneda.com\/blog\/wp-content\/uploads\/2025\/05\/verneda-camping-acampada.png 960w\" sizes=\"(max-width: 1306px) 100vw, 1306px\" \/><\/a><p id=\"caption-attachment-5269\" class=\"wp-caption-text\">Camper en Camping Verneda<\/p><\/div>\n<h3><strong>\u00bfA qu\u00e9 esperas? \u00a1Tu verano 2026 empieza hoy!<\/strong><\/h3>\n<p>Las reservas anticipadas<a href=\"https:\/\/thelisresa.webcamp.fr\/?camping=verneda&amp;lang=es&amp;PHPSESSID=rldk6f219th27me4rkjnqp0af0\" target=\"_blank\" rel=\"noopener\"> ya est\u00e1n abiertas en nuestra web.<\/a> No dejes pasar la oportunidad de<strong> asegurarte las vacaciones que deseas<\/strong>, con el mejor precio y todas las ventajas que ofrece nuestro resort.<\/p>\n<p>Haz tu reserva ahora y empieza a imaginar todo lo que te espera en Verneda Camping Mountain Resort el verano 2026: <strong>naturaleza, descanso, diversi\u00f3n y recuerdos para toda la vida<\/strong>.<\/p>\n","protected":false},"excerpt":{"rendered":"<p>Aunque a\u00fan queda tiempo para que llegue el pr\u00f3ximo verano, en Verneda Camping Mountain Resort ya estamos preparando una nueva temporada cargada de naturaleza, relax, [&hellip;]<\/p>\n","protected":false},"author":1,"featured_media":5191,"comment_status":"open","ping_status":"open","sticky":false,"template":"","format":"standard","meta":[],"categories":[1,795,72],"tags":[2132,2130,1552,2004,2127,2129,2133,2134,2124,2125,2128,2011,2135,2123,2122,2136,2096,2126,2131,818],"_links":{"self":[{"href":"https:\/\/www.campingverneda.com\/blog\/wp-json\/wp\/v2\/posts\/5485"}],"collection":[{"href":"https:\/\/www.campingverneda.com\/blog\/wp-json\/wp\/v2\/posts"}],"about":[{"href":"https:\/\/www.campingverneda.com\/blog\/wp-json\/wp\/v2\/types\/post"}],"author":[{"embeddable":true,"href":"https:\/\/www.campingverneda.com\/blog\/wp-json\/wp\/v2\/users\/1"}],"replies":[{"embeddable":true,"href":"https:\/\/www.campingverneda.com\/blog\/wp-json\/wp\/v2\/comments?post=5485"}],"version-history":[{"count":2,"href":"https:\/\/www.campingverneda.com\/blog\/wp-json\/wp\/v2\/posts\/5485\/revisions"}],"predecessor-version":[{"id":5487,"href":"https:\/\/www.campingverneda.com\/blog\/wp-json\/wp\/v2\/posts\/5485\/revisions\/5487"}],"wp:featuredmedia":[{"embeddable":true,"href":"https:\/\/www.campingverneda.com\/blog\/wp-json\/wp\/v2\/media\/5191"}],"wp:attachment":[{"href":"https:\/\/www.campingverneda.com\/blog\/wp-json\/wp\/v2\/media?parent=5485"}],"wp:term":[{"taxonomy":"category","embeddable":true,"href":"https:\/\/www.campingverneda.com\/blog\/wp-json\/wp\/v2\/categories?post=5485"},{"taxonomy":"post_tag","embeddable":true,"href":"https:\/\/www.campingverneda.com\/blog\/wp-json\/wp\/v2\/tags?post=5485"}],"curies":[{"name":"wp","href":"https:\/\/api.w.org\/{rel}","templated":true}]}}