{"id":5458,"date":"2025-09-04T10:16:37","date_gmt":"2025-09-04T10:16:37","guid":{"rendered":"https:\/\/www.campingverneda.com\/blog\/?p=5458"},"modified":"2025-09-04T10:18:53","modified_gmt":"2025-09-04T10:18:53","slug":"vuelta-al-cole-el-mejor-momento-para-una-escapada-en-familia-a-la-val-daran","status":"publish","type":"post","link":"https:\/\/www.campingverneda.com\/blog\/2025\/09\/04\/vuelta-al-cole-el-mejor-momento-para-una-escapada-en-familia-a-la-val-daran\/","title":{"rendered":"Vuelta al cole: el mejor momento para una escapada en familia a la Val d&#8217;Aran"},"content":{"rendered":"<p>Septiembre marca el inicio del curso escolar, la vuelta a la rutina y la agenda llena de actividades. Pero, \u00bfy si te dij\u00e9ramos que es tambi\u00e9n el momento perfecto para una escapada en familia? Con la llegada del oto\u00f1o, la Val d&#8217;Aran se transforma en un destino m\u00e1gico. Donde los paisajes se ti\u00f1en de colores c\u00e1lidos y la tranquilidad invita a desconectar del ajetreo diario.<\/p>\n<p>En <strong><a href=\"https:\/\/www.instagram.com\/vida.verneda\/\" target=\"_blank\" rel=\"noopener\">Verneda Camping Mountain Resort<\/a><\/strong> sabemos que despu\u00e9s del verano, un descanso en la naturaleza puede ser la mejor forma de empezar el curso con energ\u00eda renovada. Por eso, cada septiembre lanzamos <a href=\"https:\/\/thelisresa.webcamp.fr\/?camping=verneda&amp;lang=es&amp;PHPSESSID=fcjuth9jb6i69clocmci3flv9d\" target=\"_blank\" rel=\"noopener\"><strong>promociones especiales<\/strong><\/a> para alojarse en nuestros acogedores <strong>bungalows de madera<\/strong>, perfectos para <a href=\"https:\/\/www.campingverneda.com\/bungalows\" target=\"_blank\" rel=\"noopener\">disfrutar de un fin de semana inolvidable<\/a> en familia.<\/p>\n<div id=\"attachment_5460\" style=\"width: 1371px\" class=\"wp-caption alignnone\"><a href=\"https:\/\/www.campingverneda.com\/blog\/2025\/09\/04\/vuelta-al-cole-el-mejor-momento-para-una-escapada-en-familia-a-la-val-daran\/campingverneda-5\/\" rel=\"attachment wp-att-5460\"><img aria-describedby=\"caption-attachment-5460\" decoding=\"async\" loading=\"lazy\" class=\" wp-image-5460\" src=\"http:\/\/www.campingverneda.com\/blog\/wp-content\/uploads\/2025\/09\/campingverneda.png\" alt=\"promociones en bungalows en camping verneda\" width=\"1361\" height=\"567\" srcset=\"https:\/\/www.campingverneda.com\/blog\/wp-content\/uploads\/2025\/09\/campingverneda-200x83.png 200w, https:\/\/www.campingverneda.com\/blog\/wp-content\/uploads\/2025\/09\/campingverneda-300x125.png 300w, https:\/\/www.campingverneda.com\/blog\/wp-content\/uploads\/2025\/09\/campingverneda-400x167.png 400w, https:\/\/www.campingverneda.com\/blog\/wp-content\/uploads\/2025\/09\/campingverneda-600x250.png 600w, https:\/\/www.campingverneda.com\/blog\/wp-content\/uploads\/2025\/09\/campingverneda-768x320.png 768w, https:\/\/www.campingverneda.com\/blog\/wp-content\/uploads\/2025\/09\/campingverneda-800x333.png 800w, https:\/\/www.campingverneda.com\/blog\/wp-content\/uploads\/2025\/09\/campingverneda.png 960w\" sizes=\"(max-width: 1361px) 100vw, 1361px\" \/><\/a><p id=\"caption-attachment-5460\" class=\"wp-caption-text\">Oto\u00f1o en familia en la Val d&#8217;Aran<\/p><\/div>\n<h3><strong>Un oto\u00f1o lleno de planes en la Val d\u2019Aran<\/strong><\/h3>\n<p>Durante los meses de septiembre y octubre, la Val d\u2019Aran ofrece un sinf\u00edn de actividades ideales para todas las edades:<br \/>\nRutas de senderismo f\u00e1ciles: Explorar los bosques dorados del oto\u00f1o en itinerarios como el Cam\u00ed dels Enamorats o la ruta hasta Artiga de Lin.<br \/>\nBicicleta en la naturaleza: Pedalea por el Camin Reiau, un recorrido apto para toda la familia.<br \/>\nPueblos con encanto: Pasear por Vielha, Boss\u00f2st o Salard\u00fa y descubrir su arquitectura aranesa, su cultura y su exquisita gastronom\u00eda.<br \/>\nAvistamiento de fauna: En esta \u00e9poca del a\u00f1o, la berrea del ciervo es un espect\u00e1culo \u00fanico para los amantes de la naturaleza.<br \/>\nGastronom\u00eda de temporada: Probar los platos t\u00edpicos de la cocina aranesa, como la olla aranesa o los cazuelines de setas.<\/p>\n<p><a href=\"https:\/\/www.campingverneda.com\/blog\/2025\/09\/04\/vuelta-al-cole-el-mejor-momento-para-una-escapada-en-familia-a-la-val-daran\/verneda-bungalow\/\" rel=\"attachment wp-att-5461\"><img decoding=\"async\" loading=\"lazy\" class=\"alignnone wp-image-5461\" src=\"http:\/\/www.campingverneda.com\/blog\/wp-content\/uploads\/2025\/09\/verneda-bungalow.png\" alt=\"otono en el valle de aran\" width=\"1298\" height=\"541\" srcset=\"https:\/\/www.campingverneda.com\/blog\/wp-content\/uploads\/2025\/09\/verneda-bungalow-200x83.png 200w, https:\/\/www.campingverneda.com\/blog\/wp-content\/uploads\/2025\/09\/verneda-bungalow-300x125.png 300w, https:\/\/www.campingverneda.com\/blog\/wp-content\/uploads\/2025\/09\/verneda-bungalow-400x167.png 400w, https:\/\/www.campingverneda.com\/blog\/wp-content\/uploads\/2025\/09\/verneda-bungalow-600x250.png 600w, https:\/\/www.campingverneda.com\/blog\/wp-content\/uploads\/2025\/09\/verneda-bungalow-768x320.png 768w, https:\/\/www.campingverneda.com\/blog\/wp-content\/uploads\/2025\/09\/verneda-bungalow-800x333.png 800w, https:\/\/www.campingverneda.com\/blog\/wp-content\/uploads\/2025\/09\/verneda-bungalow.png 960w\" sizes=\"(max-width: 1298px) 100vw, 1298px\" \/><\/a><\/p>\n<h3><strong>Esc\u00e1pate a la Val d\u2019Aran con nuestras promociones de septiembre<\/strong><\/h3>\n<p>Para que disfrutes de la Val d\u2019Aran en oto\u00f1o, en Verneda Camping Mountain Resort hemos preparado <a href=\"https:\/\/thelisresa.webcamp.fr\/?camping=verneda&amp;lang=es&amp;PHPSESSID=fcjuth9jb6i69clocmci3flv9d\" target=\"_blank\" rel=\"noopener\"><strong>ofertas especiales en nuestros bungalows de madera<\/strong>,<\/a> perfectos para un fin de semana de desconexi\u00f3n en plena naturaleza.<\/p>\n<p>No dejes que la vuelta al cole te abrume, r<strong>eg\u00e1late una escapada de fin de semana en la Val d&#8217;Aran<\/strong> y vuelve con m\u00e1s energ\u00eda que nunca. \u00a1Consulta nuestras promociones y haz tu reserva hoy mismo!<\/p>\n","protected":false},"excerpt":{"rendered":"<p>Septiembre marca el inicio del curso escolar, la vuelta a la rutina y la agenda llena de actividades. Pero, \u00bfy si te dij\u00e9ramos que es [&hellip;]<\/p>\n","protected":false},"author":1,"featured_media":3553,"comment_status":"open","ping_status":"open","sticky":false,"template":"","format":"standard","meta":[],"categories":[795,72,69],"tags":[1266,11,2115,2118,2116,1604,2108,2111,2117,552,818,991],"_links":{"self":[{"href":"https:\/\/www.campingverneda.com\/blog\/wp-json\/wp\/v2\/posts\/5458"}],"collection":[{"href":"https:\/\/www.campingverneda.com\/blog\/wp-json\/wp\/v2\/posts"}],"about":[{"href":"https:\/\/www.campingverneda.com\/blog\/wp-json\/wp\/v2\/types\/post"}],"author":[{"embeddable":true,"href":"https:\/\/www.campingverneda.com\/blog\/wp-json\/wp\/v2\/users\/1"}],"replies":[{"embeddable":true,"href":"https:\/\/www.campingverneda.com\/blog\/wp-json\/wp\/v2\/comments?post=5458"}],"version-history":[{"count":3,"href":"https:\/\/www.campingverneda.com\/blog\/wp-json\/wp\/v2\/posts\/5458\/revisions"}],"predecessor-version":[{"id":5464,"href":"https:\/\/www.campingverneda.com\/blog\/wp-json\/wp\/v2\/posts\/5458\/revisions\/5464"}],"wp:featuredmedia":[{"embeddable":true,"href":"https:\/\/www.campingverneda.com\/blog\/wp-json\/wp\/v2\/media\/3553"}],"wp:attachment":[{"href":"https:\/\/www.campingverneda.com\/blog\/wp-json\/wp\/v2\/media?parent=5458"}],"wp:term":[{"taxonomy":"category","embeddable":true,"href":"https:\/\/www.campingverneda.com\/blog\/wp-json\/wp\/v2\/categories?post=5458"},{"taxonomy":"post_tag","embeddable":true,"href":"https:\/\/www.campingverneda.com\/blog\/wp-json\/wp\/v2\/tags?post=5458"}],"curies":[{"name":"wp","href":"https:\/\/api.w.org\/{rel}","templated":true}]}}