{"id":5436,"date":"2025-08-13T15:16:52","date_gmt":"2025-08-13T15:16:52","guid":{"rendered":"http:\/\/www.campingverneda.com\/blog\/?p=5436"},"modified":"2025-08-19T11:13:07","modified_gmt":"2025-08-19T11:13:07","slug":"promociones-final-verano-val-daran","status":"publish","type":"post","link":"https:\/\/www.campingverneda.com\/blog\/2025\/08\/13\/promociones-final-verano-val-daran\/","title":{"rendered":"Descubre la magia del fin del verano con nuestras promociones"},"content":{"rendered":"<p class=\"p2\"><span class=\"s1\">El verano a\u00fan no ha terminado, pero ya estamos so\u00f1ando con los d\u00edas m\u00e1s tranquilos <b>en la Val d\u2019Aran<\/b>. Si buscas una escapada tranquila, rodeada de paisajes espectaculares y con <b>descuentos exclusivos<\/b>, en <a href=\"https:\/\/www.instagram.com\/vida.verneda\/\" target=\"_blank\" rel=\"noopener\"><span class=\"s2\"><b>Verneda Camping Mountain Resort<\/b><\/span><\/a> tenemos las mejores promociones de septiembre para que disfrutes del oto\u00f1o como nunca.<\/span><\/p>\n<h3><a href=\"http:\/\/www.campingverneda.com\/blog\/wp-content\/uploads\/2025\/08\/verneda-camping-otono.png\"><img decoding=\"async\" loading=\"lazy\" class=\"alignnone wp-image-5450\" src=\"http:\/\/www.campingverneda.com\/blog\/wp-content\/uploads\/2025\/08\/verneda-camping-otono-300x125.png\" alt=\"\" width=\"1169\" height=\"487\" srcset=\"https:\/\/www.campingverneda.com\/blog\/wp-content\/uploads\/2025\/08\/verneda-camping-otono-200x83.png 200w, https:\/\/www.campingverneda.com\/blog\/wp-content\/uploads\/2025\/08\/verneda-camping-otono-300x125.png 300w, https:\/\/www.campingverneda.com\/blog\/wp-content\/uploads\/2025\/08\/verneda-camping-otono-400x167.png 400w, https:\/\/www.campingverneda.com\/blog\/wp-content\/uploads\/2025\/08\/verneda-camping-otono-600x250.png 600w, https:\/\/www.campingverneda.com\/blog\/wp-content\/uploads\/2025\/08\/verneda-camping-otono-768x320.png 768w, https:\/\/www.campingverneda.com\/blog\/wp-content\/uploads\/2025\/08\/verneda-camping-otono-800x333.png 800w, https:\/\/www.campingverneda.com\/blog\/wp-content\/uploads\/2025\/08\/verneda-camping-otono.png 960w\" sizes=\"(max-width: 1169px) 100vw, 1169px\" \/><\/a><\/h3>\n<h3 class=\"p3\"><span class=\"s1\"><b>Razones para visitar la Val d\u2019Aran a finales de verano<\/b><\/span><\/h3>\n<p class=\"p2\"><span class=\"s1\">El final del verano transforma la Val d\u2019Aran en un espect\u00e1culo de colores dando paso al oto\u00f1o: los bosques se ti\u00f1en de tonos rojizos y dorados, el aire es fresco y puro, y los senderos se vuelven a\u00fan m\u00e1s m\u00e1gicos. Es la \u00e9poca perfecta para:<\/span><\/p>\n<p class=\"p2\"><span class=\"s1\"><b>Hacer rutas de senderismo<\/b> sin el calor del verano y con paisajes impresionantes.<br \/>\n<b>Descubrir la gastronom\u00eda aranesa<\/b> en su mejor momento, con platos de caza, setas y recetas tradicionales.<br \/>\n<b>Disfrutar de la tranquilidad<\/b>, lejos del bullicio estival, en plena conexi\u00f3n con la naturaleza.<\/span><\/p>\n<h3><a href=\"http:\/\/www.campingverneda.com\/blog\/wp-content\/uploads\/2025\/08\/verneda-camping-bungalow-descuentos-verano.png\"><img decoding=\"async\" loading=\"lazy\" class=\"alignnone wp-image-5448\" src=\"http:\/\/www.campingverneda.com\/blog\/wp-content\/uploads\/2025\/08\/verneda-camping-bungalow-descuentos-verano-300x125.png\" alt=\"\" width=\"1740\" height=\"726\" srcset=\"https:\/\/www.campingverneda.com\/blog\/wp-content\/uploads\/2025\/08\/verneda-camping-bungalow-descuentos-verano-200x83.png 200w, https:\/\/www.campingverneda.com\/blog\/wp-content\/uploads\/2025\/08\/verneda-camping-bungalow-descuentos-verano-300x125.png 300w, https:\/\/www.campingverneda.com\/blog\/wp-content\/uploads\/2025\/08\/verneda-camping-bungalow-descuentos-verano-400x167.png 400w, https:\/\/www.campingverneda.com\/blog\/wp-content\/uploads\/2025\/08\/verneda-camping-bungalow-descuentos-verano-600x250.png 600w, https:\/\/www.campingverneda.com\/blog\/wp-content\/uploads\/2025\/08\/verneda-camping-bungalow-descuentos-verano-768x320.png 768w, https:\/\/www.campingverneda.com\/blog\/wp-content\/uploads\/2025\/08\/verneda-camping-bungalow-descuentos-verano-800x333.png 800w, https:\/\/www.campingverneda.com\/blog\/wp-content\/uploads\/2025\/08\/verneda-camping-bungalow-descuentos-verano.png 960w\" sizes=\"(max-width: 1740px) 100vw, 1740px\" \/><\/a><\/h3>\n<h3 class=\"p3\"><span class=\"s1\"><b>Promociones de septiembre en nuestros bungalows<\/b><\/span><\/h3>\n<p class=\"p2\"><span class=\"s1\">Para que no te quedes sin tu escapada oto\u00f1al, hemos preparado <a href=\"https:\/\/thelisresa.webcamp.fr\/?camping=verneda&amp;lang=es&amp;PHPSESSID=v1h65ekgf7aoq6lsf2u91689m6\" target=\"_blank\" rel=\"noopener\"><span class=\"s2\"><b>descuentos especiales<\/b><\/span><\/a> en nuestros <b>bungalows<\/b>, con todo el confort que necesitas para desconectar y disfrutar de la naturaleza:<\/span><\/p>\n<p class=\"p2\"><span class=\"s1\">Si lo tuyo es la tranquilidad y buscassuna escapada de camping fuera del bullicio de la primera quincena de agosto, para la <b>\u00faltima semana, de agosto tenemos hasta un <\/b><a href=\"https:\/\/thelisresa.webcamp.fr\/list.php?camping=verneda&amp;lang=es&amp;PHPSESSID=pl3u88etcho0705r7nnc25r8ue&amp;begin=2025-08-25&amp;end=2025-08-31&amp;type=1&amp;nb_pers=1&amp;duration=7\" target=\"_blank\" rel=\"noopener\"><span class=\"s2\">20% de descuento en parcelas<\/span><\/a>. <\/span><\/p>\n<p class=\"p2\"><span class=\"s1\">Si para la <b>Diada de Catalu\u00f1a del 10 al 14 de septiembre,<\/b> tienes puente ahora si reservas 4 noches obtendr\u00e1s un<a href=\"http:\/\/thelisresa.webcamp.fr\/list.php?camping=verneda&amp;track=1382025&amp;type=2&amp;typelocation=2&amp;nb_pers=0&amp;begin=10\/09\/2025&amp;end=14\/09\/2025&amp;duration=4&amp;beginType=0&amp;tolerance=0&amp;lang=es\" target=\"_blank\" rel=\"noopener\"><span class=\"s2\"> 20% de descuento en nuestros bungalows<\/span><\/a>.<\/span><\/p>\n<p><a href=\"http:\/\/www.campingverneda.com\/blog\/wp-content\/uploads\/2025\/08\/verneda-camping-descuentos-verano-bungalow.png\"><img decoding=\"async\" loading=\"lazy\" class=\"alignnone wp-image-5449\" src=\"http:\/\/www.campingverneda.com\/blog\/wp-content\/uploads\/2025\/08\/verneda-camping-descuentos-verano-bungalow-300x125.png\" alt=\"\" width=\"1008\" height=\"420\" srcset=\"https:\/\/www.campingverneda.com\/blog\/wp-content\/uploads\/2025\/08\/verneda-camping-descuentos-verano-bungalow-200x83.png 200w, https:\/\/www.campingverneda.com\/blog\/wp-content\/uploads\/2025\/08\/verneda-camping-descuentos-verano-bungalow-300x125.png 300w, https:\/\/www.campingverneda.com\/blog\/wp-content\/uploads\/2025\/08\/verneda-camping-descuentos-verano-bungalow-400x167.png 400w, https:\/\/www.campingverneda.com\/blog\/wp-content\/uploads\/2025\/08\/verneda-camping-descuentos-verano-bungalow-600x250.png 600w, https:\/\/www.campingverneda.com\/blog\/wp-content\/uploads\/2025\/08\/verneda-camping-descuentos-verano-bungalow-768x320.png 768w, https:\/\/www.campingverneda.com\/blog\/wp-content\/uploads\/2025\/08\/verneda-camping-descuentos-verano-bungalow-800x333.png 800w, https:\/\/www.campingverneda.com\/blog\/wp-content\/uploads\/2025\/08\/verneda-camping-descuentos-verano-bungalow.png 960w\" sizes=\"(max-width: 1008px) 100vw, 1008px\" \/><\/a><\/p>\n<p class=\"p2\"><span class=\"s1\"><b>Aprovecha estas promociones y prep\u00e1rate para vivir el final del verano en la Val d\u2019Aran con la mejor compa\u00f1\u00eda.<\/b><\/span><\/p>\n<h3 class=\"p3\"><span class=\"s1\"><b> \u00a1Reserva ya tu bungalow en Verneda Camping Mountain Resort!<\/b><\/span><\/h3>\n<p class=\"p2\"><span class=\"s1\">Las plazas son limitadas, as\u00ed que no dejes pasar esta oportunidad. Reserva ahora y prep\u00e1rate para una escapada inolvidable este oto\u00f1o.\u00a0<\/span><\/p>\n<p class=\"p2\"><span class=\"s1\"><b>Haz tu <\/b><a href=\"https:\/\/www.campingverneda.com\/\" target=\"_blank\" rel=\"noopener\"><span class=\"s2\"><b>reserva ahora en nuestra web<\/b><\/span><\/a><b> y ven a descubrir la magia de la Val d\u2019Aran.<\/b><\/span><\/p>\n","protected":false},"excerpt":{"rendered":"<p>El verano a\u00fan no ha terminado, pero ya estamos so\u00f1ando con los d\u00edas m\u00e1s tranquilos en la Val d\u2019Aran. Si buscas una escapada tranquila, rodeada [&hellip;]<\/p>\n","protected":false},"author":1,"featured_media":5447,"comment_status":"open","ping_status":"open","sticky":false,"template":"","format":"standard","meta":[],"categories":[129],"tags":[2109,2072,1807,11,2103,2110,2112,576,2108,2106,2113,2071,2101,2105,2097,2111,2102,2104,552,2107,2114,818],"_links":{"self":[{"href":"https:\/\/www.campingverneda.com\/blog\/wp-json\/wp\/v2\/posts\/5436"}],"collection":[{"href":"https:\/\/www.campingverneda.com\/blog\/wp-json\/wp\/v2\/posts"}],"about":[{"href":"https:\/\/www.campingverneda.com\/blog\/wp-json\/wp\/v2\/types\/post"}],"author":[{"embeddable":true,"href":"https:\/\/www.campingverneda.com\/blog\/wp-json\/wp\/v2\/users\/1"}],"replies":[{"embeddable":true,"href":"https:\/\/www.campingverneda.com\/blog\/wp-json\/wp\/v2\/comments?post=5436"}],"version-history":[{"count":5,"href":"https:\/\/www.campingverneda.com\/blog\/wp-json\/wp\/v2\/posts\/5436\/revisions"}],"predecessor-version":[{"id":5456,"href":"https:\/\/www.campingverneda.com\/blog\/wp-json\/wp\/v2\/posts\/5436\/revisions\/5456"}],"wp:featuredmedia":[{"embeddable":true,"href":"https:\/\/www.campingverneda.com\/blog\/wp-json\/wp\/v2\/media\/5447"}],"wp:attachment":[{"href":"https:\/\/www.campingverneda.com\/blog\/wp-json\/wp\/v2\/media?parent=5436"}],"wp:term":[{"taxonomy":"category","embeddable":true,"href":"https:\/\/www.campingverneda.com\/blog\/wp-json\/wp\/v2\/categories?post=5436"},{"taxonomy":"post_tag","embeddable":true,"href":"https:\/\/www.campingverneda.com\/blog\/wp-json\/wp\/v2\/tags?post=5436"}],"curies":[{"name":"wp","href":"https:\/\/api.w.org\/{rel}","templated":true}]}}