{"id":5427,"date":"2025-08-05T09:13:59","date_gmt":"2025-08-05T09:13:59","guid":{"rendered":"https:\/\/www.campingverneda.com\/blog\/?p=5427"},"modified":"2025-08-05T09:14:00","modified_gmt":"2025-08-05T09:14:00","slug":"senderismo-val-daran-consejos-para-disfrutar-en-familia-este-verano","status":"publish","type":"post","link":"https:\/\/www.campingverneda.com\/blog\/2025\/08\/05\/senderismo-val-daran-consejos-para-disfrutar-en-familia-este-verano\/","title":{"rendered":"Senderismo Val d\u2019Aran: consejos para disfrutar en familia este verano"},"content":{"rendered":"<p class=\"p2\"><span class=\"s1\">El verano es la \u00e9poca perfecta para disfrutar del <b>senderismo en la Val d\u2019Aran<\/b>, un destino ideal para familias y amantes de la naturaleza. Con sus monta\u00f1as imponentes, bosques frondosos y lagos cristalinos, ofrece rutas para todos los niveles. Para que tu experiencia sea segura y placentera, te dejamos algunos consejos clave.<\/span><\/p>\n<p><a href=\"https:\/\/www.campingverneda.com\/blog\/2025\/08\/05\/senderismo-val-daran-consejos-para-disfrutar-en-familia-este-verano\/verneda-senderismo-consejos-verano\/\" rel=\"attachment wp-att-5430\"><img decoding=\"async\" loading=\"lazy\" class=\"alignnone size-full wp-image-5430\" src=\"http:\/\/www.campingverneda.com\/blog\/wp-content\/uploads\/2025\/08\/verneda-Senderismo-consejos-verano.png\" alt=\"\" width=\"960\" height=\"400\" srcset=\"https:\/\/www.campingverneda.com\/blog\/wp-content\/uploads\/2025\/08\/verneda-Senderismo-consejos-verano-200x83.png 200w, https:\/\/www.campingverneda.com\/blog\/wp-content\/uploads\/2025\/08\/verneda-Senderismo-consejos-verano-300x125.png 300w, https:\/\/www.campingverneda.com\/blog\/wp-content\/uploads\/2025\/08\/verneda-Senderismo-consejos-verano-400x167.png 400w, https:\/\/www.campingverneda.com\/blog\/wp-content\/uploads\/2025\/08\/verneda-Senderismo-consejos-verano-600x250.png 600w, https:\/\/www.campingverneda.com\/blog\/wp-content\/uploads\/2025\/08\/verneda-Senderismo-consejos-verano-768x320.png 768w, https:\/\/www.campingverneda.com\/blog\/wp-content\/uploads\/2025\/08\/verneda-Senderismo-consejos-verano-800x333.png 800w, https:\/\/www.campingverneda.com\/blog\/wp-content\/uploads\/2025\/08\/verneda-Senderismo-consejos-verano.png 960w\" sizes=\"(max-width: 960px) 100vw, 960px\" \/><\/a><\/p>\n<h3 class=\"p3\"><span class=\"s1\"><b>1. Elige la ruta adecuada para tu nivel<\/b><\/span><\/h3>\n<p class=\"p2\"><span class=\"s1\">Antes de salir, es importante elegir un recorrido acorde a la condici\u00f3n f\u00edsica de todos los miembros de la familia. Si vas con ni\u00f1os peque\u00f1os o principiantes, opta por rutas f\u00e1ciles como la <b>ruta de los 7 pueblos<\/b> o el <b>Saut Deth Pish<\/b>. Para los m\u00e1s experimentados, el ascenso al <b>pico del Montcorbison<\/b> es una gran opci\u00f3n.<\/span><\/p>\n<h3 class=\"p3\"><span class=\"s1\"><b>2. Planifica y revisa el clima<\/b><\/span><\/h3>\n<p class=\"p2\"><span class=\"s1\">Las monta\u00f1as pueden ser impredecibles en verano, con cambios bruscos de temperatura. Consulta el pron\u00f3stico del tiempo antes de salir y evita d\u00edas de tormenta. Siempre lleva una chaqueta ligera impermeable por si refresca o llueve. Recuerda que en Camping Verneda, ofrecemos nuestra informaci\u00f3n detallada gracias a nuestra <a href=\"https:\/\/www.campingverneda.com\/blog\/2025\/06\/02\/una-estacion-meteorologica-en-camping-verneda\/\"><span class=\"s2\">estaci\u00f3n meteorol\u00f3gic<\/span><\/a>a.<\/span><\/p>\n<h3 class=\"p3\"><span class=\"s1\"><b>3. Hidrataci\u00f3n y alimentaci\u00f3n<\/b><\/span><\/h3>\n<p class=\"p2\"><span class=\"s1\">Lleva suficiente agua para todos, especialmente en los d\u00edas m\u00e1s calurosos. Tambi\u00e9n es recomendable llevar snacks energ\u00e9ticos como frutos secos, barritas o fruta fresca para reponer fuerzas durante la caminata.<\/span><\/p>\n<p><a href=\"https:\/\/www.campingverneda.com\/blog\/2025\/08\/05\/senderismo-val-daran-consejos-para-disfrutar-en-familia-este-verano\/verneda-saut-deth-pish\/\" rel=\"attachment wp-att-5429\"><img decoding=\"async\" loading=\"lazy\" class=\"alignnone size-full wp-image-5429\" src=\"http:\/\/www.campingverneda.com\/blog\/wp-content\/uploads\/2025\/08\/verneda-saut-deth-pish.png\" alt=\"\" width=\"960\" height=\"400\" srcset=\"https:\/\/www.campingverneda.com\/blog\/wp-content\/uploads\/2025\/08\/verneda-saut-deth-pish-200x83.png 200w, https:\/\/www.campingverneda.com\/blog\/wp-content\/uploads\/2025\/08\/verneda-saut-deth-pish-300x125.png 300w, https:\/\/www.campingverneda.com\/blog\/wp-content\/uploads\/2025\/08\/verneda-saut-deth-pish-400x167.png 400w, https:\/\/www.campingverneda.com\/blog\/wp-content\/uploads\/2025\/08\/verneda-saut-deth-pish-600x250.png 600w, https:\/\/www.campingverneda.com\/blog\/wp-content\/uploads\/2025\/08\/verneda-saut-deth-pish-768x320.png 768w, https:\/\/www.campingverneda.com\/blog\/wp-content\/uploads\/2025\/08\/verneda-saut-deth-pish-800x333.png 800w, https:\/\/www.campingverneda.com\/blog\/wp-content\/uploads\/2025\/08\/verneda-saut-deth-pish.png 960w\" sizes=\"(max-width: 960px) 100vw, 960px\" \/><\/a><\/p>\n<h3 class=\"p3\"><span class=\"s1\"><b>4. Equipo adecuado<\/b><\/span><\/h3>\n<p class=\"p2\"><span class=\"s1\">Un buen calzado de senderismo es clave para evitar lesiones. Usa zapatillas o botas con buena sujeci\u00f3n y suela adherente. No olvides protecci\u00f3n solar, gorra y gafas de sol para protegerte de los rayos UV.<\/span><\/p>\n<h3 class=\"p3\"><span class=\"s1\"><b>5. Respeto por la naturaleza<\/b><\/span><\/h3>\n<p class=\"p2\"><span class=\"s1\">La Val d\u2019Aran es un entorno natural privilegiado. Resp\u00e9talo siguiendo la regla de <b>&#8220;No dejes rastro&#8221;<\/b>: no tires basura, respeta la flora y fauna y sigue los senderos marcados para evitar da\u00f1ar el ecosistema.<\/span><\/p>\n<p><a href=\"https:\/\/www.campingverneda.com\/blog\/2025\/08\/05\/senderismo-val-daran-consejos-para-disfrutar-en-familia-este-verano\/verneda-saut-deth-pish-verano\/\" rel=\"attachment wp-att-5428\"><img decoding=\"async\" loading=\"lazy\" class=\"alignnone size-full wp-image-5428\" src=\"http:\/\/www.campingverneda.com\/blog\/wp-content\/uploads\/2025\/08\/verneda-saut-deth-pish-verano.png\" alt=\"\" width=\"960\" height=\"400\" srcset=\"https:\/\/www.campingverneda.com\/blog\/wp-content\/uploads\/2025\/08\/verneda-saut-deth-pish-verano-200x83.png 200w, https:\/\/www.campingverneda.com\/blog\/wp-content\/uploads\/2025\/08\/verneda-saut-deth-pish-verano-300x125.png 300w, https:\/\/www.campingverneda.com\/blog\/wp-content\/uploads\/2025\/08\/verneda-saut-deth-pish-verano-400x167.png 400w, https:\/\/www.campingverneda.com\/blog\/wp-content\/uploads\/2025\/08\/verneda-saut-deth-pish-verano-600x250.png 600w, https:\/\/www.campingverneda.com\/blog\/wp-content\/uploads\/2025\/08\/verneda-saut-deth-pish-verano-768x320.png 768w, https:\/\/www.campingverneda.com\/blog\/wp-content\/uploads\/2025\/08\/verneda-saut-deth-pish-verano-800x333.png 800w, https:\/\/www.campingverneda.com\/blog\/wp-content\/uploads\/2025\/08\/verneda-saut-deth-pish-verano.png 960w\" sizes=\"(max-width: 960px) 100vw, 960px\" \/><\/a><\/p>\n<h3 class=\"p3\"><span class=\"s1\"><b>6. Disfruta del entorno y la compa\u00f1\u00eda<\/b><\/span><\/h3>\n<p class=\"p2\"><span class=\"s1\">El senderismo no es s\u00f3lo llegar a un destino, sino disfrutar del <b>camino, las vistas y la compa\u00f1\u00eda<\/b>. Haz paradas, respira aire puro y captura los momentos especiales en familia.<\/span><\/p>\n<h3 class=\"p3\"><span class=\"s1\"><b>Explora la Val d\u2019Aran con Verneda Camping Mountain Resort<\/b><\/span><\/h3>\n<p class=\"p2\"><span class=\"s1\">Despu\u00e9s de una jornada de senderismo, nada mejor que relajarse en nuestra <b>piscina climatizada<\/b> y disfrutar de una deliciosa comida en nuestro restaurante. <\/span><span class=\"s1\"><b>Este verano, ven a descubrir la naturaleza con nosotros. <\/b><a href=\"https:\/\/www.campingverneda.com\/\" target=\"_blank\" rel=\"noopener\"><span class=\"s2\"><b>\u00a1Reserva tu aventura en Verneda Camping Mountain Resort!<\/b><\/span><\/a><\/span><\/p>\n","protected":false},"excerpt":{"rendered":"<p>El verano es la \u00e9poca perfecta para disfrutar del senderismo en la Val d\u2019Aran, un destino ideal para familias y amantes de la naturaleza. Con [&hellip;]<\/p>\n","protected":false},"author":1,"featured_media":5431,"comment_status":"open","ping_status":"open","sticky":false,"template":"","format":"standard","meta":[],"categories":[129,72],"tags":[2072,11,2103,2106,2071,2101,2105,2097,2102,2104,2107,818],"_links":{"self":[{"href":"https:\/\/www.campingverneda.com\/blog\/wp-json\/wp\/v2\/posts\/5427"}],"collection":[{"href":"https:\/\/www.campingverneda.com\/blog\/wp-json\/wp\/v2\/posts"}],"about":[{"href":"https:\/\/www.campingverneda.com\/blog\/wp-json\/wp\/v2\/types\/post"}],"author":[{"embeddable":true,"href":"https:\/\/www.campingverneda.com\/blog\/wp-json\/wp\/v2\/users\/1"}],"replies":[{"embeddable":true,"href":"https:\/\/www.campingverneda.com\/blog\/wp-json\/wp\/v2\/comments?post=5427"}],"version-history":[{"count":2,"href":"https:\/\/www.campingverneda.com\/blog\/wp-json\/wp\/v2\/posts\/5427\/revisions"}],"predecessor-version":[{"id":5433,"href":"https:\/\/www.campingverneda.com\/blog\/wp-json\/wp\/v2\/posts\/5427\/revisions\/5433"}],"wp:featuredmedia":[{"embeddable":true,"href":"https:\/\/www.campingverneda.com\/blog\/wp-json\/wp\/v2\/media\/5431"}],"wp:attachment":[{"href":"https:\/\/www.campingverneda.com\/blog\/wp-json\/wp\/v2\/media?parent=5427"}],"wp:term":[{"taxonomy":"category","embeddable":true,"href":"https:\/\/www.campingverneda.com\/blog\/wp-json\/wp\/v2\/categories?post=5427"},{"taxonomy":"post_tag","embeddable":true,"href":"https:\/\/www.campingverneda.com\/blog\/wp-json\/wp\/v2\/tags?post=5427"}],"curies":[{"name":"wp","href":"https:\/\/api.w.org\/{rel}","templated":true}]}}