{"id":5413,"date":"2025-07-29T08:08:06","date_gmt":"2025-07-29T08:08:06","guid":{"rendered":"https:\/\/www.campingverneda.com\/blog\/?p=5413"},"modified":"2025-07-29T11:06:19","modified_gmt":"2025-07-29T11:06:19","slug":"las-mejores-rutas-con-ninos-en-la-val-daran","status":"publish","type":"post","link":"https:\/\/www.campingverneda.com\/blog\/2025\/07\/29\/las-mejores-rutas-con-ninos-en-la-val-daran\/","title":{"rendered":"Las mejores rutas con ni\u00f1os en la Val d\u2019Aran"},"content":{"rendered":"<p class=\"p2\"><span class=\"s1\">Si est\u00e1s buscando planes al aire libre para disfrutar en familia, la <b>Val d\u2019Aran<\/b> es el destino perfecto. Sus paisajes impresionantes, su naturaleza exuberante y sus senderos adaptados hacen que sea ideal para explorar con los m\u00e1s peque\u00f1os. Desde <a href=\"https:\/\/www.instagram.com\/vida.verneda\/\" target=\"_blank\" rel=\"noopener\"><span class=\"s2\"><b>Verneda Camping Mountain Resort<\/b><\/span><\/a> te recomendamos algunas de las mejores rutas para hacer con ni\u00f1os este verano.<\/span><\/p>\n<p><a href=\"https:\/\/www.campingverneda.com\/blog\/2025\/07\/29\/las-mejores-rutas-con-ninos-en-la-val-daran\/verneda-mejores-rutas-ninos\/\" rel=\"attachment wp-att-5415\"><img decoding=\"async\" loading=\"lazy\" class=\"alignnone wp-image-5415\" src=\"http:\/\/www.campingverneda.com\/blog\/wp-content\/uploads\/2025\/07\/verneda-mejores-rutas-ninos.png\" alt=\"\" width=\"1466\" height=\"611\" srcset=\"https:\/\/www.campingverneda.com\/blog\/wp-content\/uploads\/2025\/07\/verneda-mejores-rutas-ninos-200x83.png 200w, https:\/\/www.campingverneda.com\/blog\/wp-content\/uploads\/2025\/07\/verneda-mejores-rutas-ninos-300x125.png 300w, https:\/\/www.campingverneda.com\/blog\/wp-content\/uploads\/2025\/07\/verneda-mejores-rutas-ninos-400x167.png 400w, https:\/\/www.campingverneda.com\/blog\/wp-content\/uploads\/2025\/07\/verneda-mejores-rutas-ninos-600x250.png 600w, https:\/\/www.campingverneda.com\/blog\/wp-content\/uploads\/2025\/07\/verneda-mejores-rutas-ninos-768x320.png 768w, https:\/\/www.campingverneda.com\/blog\/wp-content\/uploads\/2025\/07\/verneda-mejores-rutas-ninos-800x333.png 800w, https:\/\/www.campingverneda.com\/blog\/wp-content\/uploads\/2025\/07\/verneda-mejores-rutas-ninos.png 960w\" sizes=\"(max-width: 1466px) 100vw, 1466px\" \/><\/a><\/p>\n<h3 class=\"p3\"><span class=\"s1\"><b>1. Camin Reiau: un paseo lleno de historia<\/b><\/span><\/h3>\n<p class=\"p2\"><span class=\"s1\">Esta ruta sigue un antiguo camino que une los pueblos de la Val d\u2019Aran, permitiendo descubrir la arquitectura aranesa y el encanto de los pueblos de monta\u00f1a. Es un recorrido f\u00e1cil, sin grandes desniveles, perfecto para que los ni\u00f1os caminen a su ritmo y disfruten del entorno.<\/span><\/p>\n<h3 class=\"p3\"><span class=\"s1\"><b>2. Ruta del Saut Deth Pish: una cascada de cuento<\/b><\/span><\/h3>\n<p class=\"p2\"><span class=\"s1\">Uno de los senderos m\u00e1s m\u00e1gicos para los peque\u00f1os exploradores. Tras un corto paseo, llegar\u00e9is a la espectacular <b>cascada del Saut Deth Pish<\/b>, donde el agua cae desde m\u00e1s de 20 metros de altura. Un lugar ideal para un picnic en familia y para que los ni\u00f1os disfruten de la naturaleza.<\/span><\/p>\n<p><a href=\"https:\/\/www.campingverneda.com\/blog\/2025\/07\/29\/las-mejores-rutas-con-ninos-en-la-val-daran\/verneda-rutas-ninos-saut-deth-pish\/\" rel=\"attachment wp-att-5416\"><img decoding=\"async\" loading=\"lazy\" class=\"alignnone wp-image-5416\" src=\"http:\/\/www.campingverneda.com\/blog\/wp-content\/uploads\/2025\/07\/verneda-rutas-ninos-saut-deth-pish.png\" alt=\"\" width=\"1457\" height=\"607\" srcset=\"https:\/\/www.campingverneda.com\/blog\/wp-content\/uploads\/2025\/07\/verneda-rutas-ninos-saut-deth-pish-200x83.png 200w, https:\/\/www.campingverneda.com\/blog\/wp-content\/uploads\/2025\/07\/verneda-rutas-ninos-saut-deth-pish-300x125.png 300w, https:\/\/www.campingverneda.com\/blog\/wp-content\/uploads\/2025\/07\/verneda-rutas-ninos-saut-deth-pish-400x167.png 400w, https:\/\/www.campingverneda.com\/blog\/wp-content\/uploads\/2025\/07\/verneda-rutas-ninos-saut-deth-pish-600x250.png 600w, https:\/\/www.campingverneda.com\/blog\/wp-content\/uploads\/2025\/07\/verneda-rutas-ninos-saut-deth-pish-768x320.png 768w, https:\/\/www.campingverneda.com\/blog\/wp-content\/uploads\/2025\/07\/verneda-rutas-ninos-saut-deth-pish-800x333.png 800w, https:\/\/www.campingverneda.com\/blog\/wp-content\/uploads\/2025\/07\/verneda-rutas-ninos-saut-deth-pish.png 960w\" sizes=\"(max-width: 1457px) 100vw, 1457px\" \/><\/a><\/p>\n<h3 class=\"p3\"><span class=\"s1\"><b>3. Bosque de Carlac: una aventura entre \u00e1rboles centenarios<\/b><\/span><\/h3>\n<p class=\"p2\"><span class=\"s1\">Ubicada en <b>Bausen<\/b>, esta ruta atraviesa un <b>bosque encantado<\/b> lleno de hayas centenarias con formas retorcidas que parecen sacadas de un cuento. Suaves pendientes y sombra natural hacen que sea una caminata fresca y amena para los m\u00e1s peque\u00f1os.<\/span><\/p>\n<h3 class=\"p3\"><span class=\"s1\"><b>4. Estany de Baciver: primer contacto con la alta monta\u00f1a<\/b><\/span><\/h3>\n<p class=\"p2\"><span class=\"s1\">Para familias con ni\u00f1os un poco mayores, la ruta al <b>Estany de Baciver<\/b> es una gran opci\u00f3n. A tan solo 1 hora de caminata desde Orri, este sendero permite descubrir un impresionante lago de monta\u00f1a rodeado de paisajes alpinos. \u00a1Ideal para iniciarse en el senderismo!<\/span><\/p>\n<p><a href=\"https:\/\/www.campingverneda.com\/blog\/2025\/07\/29\/las-mejores-rutas-con-ninos-en-la-val-daran\/verneda-mejores-rutas-ninos-2\/\" rel=\"attachment wp-att-5414\"><img decoding=\"async\" loading=\"lazy\" class=\"alignnone wp-image-5414\" src=\"http:\/\/www.campingverneda.com\/blog\/wp-content\/uploads\/2025\/07\/verneda-mejores-rutas-ninos-2.png\" alt=\"\" width=\"1438\" height=\"599\" srcset=\"https:\/\/www.campingverneda.com\/blog\/wp-content\/uploads\/2025\/07\/verneda-mejores-rutas-ninos-2-200x83.png 200w, https:\/\/www.campingverneda.com\/blog\/wp-content\/uploads\/2025\/07\/verneda-mejores-rutas-ninos-2-300x125.png 300w, https:\/\/www.campingverneda.com\/blog\/wp-content\/uploads\/2025\/07\/verneda-mejores-rutas-ninos-2-400x167.png 400w, https:\/\/www.campingverneda.com\/blog\/wp-content\/uploads\/2025\/07\/verneda-mejores-rutas-ninos-2-600x250.png 600w, https:\/\/www.campingverneda.com\/blog\/wp-content\/uploads\/2025\/07\/verneda-mejores-rutas-ninos-2-768x320.png 768w, https:\/\/www.campingverneda.com\/blog\/wp-content\/uploads\/2025\/07\/verneda-mejores-rutas-ninos-2-800x333.png 800w, https:\/\/www.campingverneda.com\/blog\/wp-content\/uploads\/2025\/07\/verneda-mejores-rutas-ninos-2.png 960w\" sizes=\"(max-width: 1438px) 100vw, 1438px\" \/><\/a><\/p>\n<h3 class=\"p3\"><span class=\"s1\"><b>Descubre la Val d\u2019Aran con los m\u00e1s peque\u00f1os<\/b><\/span><\/h3>\n<p class=\"p2\"><span class=\"s1\">Desde <a href=\"https:\/\/www.campingverneda.com\/\" target=\"_blank\" rel=\"noopener\"><span class=\"s2\"><b>Verneda Camping Mountain Resort<\/b><\/span><\/a> te animamos a explorar estos senderos con tu familia. Adem\u00e1s, despu\u00e9s de una jornada de aventuras, podr\u00e1s relajarte en nuestra <b>piscina climatizada de cloraci\u00f3n salina<\/b> y disfrutar de la mejor gastronom\u00eda en nuestro restaurante.<\/span><\/p>\n<p class=\"p2\"><span class=\"s1\"><b>Este verano, vive la naturaleza con los tuyos en la Val d\u2019Aran. \u00a1<\/b><a href=\"https:\/\/thelisresa.webcamp.fr\/?camping=verneda&amp;lang=es&amp;PHPSESSID=j0g706v5ihl0dts52m04u8f03m\" target=\"_blank\" rel=\"noopener\"><span class=\"s2\"><b>Reserva tus vacaciones<\/b><\/span><\/a><b> y prep\u00e1rate para la aventura!<\/b><\/span><\/p>\n","protected":false},"excerpt":{"rendered":"<p>Si est\u00e1s buscando planes al aire libre para disfrutar en familia, la Val d\u2019Aran es el destino perfecto. Sus paisajes impresionantes, su naturaleza exuberante y [&hellip;]<\/p>\n","protected":false},"author":1,"featured_media":5418,"comment_status":"open","ping_status":"open","sticky":false,"template":"","format":"standard","meta":[],"categories":[795,129,72],"tags":[1261,12,2072,11,2099,1709,2100,1782,2101,2098,2097,855,818],"_links":{"self":[{"href":"https:\/\/www.campingverneda.com\/blog\/wp-json\/wp\/v2\/posts\/5413"}],"collection":[{"href":"https:\/\/www.campingverneda.com\/blog\/wp-json\/wp\/v2\/posts"}],"about":[{"href":"https:\/\/www.campingverneda.com\/blog\/wp-json\/wp\/v2\/types\/post"}],"author":[{"embeddable":true,"href":"https:\/\/www.campingverneda.com\/blog\/wp-json\/wp\/v2\/users\/1"}],"replies":[{"embeddable":true,"href":"https:\/\/www.campingverneda.com\/blog\/wp-json\/wp\/v2\/comments?post=5413"}],"version-history":[{"count":4,"href":"https:\/\/www.campingverneda.com\/blog\/wp-json\/wp\/v2\/posts\/5413\/revisions"}],"predecessor-version":[{"id":5422,"href":"https:\/\/www.campingverneda.com\/blog\/wp-json\/wp\/v2\/posts\/5413\/revisions\/5422"}],"wp:featuredmedia":[{"embeddable":true,"href":"https:\/\/www.campingverneda.com\/blog\/wp-json\/wp\/v2\/media\/5418"}],"wp:attachment":[{"href":"https:\/\/www.campingverneda.com\/blog\/wp-json\/wp\/v2\/media?parent=5413"}],"wp:term":[{"taxonomy":"category","embeddable":true,"href":"https:\/\/www.campingverneda.com\/blog\/wp-json\/wp\/v2\/categories?post=5413"},{"taxonomy":"post_tag","embeddable":true,"href":"https:\/\/www.campingverneda.com\/blog\/wp-json\/wp\/v2\/tags?post=5413"}],"curies":[{"name":"wp","href":"https:\/\/api.w.org\/{rel}","templated":true}]}}