{"id":5397,"date":"2025-07-22T08:07:59","date_gmt":"2025-07-22T08:07:59","guid":{"rendered":"https:\/\/www.campingverneda.com\/blog\/?p=5397"},"modified":"2025-07-29T11:09:03","modified_gmt":"2025-07-29T11:09:03","slug":"circoloco-de-verneda-diversion-magia-y-risas","status":"publish","type":"post","link":"https:\/\/www.campingverneda.com\/blog\/2025\/07\/22\/circoloco-de-verneda-diversion-magia-y-risas\/","title":{"rendered":"Circoloco de Verneda: diversi\u00f3n, magia y risas"},"content":{"rendered":"<p class=\"p1\"><span class=\"s1\">El verano en <b>Verneda Camping Mountain Resort<\/b> no solo es sin\u00f3nimo de naturaleza, relax y desconexi\u00f3n, sino tambi\u00e9n de alegr\u00eda y diversi\u00f3n en familia. Una de las actividades favoritas de nuestros hu\u00e9spedes m\u00e1s peque\u00f1os regresa con m\u00e1s fuerza que nunca: el <b>Circoloco de Verneda<\/b>, un ciclo de espect\u00e1culos infantiles que cada semana llena de color, risas y creatividad las tardes del camping.<\/span><\/p>\n<p><a href=\"https:\/\/www.campingverneda.com\/blog\/2025\/07\/22\/circoloco-de-verneda-diversion-magia-y-risas\/verneda-circoloco-verano-2\/\" rel=\"attachment wp-att-5398\"><img decoding=\"async\" loading=\"lazy\" class=\"alignnone wp-image-5408 \" src=\"http:\/\/www.campingverneda.com\/blog\/wp-content\/uploads\/2025\/07\/verneda-circoloco-verano-2.png\" alt=\"\" width=\"1567\" height=\"653\" srcset=\"https:\/\/www.campingverneda.com\/blog\/wp-content\/uploads\/2025\/07\/verneda-circoloco-verano-2-200x83.png 200w, https:\/\/www.campingverneda.com\/blog\/wp-content\/uploads\/2025\/07\/verneda-circoloco-verano-2-300x125.png 300w, https:\/\/www.campingverneda.com\/blog\/wp-content\/uploads\/2025\/07\/verneda-circoloco-verano-2-400x167.png 400w, https:\/\/www.campingverneda.com\/blog\/wp-content\/uploads\/2025\/07\/verneda-circoloco-verano-2-600x250.png 600w, https:\/\/www.campingverneda.com\/blog\/wp-content\/uploads\/2025\/07\/verneda-circoloco-verano-2-768x320.png 768w, https:\/\/www.campingverneda.com\/blog\/wp-content\/uploads\/2025\/07\/verneda-circoloco-verano-2-800x333.png 800w, https:\/\/www.campingverneda.com\/blog\/wp-content\/uploads\/2025\/07\/verneda-circoloco-verano-2.png 960w\" sizes=\"(max-width: 1567px) 100vw, 1567px\" \/><\/a><\/p>\n<p><span class=\"s1\">Desde el 27 de julio hasta el 24 de agosto, <b>todos los domingos por la tarde<\/b> los ni\u00f1os y ni\u00f1as podr\u00e1n disfrutar de actuaciones de <b>payasos, magia, concursos y talleres creativos<\/b> en el entorno m\u00e1gico del Val d\u2019Aran. Una experiencia pensada especialmente para que las familias vivan momentos inolvidables en plena naturaleza.<\/span><\/p>\n<h3 class=\"p2\"><span class=\"s1\"><b>Agenda Circoloco de Verneda 2025<\/b><\/span><\/h3>\n<ul class=\"ul1\">\n<li class=\"li1\"><span class=\"s1\"><b>27 de julio \u2013 Pallaso Tortelini y Bellisimo<\/b><br \/>\nUna tarde repleta de humor con <b>Pallaso Tortelini<\/b>, divertido <b>espect\u00e1culo Bellisimo<\/b> y su fant\u00e1stico <b>taller de pintacaras<\/b>. Una combinaci\u00f3n perfecta de risas y creatividad para comenzar el ciclo.<\/span><\/li>\n<li class=\"li1\"><span class=\"s1\"><b>3 de agosto \u2013 Truki Chan<\/b><br \/>\nEl mago m\u00e1s loco del camping llega con un espect\u00e1culo interactivo cargado de ilusi\u00f3n, risas y sorpresas, acompa\u00f1ado de un <b>taller de magia<\/b> para que los peques aprendan sus primeros trucos.<\/span><\/li>\n<li class=\"li1\"><b><\/b><span class=\"s1\"><b>10 de agosto \u2013 Betty Clown<\/b><br \/>\n\u00a1Prep\u00e1rate para el <b>Gran Concurso<\/b> de Betty Clown! Una tarde de juegos y carcajadas que terminar\u00e1 con un nuevo <b>taller de pintacaras<\/b>, donde los ni\u00f1os podr\u00e1n convertirse en sus personajes favoritos.<\/span><\/li>\n<li class=\"li1\"><b><\/b><span class=\"s1\"><b>17 de agosto \u2013 Sabanni<\/b><br \/>\nEl espect\u00e1culo <b>Sol y Fa Plou<\/b> nos trae una historia musical llena de emociones y ritmo. Despu\u00e9s, los m\u00e1s peque\u00f1os podr\u00e1n disfrutar de un <b>taller creativo<\/b> con materiales naturales y reciclados.<\/span><\/li>\n<li class=\"li1\"><b><\/b><span class=\"s1\"><b>24 de agosto \u2013 Charlie Clown<\/b><br \/>\nCerramos el ciclo por todo lo alto con <b>The Disaster Circus<\/b>, una actuaci\u00f3n llena de malabares, acrobacias y momentos imprevisibles. Como broche final, una divertida <b>sesi\u00f3n de malabares familiares<\/b> para que grandes y peque\u00f1os participen juntos.<\/span><\/li>\n<\/ul>\n<p><a href=\"https:\/\/www.campingverneda.com\/blog\/2025\/07\/22\/circoloco-de-verneda-diversion-magia-y-risas\/verneda-circoloco-verano-3\/\" rel=\"attachment wp-att-5409\"><img decoding=\"async\" loading=\"lazy\" class=\"alignnone wp-image-5409\" src=\"http:\/\/www.campingverneda.com\/blog\/wp-content\/uploads\/2025\/07\/verneda-circoloco-verano-3.png\" alt=\"\" width=\"1541\" height=\"642\" srcset=\"https:\/\/www.campingverneda.com\/blog\/wp-content\/uploads\/2025\/07\/verneda-circoloco-verano-3-200x83.png 200w, https:\/\/www.campingverneda.com\/blog\/wp-content\/uploads\/2025\/07\/verneda-circoloco-verano-3-300x125.png 300w, https:\/\/www.campingverneda.com\/blog\/wp-content\/uploads\/2025\/07\/verneda-circoloco-verano-3-400x167.png 400w, https:\/\/www.campingverneda.com\/blog\/wp-content\/uploads\/2025\/07\/verneda-circoloco-verano-3-600x250.png 600w, https:\/\/www.campingverneda.com\/blog\/wp-content\/uploads\/2025\/07\/verneda-circoloco-verano-3-768x320.png 768w, https:\/\/www.campingverneda.com\/blog\/wp-content\/uploads\/2025\/07\/verneda-circoloco-verano-3-800x333.png 800w, https:\/\/www.campingverneda.com\/blog\/wp-content\/uploads\/2025\/07\/verneda-circoloco-verano-3.png 960w\" sizes=\"(max-width: 1541px) 100vw, 1541px\" \/><\/a><\/p>\n<h3 class=\"p2\"><span class=\"s1\"><b>Un verano para disfrutar en familia<\/b><\/span><\/h3>\n<p><span class=\"s1\">En <a href=\"https:\/\/www.campingverneda.com\/\" target=\"_blank\" rel=\"noopener\"><span class=\"s3\"><b>Verneda Camping Mountain Resort<\/b><\/span><\/a> apostamos por un turismo familiar, sostenible y activo. Nuestra programaci\u00f3n infantil, encabezada por <b>Circoloco de Verneda<\/b>, se suma a una agenda completa de actividades de verano que incluye rutas en la naturaleza, excursiones guiadas, yoga al aire libre, talleres creativos y mucho m\u00e1s.<\/span><\/p>\n<p class=\"p1\"><span class=\"s1\">Si est\u00e1s buscando un <b>camping familiar en el Val d\u2019Aran<\/b> con propuestas pensadas para ni\u00f1os y ni\u00f1as, no lo dudes: este verano, la diversi\u00f3n est\u00e1 garantizada al estilo <a href=\"https:\/\/www.instagram.com\/vida.verneda\/\" target=\"_blank\" rel=\"noopener\"><span class=\"s3\">#VIDAVerneda<\/span><\/a>.<\/span><\/p>\n<p class=\"p1\"><span class=\"s1\">Consulta nuestra web para ver la <a href=\"https:\/\/www.campingverneda.com\/animacion-infantil\" target=\"_blank\" rel=\"noopener\">programaci\u00f3n completa<\/a> y <b>reserva tu alojamiento<\/b>. \u00a1La magia del circo y la risa te esperan en <b>Circoloco de Verneda<\/b>!<\/span><\/p>\n","protected":false},"excerpt":{"rendered":"<p>El verano en Verneda Camping Mountain Resort no solo es sin\u00f3nimo de naturaleza, relax y desconexi\u00f3n, sino tambi\u00e9n de alegr\u00eda y diversi\u00f3n en familia. Una [&hellip;]<\/p>\n","protected":false},"author":1,"featured_media":5399,"comment_status":"open","ping_status":"open","sticky":false,"template":"","format":"standard","meta":[],"categories":[795,72,69],"tags":[2088,2080,2000,2004,2095,2093,2085,2087,2091,870,2082,2084,2090,2081,2092,2094,2083,2086,2096,2089],"_links":{"self":[{"href":"https:\/\/www.campingverneda.com\/blog\/wp-json\/wp\/v2\/posts\/5397"}],"collection":[{"href":"https:\/\/www.campingverneda.com\/blog\/wp-json\/wp\/v2\/posts"}],"about":[{"href":"https:\/\/www.campingverneda.com\/blog\/wp-json\/wp\/v2\/types\/post"}],"author":[{"embeddable":true,"href":"https:\/\/www.campingverneda.com\/blog\/wp-json\/wp\/v2\/users\/1"}],"replies":[{"embeddable":true,"href":"https:\/\/www.campingverneda.com\/blog\/wp-json\/wp\/v2\/comments?post=5397"}],"version-history":[{"count":7,"href":"https:\/\/www.campingverneda.com\/blog\/wp-json\/wp\/v2\/posts\/5397\/revisions"}],"predecessor-version":[{"id":5423,"href":"https:\/\/www.campingverneda.com\/blog\/wp-json\/wp\/v2\/posts\/5397\/revisions\/5423"}],"wp:featuredmedia":[{"embeddable":true,"href":"https:\/\/www.campingverneda.com\/blog\/wp-json\/wp\/v2\/media\/5399"}],"wp:attachment":[{"href":"https:\/\/www.campingverneda.com\/blog\/wp-json\/wp\/v2\/media?parent=5397"}],"wp:term":[{"taxonomy":"category","embeddable":true,"href":"https:\/\/www.campingverneda.com\/blog\/wp-json\/wp\/v2\/categories?post=5397"},{"taxonomy":"post_tag","embeddable":true,"href":"https:\/\/www.campingverneda.com\/blog\/wp-json\/wp\/v2\/tags?post=5397"}],"curies":[{"name":"wp","href":"https:\/\/api.w.org\/{rel}","templated":true}]}}