{"id":5388,"date":"2025-07-15T08:47:03","date_gmt":"2025-07-15T08:47:03","guid":{"rendered":"https:\/\/www.campingverneda.com\/blog\/?p=5388"},"modified":"2025-07-29T11:09:27","modified_gmt":"2025-07-29T11:09:27","slug":"39-anos-de-aventuras-en-verneda-camping-mountain-resort","status":"publish","type":"post","link":"https:\/\/www.campingverneda.com\/blog\/2025\/07\/15\/39-anos-de-aventuras-en-verneda-camping-mountain-resort\/","title":{"rendered":"39 a\u00f1os de aventuras en Verneda Camping Mountain Resort"},"content":{"rendered":"<p class=\"p1\"><span class=\"s1\">Este verano en Verneda Camping Mountain Resort celebramos casi cuatro d\u00e9cadas compartiendo experiencias inolvidables con todos vosotros. Miramos atr\u00e1s con emoci\u00f3n, recordando a las familias, parejas y grupos de amigos que nos han acompa\u00f1ado en este maravilloso viaje, y sentimos un inmenso orgullo por el camino recorrido.<\/span><\/p>\n<h3 class=\"p2\"><span class=\"s1\"><b>39 a\u00f1os de constante evoluci\u00f3n <\/b><\/span><\/h3>\n<p class=\"p1\"><span class=\"s1\">Desde nuestros <a href=\"https:\/\/www.campingverneda.com\/experiencias\" target=\"_blank\" rel=\"noopener\">inicios<\/a>, hemos trabajado con dedicaci\u00f3n para ofrecer un espacio en el que la naturaleza y la comodidad convivan en perfecta armon\u00eda. Hoy, <a href=\"https:\/\/www.campingverneda.com\/bungalows\" target=\"_blank\" rel=\"noopener\"><span class=\"s2\">nuestros bungalows de madera<\/span><\/a>, equipados con todo tipo de confort, son el reflejo de nuestra apuesta por una estancia placentera, donde el descanso se convierte en una experiencia \u00fanica. <\/span><\/p>\n<p><a href=\"https:\/\/www.campingverneda.com\/blog\/2025\/07\/15\/39-anos-de-aventuras-en-verneda-camping-mountain-resort\/verneda-camping-acampada-13\/\" rel=\"attachment wp-att-5390\"><img decoding=\"async\" loading=\"lazy\" class=\"alignnone  wp-image-5390\" src=\"http:\/\/www.campingverneda.com\/blog\/wp-content\/uploads\/2025\/07\/verneda-camping-acampada.png\" alt=\"\" width=\"1452\" height=\"605\" srcset=\"https:\/\/www.campingverneda.com\/blog\/wp-content\/uploads\/2025\/07\/verneda-camping-acampada-200x83.png 200w, https:\/\/www.campingverneda.com\/blog\/wp-content\/uploads\/2025\/07\/verneda-camping-acampada-300x125.png 300w, https:\/\/www.campingverneda.com\/blog\/wp-content\/uploads\/2025\/07\/verneda-camping-acampada-400x167.png 400w, https:\/\/www.campingverneda.com\/blog\/wp-content\/uploads\/2025\/07\/verneda-camping-acampada-600x250.png 600w, https:\/\/www.campingverneda.com\/blog\/wp-content\/uploads\/2025\/07\/verneda-camping-acampada-768x320.png 768w, https:\/\/www.campingverneda.com\/blog\/wp-content\/uploads\/2025\/07\/verneda-camping-acampada-800x333.png 800w, https:\/\/www.campingverneda.com\/blog\/wp-content\/uploads\/2025\/07\/verneda-camping-acampada.png 960w\" sizes=\"(max-width: 1452px) 100vw, 1452px\" \/><\/a><\/p>\n<p class=\"p1\"><span class=\"s1\">Adem\u00e1s, hemos <b>ampliado el tama\u00f1o de nuestras parcelas de acampada para adaptarnos a familias de todos los tama\u00f1os<\/b>, siempre respetando la esencia de lo natural y el esp\u00edritu de la monta\u00f1a.<\/span><\/p>\n<p class=\"p1\"><span class=\"s1\">Sabemos lo importante que son los momentos compartidos, y por eso abrimos nuestras puertas tambi\u00e9n a vuestros compa\u00f1eros de cuatro patas. <b>Verneda Camping Mountain Resort es un lugar donde los perros son siempre bienvenidos<\/b>, formando parte de las aventuras que cada d\u00eda escribimos juntos.<\/span><\/p>\n<p class=\"p1\"><span class=\"s1\">Durante este a\u00f1o tambi\u00e9n queremos compartir nuestro compromiso con el medio ambiente. <b>Apostamos por un camping cada vez m\u00e1s ecol\u00f3gico y sostenible<\/b>, mejorando la eficiencia energ\u00e9tica y cuidando cada detalle de los recursos naturales que nos rodean. El ecosistema natural que envuelve la #VIDAVerneda es un aut\u00e9ntico tesoro que preservamos con mimo y responsabilidad.<\/span><\/p>\n<h3 class=\"p2\"><span class=\"s1\"><b>Lo mejor del verano de ayer y de hoy<\/b><\/span><\/h3>\n<p class=\"p1\"><span class=\"s1\"><a href=\"https:\/\/www.campingverneda.com\/blog\/2025\/07\/15\/39-anos-de-aventuras-en-verneda-camping-mountain-resort\/verneda-camping-bungalows-2-12\/\" rel=\"attachment wp-att-5389\"><img decoding=\"async\" loading=\"lazy\" class=\"alignnone  wp-image-5389\" src=\"http:\/\/www.campingverneda.com\/blog\/wp-content\/uploads\/2025\/07\/verneda-camping-bungalows-2.png\" alt=\"\" width=\"1488\" height=\"620\" srcset=\"https:\/\/www.campingverneda.com\/blog\/wp-content\/uploads\/2025\/07\/verneda-camping-bungalows-2-200x83.png 200w, https:\/\/www.campingverneda.com\/blog\/wp-content\/uploads\/2025\/07\/verneda-camping-bungalows-2-300x125.png 300w, https:\/\/www.campingverneda.com\/blog\/wp-content\/uploads\/2025\/07\/verneda-camping-bungalows-2-400x167.png 400w, https:\/\/www.campingverneda.com\/blog\/wp-content\/uploads\/2025\/07\/verneda-camping-bungalows-2-600x250.png 600w, https:\/\/www.campingverneda.com\/blog\/wp-content\/uploads\/2025\/07\/verneda-camping-bungalows-2-768x320.png 768w, https:\/\/www.campingverneda.com\/blog\/wp-content\/uploads\/2025\/07\/verneda-camping-bungalows-2-800x333.png 800w, https:\/\/www.campingverneda.com\/blog\/wp-content\/uploads\/2025\/07\/verneda-camping-bungalows-2.png 960w\" sizes=\"(max-width: 1488px) 100vw, 1488px\" \/><\/a>Durante esta temporada de verano, nuestras actividades al aire libre siguen siendo protagonistas. Talleres, rutas guiadas y propuestas para toda la familia hacen de cada d\u00eda una oportunidad para conectar con la naturaleza y disfrutar en compa\u00f1\u00eda.<\/span><\/p>\n<p class=\"p1\"><span class=\"s1\">Gracias por ser parte de esta aventura. \u00a1Os esperamos para seguir escribiendo juntos nuevos cap\u00edtulos en la historia de Verneda Camping Mountain Resort! <\/span><\/p>\n","protected":false},"excerpt":{"rendered":"<p>Este verano en Verneda Camping Mountain Resort celebramos casi cuatro d\u00e9cadas compartiendo experiencias inolvidables con todos vosotros. Miramos atr\u00e1s con emoci\u00f3n, recordando a las familias, [&hellip;]<\/p>\n","protected":false},"author":1,"featured_media":4854,"comment_status":"open","ping_status":"open","sticky":false,"template":"","format":"standard","meta":[],"categories":[795,69],"tags":[2076,2075,2079,2078,1921,2073,1924,2072,2074,1777,2077,818],"_links":{"self":[{"href":"https:\/\/www.campingverneda.com\/blog\/wp-json\/wp\/v2\/posts\/5388"}],"collection":[{"href":"https:\/\/www.campingverneda.com\/blog\/wp-json\/wp\/v2\/posts"}],"about":[{"href":"https:\/\/www.campingverneda.com\/blog\/wp-json\/wp\/v2\/types\/post"}],"author":[{"embeddable":true,"href":"https:\/\/www.campingverneda.com\/blog\/wp-json\/wp\/v2\/users\/1"}],"replies":[{"embeddable":true,"href":"https:\/\/www.campingverneda.com\/blog\/wp-json\/wp\/v2\/comments?post=5388"}],"version-history":[{"count":4,"href":"https:\/\/www.campingverneda.com\/blog\/wp-json\/wp\/v2\/posts\/5388\/revisions"}],"predecessor-version":[{"id":5424,"href":"https:\/\/www.campingverneda.com\/blog\/wp-json\/wp\/v2\/posts\/5388\/revisions\/5424"}],"wp:featuredmedia":[{"embeddable":true,"href":"https:\/\/www.campingverneda.com\/blog\/wp-json\/wp\/v2\/media\/4854"}],"wp:attachment":[{"href":"https:\/\/www.campingverneda.com\/blog\/wp-json\/wp\/v2\/media?parent=5388"}],"wp:term":[{"taxonomy":"category","embeddable":true,"href":"https:\/\/www.campingverneda.com\/blog\/wp-json\/wp\/v2\/categories?post=5388"},{"taxonomy":"post_tag","embeddable":true,"href":"https:\/\/www.campingverneda.com\/blog\/wp-json\/wp\/v2\/tags?post=5388"}],"curies":[{"name":"wp","href":"https:\/\/api.w.org\/{rel}","templated":true}]}}