{"id":5373,"date":"2025-07-03T17:08:33","date_gmt":"2025-07-03T17:08:33","guid":{"rendered":"https:\/\/www.campingverneda.com\/blog\/?p=5373"},"modified":"2025-07-03T17:08:34","modified_gmt":"2025-07-03T17:08:34","slug":"descubre-la-val-daran-con-nuestras-excursiones-gratuitas","status":"publish","type":"post","link":"https:\/\/www.campingverneda.com\/blog\/2025\/07\/03\/descubre-la-val-daran-con-nuestras-excursiones-gratuitas\/","title":{"rendered":"Descubre la Val d\u2019Aran con nuestras excursiones gratuitas"},"content":{"rendered":"<p>El verano es el momento perfecto para <strong>explorar la naturaleza, descubrir paisajes impresionantes y vivir nuevas aventuras en familia.<\/strong> En <a href=\"https:\/\/www.instagram.com\/vida.verneda\/\" target=\"_blank\" rel=\"noopener\">Verneda Camping Mountain Resort<\/a> queremos que disfrutes al m\u00e1ximo de la Val d\u2019Aran, por eso, cada verano organizamos<strong> excursiones incluidas en la estancia<\/strong>, para que grandes y peque\u00f1os puedan conectar con el entorno sin preocuparse de nada.<\/p>\n<p>\u00bfListo para ponerte las botas de monta\u00f1a y salir a explorar? \u00a1Te contamos todo lo que te espera!<\/p>\n<h3><strong>Excursiones para toda la familia<\/strong><\/h3>\n<p>Nuestras rutas est\u00e1n dise\u00f1adas para que todo el mundo pueda participar, desde los m\u00e1s peque\u00f1os hasta los m\u00e1s aventureros. Cada excursi\u00f3n es una oportunidad para conocer la flora, la fauna y la historia de este rinc\u00f3n m\u00e1gico de los <strong>Pirineos<\/strong>.<\/p>\n<p><strong> Senderismo entre bosques y r\u00edos<\/strong>: descubre caminos escondidos, atraviesa puentes de madera y siente la magia del paisaje alpino.<\/p>\n<p><strong>Rutas interpretativas<\/strong>: acomp\u00e1\u00f1anos en excursiones guiadas donde aprender\u00e1s sobre la biodiversidad de la zona.<\/p>\n<p>Ex<strong>ploraci\u00f3n de cascadas y lagos<\/strong>: sigue senderos que te llevar\u00e1n a rincones impresionantes de aguas cristalinas.<\/p>\n<p><strong>Paseos al atardecer<\/strong>: camina mientras el sol se esconde tras las monta\u00f1as y disfruta de un espect\u00e1culo de colores.<\/p>\n<p>Lo mejor de todo es que <strong>no necesitas experiencia previa<\/strong>, solo ganas de pasarlo bien y de disfrutar de la naturaleza en estado puro.<\/p>\n<div id=\"attachment_5374\" style=\"width: 1436px\" class=\"wp-caption alignnone\"><a href=\"https:\/\/www.campingverneda.com\/blog\/2025\/07\/03\/descubre-la-val-daran-con-nuestras-excursiones-gratuitas\/campingverneda-4\/\" rel=\"attachment wp-att-5374\"><img aria-describedby=\"caption-attachment-5374\" decoding=\"async\" loading=\"lazy\" class=\" wp-image-5374\" src=\"http:\/\/www.campingverneda.com\/blog\/wp-content\/uploads\/2025\/07\/campingverneda.png\" alt=\"excursiones gratuitas en camping verneda\" width=\"1426\" height=\"594\" srcset=\"https:\/\/www.campingverneda.com\/blog\/wp-content\/uploads\/2025\/07\/campingverneda-200x83.png 200w, https:\/\/www.campingverneda.com\/blog\/wp-content\/uploads\/2025\/07\/campingverneda-300x125.png 300w, https:\/\/www.campingverneda.com\/blog\/wp-content\/uploads\/2025\/07\/campingverneda-400x167.png 400w, https:\/\/www.campingverneda.com\/blog\/wp-content\/uploads\/2025\/07\/campingverneda-600x250.png 600w, https:\/\/www.campingverneda.com\/blog\/wp-content\/uploads\/2025\/07\/campingverneda-768x320.png 768w, https:\/\/www.campingverneda.com\/blog\/wp-content\/uploads\/2025\/07\/campingverneda-800x333.png 800w, https:\/\/www.campingverneda.com\/blog\/wp-content\/uploads\/2025\/07\/campingverneda.png 960w\" sizes=\"(max-width: 1426px) 100vw, 1426px\" \/><\/a><p id=\"caption-attachment-5374\" class=\"wp-caption-text\">Excursiones en familia en la Val d&#8217;Aran<\/p><\/div>\n<h3><strong>Naturaleza, diversi\u00f3n y sostenibilidad<\/strong><\/h3>\n<p>Adem\u00e1s de ser una experiencia inolvidable, nuestras excursiones est\u00e1n pensadas para <strong>respetar el entorno.<\/strong> Durante las rutas, fomentamos buenas pr\u00e1cticas como:<\/p>\n<p>No dejar residuos y recoger cualquier desecho que encontremos en el camino.<\/p>\n<p>Respetar la flora y la fauna, sin molestar a los animales ni arrancar plantas.<\/p>\n<p>Caminar por los senderos marcados para minimizar el impacto en la naturaleza.<\/p>\n<p>Porque <strong>disfrutar de la monta\u00f1a tambi\u00e9n es aprender a cuidarla.<\/strong><\/p>\n<p><a href=\"https:\/\/www.campingverneda.com\/blog\/2025\/07\/03\/descubre-la-val-daran-con-nuestras-excursiones-gratuitas\/campingverneda-valdaran-7\/\" rel=\"attachment wp-att-5375\"><img decoding=\"async\" loading=\"lazy\" class=\"alignnone  wp-image-5375\" src=\"http:\/\/www.campingverneda.com\/blog\/wp-content\/uploads\/2025\/07\/campingverneda-valdaran.png\" alt=\"excursiones en la val daran\" width=\"1433\" height=\"597\" srcset=\"https:\/\/www.campingverneda.com\/blog\/wp-content\/uploads\/2025\/07\/campingverneda-valdaran-200x83.png 200w, https:\/\/www.campingverneda.com\/blog\/wp-content\/uploads\/2025\/07\/campingverneda-valdaran-300x125.png 300w, https:\/\/www.campingverneda.com\/blog\/wp-content\/uploads\/2025\/07\/campingverneda-valdaran-400x167.png 400w, https:\/\/www.campingverneda.com\/blog\/wp-content\/uploads\/2025\/07\/campingverneda-valdaran-600x250.png 600w, https:\/\/www.campingverneda.com\/blog\/wp-content\/uploads\/2025\/07\/campingverneda-valdaran-768x320.png 768w, https:\/\/www.campingverneda.com\/blog\/wp-content\/uploads\/2025\/07\/campingverneda-valdaran-800x333.png 800w, https:\/\/www.campingverneda.com\/blog\/wp-content\/uploads\/2025\/07\/campingverneda-valdaran.png 960w\" sizes=\"(max-width: 1433px) 100vw, 1433px\" \/><\/a><\/p>\n<p>\u00a1Este verano, la aventura te espera al m\u00e1s puro estilo #VIDAVerneda!<\/p>\n<p>Las mejores experiencias son las que se viven en compa\u00f1\u00eda, as\u00ed que a<strong>p\u00fantate a nuestras excursiones gratuitas y descubre la Val d\u2019Aran de una forma \u00fanica<\/strong>.<\/p>\n<p><strong><a href=\"https:\/\/www.campingverneda.com\/\" target=\"_blank\" rel=\"noopener\">Reserva ya tus vacaciones<\/a> y prep\u00e1rate para explorar los Pirineos con nosotros. \u00a1Te esperamos!<\/strong><\/p>\n<p>&nbsp;<\/p>\n","protected":false},"excerpt":{"rendered":"<p>El verano es el momento perfecto para explorar la naturaleza, descubrir paisajes impresionantes y vivir nuevas aventuras en familia. En Verneda Camping Mountain Resort queremos [&hellip;]<\/p>\n","protected":false},"author":1,"featured_media":2489,"comment_status":"open","ping_status":"open","sticky":false,"template":"","format":"standard","meta":[],"categories":[1,795,72],"tags":[2065,2068,2062,2067,2069,2064,2071,2066,2063,2070,1988],"_links":{"self":[{"href":"https:\/\/www.campingverneda.com\/blog\/wp-json\/wp\/v2\/posts\/5373"}],"collection":[{"href":"https:\/\/www.campingverneda.com\/blog\/wp-json\/wp\/v2\/posts"}],"about":[{"href":"https:\/\/www.campingverneda.com\/blog\/wp-json\/wp\/v2\/types\/post"}],"author":[{"embeddable":true,"href":"https:\/\/www.campingverneda.com\/blog\/wp-json\/wp\/v2\/users\/1"}],"replies":[{"embeddable":true,"href":"https:\/\/www.campingverneda.com\/blog\/wp-json\/wp\/v2\/comments?post=5373"}],"version-history":[{"count":2,"href":"https:\/\/www.campingverneda.com\/blog\/wp-json\/wp\/v2\/posts\/5373\/revisions"}],"predecessor-version":[{"id":5377,"href":"https:\/\/www.campingverneda.com\/blog\/wp-json\/wp\/v2\/posts\/5373\/revisions\/5377"}],"wp:featuredmedia":[{"embeddable":true,"href":"https:\/\/www.campingverneda.com\/blog\/wp-json\/wp\/v2\/media\/2489"}],"wp:attachment":[{"href":"https:\/\/www.campingverneda.com\/blog\/wp-json\/wp\/v2\/media?parent=5373"}],"wp:term":[{"taxonomy":"category","embeddable":true,"href":"https:\/\/www.campingverneda.com\/blog\/wp-json\/wp\/v2\/categories?post=5373"},{"taxonomy":"post_tag","embeddable":true,"href":"https:\/\/www.campingverneda.com\/blog\/wp-json\/wp\/v2\/tags?post=5373"}],"curies":[{"name":"wp","href":"https:\/\/api.w.org\/{rel}","templated":true}]}}