{"id":5364,"date":"2025-06-30T13:28:55","date_gmt":"2025-06-30T13:28:55","guid":{"rendered":"https:\/\/www.campingverneda.com\/blog\/?p=5364"},"modified":"2025-06-30T13:28:56","modified_gmt":"2025-06-30T13:28:56","slug":"sabores-de-la-val-daran-gastronomia-con-alma-y-raices","status":"publish","type":"post","link":"https:\/\/www.campingverneda.com\/blog\/2025\/06\/30\/sabores-de-la-val-daran-gastronomia-con-alma-y-raices\/","title":{"rendered":"Sabores de la Val d\u2019Aran: gastronom\u00eda con alma y ra\u00edces"},"content":{"rendered":"<p>La Val d\u2019Aran no solo es un para\u00edso para los amantes de la naturaleza, sino tambi\u00e9n para los paladares m\u00e1s exigentes. Aqu\u00ed, la gastronom\u00eda se vive con pasi\u00f3n, respetando la tradici\u00f3n y apostando por productos de proximidad que capturan la esencia de los Pirineos. Si este verano quieres disfrutar de una experiencia culinaria aut\u00e9ntica y sostenible, te invitamos a descubrir algunos de los mejores restaurantes que trabajan con alimentos locales y de temporada. \u00a1Disfruta de los sabores de la Val d&#8217;Aran!<\/p>\n<h3><strong>Cocina de proximidad: el sabor de lo aut\u00e9ntico<\/strong><\/h3>\n<p>Comer bien es un placer, pero hacerlo de forma consciente es un compromiso con el entorno. Apostar por restaurantes que utilizan ingredientes de cercan\u00eda no solo garantiza platos frescos y sabrosos, sino que tambi\u00e9n apoya a los productores locales y reduce la huella ecol\u00f3gica.<br \/>\nEn la Val d\u2019Aran, esta filosof\u00eda gastron\u00f3mica se refleja en restaurantes que combinan la tradici\u00f3n con un toque innovador. Aqu\u00ed tienes dos imprescindibles que no puedes perderte:<\/p>\n<p><a href=\"https:\/\/www.campingverneda.com\/blog\/2025\/06\/30\/sabores-de-la-val-daran-gastronomia-con-alma-y-raices\/verneda-ethcorner\/\" rel=\"attachment wp-att-5366\"><img decoding=\"async\" loading=\"lazy\" class=\"alignnone  wp-image-5366\" src=\"http:\/\/www.campingverneda.com\/blog\/wp-content\/uploads\/2025\/06\/verneda-ethcorner.png\" alt=\"restaurante eth corn\u00e8r ne vielha\" width=\"1622\" height=\"676\" srcset=\"https:\/\/www.campingverneda.com\/blog\/wp-content\/uploads\/2025\/06\/verneda-ethcorner-200x83.png 200w, https:\/\/www.campingverneda.com\/blog\/wp-content\/uploads\/2025\/06\/verneda-ethcorner-300x125.png 300w, https:\/\/www.campingverneda.com\/blog\/wp-content\/uploads\/2025\/06\/verneda-ethcorner-400x167.png 400w, https:\/\/www.campingverneda.com\/blog\/wp-content\/uploads\/2025\/06\/verneda-ethcorner-600x250.png 600w, https:\/\/www.campingverneda.com\/blog\/wp-content\/uploads\/2025\/06\/verneda-ethcorner-768x320.png 768w, https:\/\/www.campingverneda.com\/blog\/wp-content\/uploads\/2025\/06\/verneda-ethcorner-800x333.png 800w, https:\/\/www.campingverneda.com\/blog\/wp-content\/uploads\/2025\/06\/verneda-ethcorner.png 960w\" sizes=\"(max-width: 1622px) 100vw, 1622px\" \/><\/a><\/p>\n<p><strong>Eth Corn\u00e8r (Vielha): la tradici\u00f3n reinventada<\/strong><\/p>\n<p>Situado en Vielha, <strong>Eth Corn\u00e8r<\/strong> es un referente para quienes buscan una cocina que respeta la esencia aranesa pero con un giro moderno. Su carta destaca por productos de temporada y de proximidad, con platos que realzan los sabores de la tierra y los combinan con t\u00e9cnicas contempor\u00e1neas.<br \/>\nSi te gusta el <strong>civet de jabal\u00ed, las carnes sabrosas o los quesos artesanos<\/strong>, este lugar te conquistar\u00e1. Y para los m\u00e1s peque\u00f1os, siempre hay opciones deliciosas que los har\u00e1n disfrutar tanto como los adultos.<\/p>\n<p><a href=\"https:\/\/www.campingverneda.com\/blog\/2025\/06\/30\/sabores-de-la-val-daran-gastronomia-con-alma-y-raices\/pirenaisan-valdaran\/\" rel=\"attachment wp-att-5367\"><img decoding=\"async\" loading=\"lazy\" class=\"alignnone  wp-image-5367\" src=\"http:\/\/www.campingverneda.com\/blog\/wp-content\/uploads\/2025\/06\/pirenaisan-valdaran.png\" alt=\"pirenasian reaturante\" width=\"1716\" height=\"715\" srcset=\"https:\/\/www.campingverneda.com\/blog\/wp-content\/uploads\/2025\/06\/pirenaisan-valdaran-200x83.png 200w, https:\/\/www.campingverneda.com\/blog\/wp-content\/uploads\/2025\/06\/pirenaisan-valdaran-300x125.png 300w, https:\/\/www.campingverneda.com\/blog\/wp-content\/uploads\/2025\/06\/pirenaisan-valdaran-400x167.png 400w, https:\/\/www.campingverneda.com\/blog\/wp-content\/uploads\/2025\/06\/pirenaisan-valdaran-600x250.png 600w, https:\/\/www.campingverneda.com\/blog\/wp-content\/uploads\/2025\/06\/pirenaisan-valdaran-768x320.png 768w, https:\/\/www.campingverneda.com\/blog\/wp-content\/uploads\/2025\/06\/pirenaisan-valdaran-800x333.png 800w, https:\/\/www.campingverneda.com\/blog\/wp-content\/uploads\/2025\/06\/pirenaisan-valdaran.png 960w\" sizes=\"(max-width: 1716px) 100vw, 1716px\" \/><\/a><\/p>\n<p><strong>PirenAsian Bar (Baqueira 1500): fusi\u00f3n pirenaica y asi\u00e1tica<\/strong><\/p>\n<p>Para los amantes de la cocina internacional con identidad local, <strong>PirenAsian Bar<\/strong>, en <strong>Baqueira 1500<\/strong>, ofrece una propuesta \u00fanica. Este restaurante combina lo mejor de la gastronom\u00eda asi\u00e1tica con productos frescos de los Pirineos.<\/p>\n<p>\u00bfTe imaginas un <strong>ramen con ingredientes de monta\u00f1a<\/strong>? Aqu\u00ed, la fusi\u00f3n cobra un sentido totalmente nuevo. Una experiencia perfecta para las familias que quieren probar algo diferente sin renunciar a la calidad y la sostenibilidad.<\/p>\n<p><a href=\"https:\/\/www.campingverneda.com\/blog\/2025\/06\/30\/sabores-de-la-val-daran-gastronomia-con-alma-y-raices\/campingverneda-resturante\/\" rel=\"attachment wp-att-5368\"><img decoding=\"async\" loading=\"lazy\" class=\"alignnone  wp-image-5368\" src=\"http:\/\/www.campingverneda.com\/blog\/wp-content\/uploads\/2025\/06\/campingverneda-resturante.png\" alt=\"\" width=\"1639\" height=\"683\" srcset=\"https:\/\/www.campingverneda.com\/blog\/wp-content\/uploads\/2025\/06\/campingverneda-resturante-200x83.png 200w, https:\/\/www.campingverneda.com\/blog\/wp-content\/uploads\/2025\/06\/campingverneda-resturante-300x125.png 300w, https:\/\/www.campingverneda.com\/blog\/wp-content\/uploads\/2025\/06\/campingverneda-resturante-400x167.png 400w, https:\/\/www.campingverneda.com\/blog\/wp-content\/uploads\/2025\/06\/campingverneda-resturante-600x250.png 600w, https:\/\/www.campingverneda.com\/blog\/wp-content\/uploads\/2025\/06\/campingverneda-resturante-768x320.png 768w, https:\/\/www.campingverneda.com\/blog\/wp-content\/uploads\/2025\/06\/campingverneda-resturante-800x333.png 800w, https:\/\/www.campingverneda.com\/blog\/wp-content\/uploads\/2025\/06\/campingverneda-resturante.png 960w\" sizes=\"(max-width: 1639px) 100vw, 1639px\" \/><\/a><\/p>\n<p><strong>Y c\u00f3mo no, nuestro restaurante<\/strong><\/p>\n<p>En el restaurante de Camping Verneda apostamos por la cocina casera y de calidad, elaborada con ingredientes de proximidad que reflejan la esencia del Valle de Aran. Cada d\u00eda ofrecemos un men\u00fa diario pensado para todos los gustos, con platos reconfortantes, productos frescos de temporada y opciones adaptadas a familias, senderistas o viajeros que buscan una experiencia aut\u00e9ntica. Comer en Verneda es saborear el Pirineo, con la calidez de una cocina hecha con mimo y ra\u00edces locales.<\/p>\n<h3><strong>Este verano, come con conciencia en la Val d\u2019Aran<\/strong><\/h3>\n<p>En <a href=\"https:\/\/www.instagram.com\/vida.verneda\/\" target=\"_blank\" rel=\"noopener\"><strong>Verneda Camping Mountain Resort<\/strong><\/a> queremos que tus vacaciones sean una experiencia completa: naturaleza, diversi\u00f3n y buena comida. Descubre la riqueza gastron\u00f3mica de la Val d\u2019Aran y prueba los sabores de proximidad que hacen de esta regi\u00f3n un destino \u00fanico.<\/p>\n<p><strong><a href=\"https:\/\/www.campingverneda.com\/\" target=\"_blank\" rel=\"noopener\">Reserva tu estancia<\/a> y ven a disfrutar del aut\u00e9ntico sabor de los Pirineos. \u00a1Te esperamos!<\/strong><\/p>\n","protected":false},"excerpt":{"rendered":"<p>La Val d\u2019Aran no solo es un para\u00edso para los amantes de la naturaleza, sino tambi\u00e9n para los paladares m\u00e1s exigentes. Aqu\u00ed, la gastronom\u00eda se [&hellip;]<\/p>\n","protected":false},"author":1,"featured_media":5365,"comment_status":"open","ping_status":"open","sticky":false,"template":"","format":"standard","meta":[],"categories":[1,795,98],"tags":[2049,2056,2055,2052,2050,2047,2057,2051,2058,2053,2061,2048,2060,2059,2054],"_links":{"self":[{"href":"https:\/\/www.campingverneda.com\/blog\/wp-json\/wp\/v2\/posts\/5364"}],"collection":[{"href":"https:\/\/www.campingverneda.com\/blog\/wp-json\/wp\/v2\/posts"}],"about":[{"href":"https:\/\/www.campingverneda.com\/blog\/wp-json\/wp\/v2\/types\/post"}],"author":[{"embeddable":true,"href":"https:\/\/www.campingverneda.com\/blog\/wp-json\/wp\/v2\/users\/1"}],"replies":[{"embeddable":true,"href":"https:\/\/www.campingverneda.com\/blog\/wp-json\/wp\/v2\/comments?post=5364"}],"version-history":[{"count":2,"href":"https:\/\/www.campingverneda.com\/blog\/wp-json\/wp\/v2\/posts\/5364\/revisions"}],"predecessor-version":[{"id":5370,"href":"https:\/\/www.campingverneda.com\/blog\/wp-json\/wp\/v2\/posts\/5364\/revisions\/5370"}],"wp:featuredmedia":[{"embeddable":true,"href":"https:\/\/www.campingverneda.com\/blog\/wp-json\/wp\/v2\/media\/5365"}],"wp:attachment":[{"href":"https:\/\/www.campingverneda.com\/blog\/wp-json\/wp\/v2\/media?parent=5364"}],"wp:term":[{"taxonomy":"category","embeddable":true,"href":"https:\/\/www.campingverneda.com\/blog\/wp-json\/wp\/v2\/categories?post=5364"},{"taxonomy":"post_tag","embeddable":true,"href":"https:\/\/www.campingverneda.com\/blog\/wp-json\/wp\/v2\/tags?post=5364"}],"curies":[{"name":"wp","href":"https:\/\/api.w.org\/{rel}","templated":true}]}}