{"id":5358,"date":"2025-06-24T09:30:17","date_gmt":"2025-06-24T09:30:17","guid":{"rendered":"https:\/\/www.campingverneda.com\/blog\/?p=5358"},"modified":"2025-06-24T09:30:18","modified_gmt":"2025-06-24T09:30:18","slug":"musica-al-aire-libre-a-lo-vidaverneda","status":"publish","type":"post","link":"https:\/\/www.campingverneda.com\/blog\/2025\/06\/24\/musica-al-aire-libre-a-lo-vidaverneda\/","title":{"rendered":"M\u00fasica al aire libre a lo #VIDAVerneda"},"content":{"rendered":"<p>El verano ya ha llegado al Val d\u2019Aran, y con \u00e9l, una de las citas culturales m\u00e1s esperadas por nuestros hu\u00e9spedes y vecinos: los conciertos al aire libre de E<strong>s Nets deth Verneda<\/strong>. Un ciclo musical que cada jueves transforma la atm\u00f3sfera de <a href=\"https:\/\/www.instagram.com\/vida.verneda\/\" target=\"_blank\" rel=\"noopener\"><strong>Verneda Camping Mountain Resort<\/strong><\/a> en una experiencia m\u00e1gica bajo las estrellas, rodeados de naturaleza, buena compa\u00f1\u00eda y los mejores sonidos del verano.<\/p>\n<p><a href=\"https:\/\/www.campingverneda.com\/blog\/2025\/06\/24\/musica-al-aire-libre-a-lo-vidaverneda\/verneda-camping-acampada-12\/\" rel=\"attachment wp-att-5359\"><img decoding=\"async\" loading=\"lazy\" class=\"alignnone  wp-image-5359\" src=\"http:\/\/www.campingverneda.com\/blog\/wp-content\/uploads\/2025\/06\/verneda-camping-acampada-5.png\" alt=\"Conciertos verneda en verano\" width=\"1303\" height=\"543\" srcset=\"https:\/\/www.campingverneda.com\/blog\/wp-content\/uploads\/2025\/06\/verneda-camping-acampada-5-200x83.png 200w, https:\/\/www.campingverneda.com\/blog\/wp-content\/uploads\/2025\/06\/verneda-camping-acampada-5-300x125.png 300w, https:\/\/www.campingverneda.com\/blog\/wp-content\/uploads\/2025\/06\/verneda-camping-acampada-5-400x167.png 400w, https:\/\/www.campingverneda.com\/blog\/wp-content\/uploads\/2025\/06\/verneda-camping-acampada-5-600x250.png 600w, https:\/\/www.campingverneda.com\/blog\/wp-content\/uploads\/2025\/06\/verneda-camping-acampada-5-768x320.png 768w, https:\/\/www.campingverneda.com\/blog\/wp-content\/uploads\/2025\/06\/verneda-camping-acampada-5-800x333.png 800w, https:\/\/www.campingverneda.com\/blog\/wp-content\/uploads\/2025\/06\/verneda-camping-acampada-5.png 960w\" sizes=\"(max-width: 1303px) 100vw, 1303px\" \/><\/a><\/p>\n<h3><strong>Es Nets deth Verneda: m\u00fasica en directo en plena monta\u00f1a<\/strong><\/h3>\n<p>Del 17 de julio al 21 de agosto, todos los jueves por la noche, la terraza de nuestro restaurante con vistas al entorno natural del camping, se convierte en un escenario \u00fanico donde artistas y bandas de diferentes estilos ofrecen conciertos gratuitos y abiertos al p\u00fablico.<\/p>\n<p>Este a\u00f1o, el cartel de <strong>Es Nets deth Verneda 2025<\/strong> viene cargado de talento, variedad y muchas ganas de haceros vibrar:<\/p>\n<p>&#8211; <strong>17 de julio<\/strong> \u2013 Sergi F\u00e9lix: cantautor con alma que mezcla pop ac\u00fastico con letras \u00edntimas y emotivas.<br \/>\n&#8211; <strong>24 de julio<\/strong> \u2013 Pink Cadilac: puro rock\u2019n\u2019roll, versiones m\u00edticas para bailar y cantar toda la noche.<br \/>\n&#8211; <strong>31 de julio<\/strong> \u2013 David Portero: fusi\u00f3n de pop, funky y versiones que conectan con todo tipo de p\u00fablico.<br \/>\n&#8211;<strong> 7 de agosto<\/strong> \u2013 Antonio Remendao: alma flamenca y rumba de la buena para toda la familia.<br \/>\n&#8211; <strong>14 de agosto<\/strong> \u2013 Mamba Negra: energ\u00eda, y ritmo a modo de las verssiones m\u00e1s m\u00editcas del pop y dle rock.<br \/>\n&#8211; <strong>21 de agosto<\/strong> \u2013 Tributo The Beatles: un homenaje a la banda m\u00e1s ic\u00f3nica de todos los tiempos para cerrar el ciclo por todo lo alto.<\/p>\n<p><a href=\"https:\/\/www.campingverneda.com\/blog\/2025\/06\/24\/musica-al-aire-libre-a-lo-vidaverneda\/verneda-camping-acampada-2-5\/\" rel=\"attachment wp-att-5360\"><img decoding=\"async\" loading=\"lazy\" class=\"alignnone  wp-image-5360\" src=\"http:\/\/www.campingverneda.com\/blog\/wp-content\/uploads\/2025\/06\/verneda-camping-acampada-2-2.png\" alt=\"\" width=\"1277\" height=\"532\" srcset=\"https:\/\/www.campingverneda.com\/blog\/wp-content\/uploads\/2025\/06\/verneda-camping-acampada-2-2-200x83.png 200w, https:\/\/www.campingverneda.com\/blog\/wp-content\/uploads\/2025\/06\/verneda-camping-acampada-2-2-300x125.png 300w, https:\/\/www.campingverneda.com\/blog\/wp-content\/uploads\/2025\/06\/verneda-camping-acampada-2-2-400x167.png 400w, https:\/\/www.campingverneda.com\/blog\/wp-content\/uploads\/2025\/06\/verneda-camping-acampada-2-2-600x250.png 600w, https:\/\/www.campingverneda.com\/blog\/wp-content\/uploads\/2025\/06\/verneda-camping-acampada-2-2-768x320.png 768w, https:\/\/www.campingverneda.com\/blog\/wp-content\/uploads\/2025\/06\/verneda-camping-acampada-2-2-800x333.png 800w, https:\/\/www.campingverneda.com\/blog\/wp-content\/uploads\/2025\/06\/verneda-camping-acampada-2-2.png 960w\" sizes=\"(max-width: 1277px) 100vw, 1277px\" \/><\/a><\/p>\n<h3><strong>Un verano lleno de actividades para toda la familia<\/strong><\/h3>\n<p>Adem\u00e1s de los conciertos, <strong>Verneda Camping Mountain Resort<\/strong> propone una completa <strong>agenda de actividades para toda la familia<\/strong> durante los meses de julio y agosto. Desde excursiones guiadas por el Val d\u2019Aran hasta talleres creativos, juegos infantiles, clases de yoga al aire libre y actividades deportivas, el objetivo es claro: ofrecer momentos memorables para todas las edades.<\/p>\n<p>Nuestra filosof\u00eda es clara: vivir la monta\u00f1a, respirar aire puro y compartir experiencias \u00fanicas. Tanto si te alojas en uno de nuestros <strong>bungalows<\/strong>, como si vienes en <strong>autocaravana o tienda de campa\u00f1a<\/strong>, en Verneda encontrar\u00e1s un ambiente familiar, sostenible y lleno de propuestas para desconectar y disfrutar.<\/p>\n<p><a href=\"https:\/\/www.campingverneda.com\/blog\/2025\/06\/24\/musica-al-aire-libre-a-lo-vidaverneda\/verneda-camping-bungalows-26\/\" rel=\"attachment wp-att-5361\"><img decoding=\"async\" loading=\"lazy\" class=\"alignnone  wp-image-5361\" src=\"http:\/\/www.campingverneda.com\/blog\/wp-content\/uploads\/2025\/06\/verneda-camping-bungalows-3.png\" alt=\"\" width=\"1289\" height=\"537\" srcset=\"https:\/\/www.campingverneda.com\/blog\/wp-content\/uploads\/2025\/06\/verneda-camping-bungalows-3-200x83.png 200w, https:\/\/www.campingverneda.com\/blog\/wp-content\/uploads\/2025\/06\/verneda-camping-bungalows-3-300x125.png 300w, https:\/\/www.campingverneda.com\/blog\/wp-content\/uploads\/2025\/06\/verneda-camping-bungalows-3-400x167.png 400w, https:\/\/www.campingverneda.com\/blog\/wp-content\/uploads\/2025\/06\/verneda-camping-bungalows-3-600x250.png 600w, https:\/\/www.campingverneda.com\/blog\/wp-content\/uploads\/2025\/06\/verneda-camping-bungalows-3-768x320.png 768w, https:\/\/www.campingverneda.com\/blog\/wp-content\/uploads\/2025\/06\/verneda-camping-bungalows-3-800x333.png 800w, https:\/\/www.campingverneda.com\/blog\/wp-content\/uploads\/2025\/06\/verneda-camping-bungalows-3.png 960w\" sizes=\"(max-width: 1289px) 100vw, 1289px\" \/><\/a><\/p>\n<h3><strong>Ven a vivir el verano al ritmo de la monta\u00f1a<\/strong><\/h3>\n<p>Si est\u00e1s buscando un<strong> camping en el Val d\u2019Aran<\/strong> con ambiente familiar, buena gastronom\u00eda, contacto con la naturaleza y propuestas culturales como los conciertos de E<strong>s Nets deth Verneda<\/strong>, este es tu lugar.<\/p>\n<p>Consulta la agenda completa en <a href=\"https:\/\/www.campingverneda.com\/\" target=\"_blank\" rel=\"noopener\">nuestra web<\/a> y <a href=\"https:\/\/thelisresa.webcamp.fr\/?camping=verneda&amp;lang=es&amp;PHPSESSID=qha8fo5ckb0fnpb3aimitptqql\" target=\"_blank\" rel=\"noopener\">reserva ya tu alojamiento<\/a> para no perderte esta experiencia musical y natural \u00fanica. Este verano, vive la m\u00fasica al aire libre\u2026 vive <strong>Verneda Camping Mountain Resort<\/strong>.<\/p>\n","protected":false},"excerpt":{"rendered":"<p>El verano ya ha llegado al Val d\u2019Aran, y con \u00e9l, una de las citas culturales m\u00e1s esperadas por nuestros hu\u00e9spedes y vecinos: los conciertos [&hellip;]<\/p>\n","protected":false},"author":1,"featured_media":2587,"comment_status":"open","ping_status":"open","sticky":false,"template":"","format":"standard","meta":[],"categories":[795,69],"tags":[2044,2031,2041,2032,2043,2035,2036,2037,1043,2030,2034,2042,477,2040,2038,2046,2045,2033,2039,818],"_links":{"self":[{"href":"https:\/\/www.campingverneda.com\/blog\/wp-json\/wp\/v2\/posts\/5358"}],"collection":[{"href":"https:\/\/www.campingverneda.com\/blog\/wp-json\/wp\/v2\/posts"}],"about":[{"href":"https:\/\/www.campingverneda.com\/blog\/wp-json\/wp\/v2\/types\/post"}],"author":[{"embeddable":true,"href":"https:\/\/www.campingverneda.com\/blog\/wp-json\/wp\/v2\/users\/1"}],"replies":[{"embeddable":true,"href":"https:\/\/www.campingverneda.com\/blog\/wp-json\/wp\/v2\/comments?post=5358"}],"version-history":[{"count":2,"href":"https:\/\/www.campingverneda.com\/blog\/wp-json\/wp\/v2\/posts\/5358\/revisions"}],"predecessor-version":[{"id":5363,"href":"https:\/\/www.campingverneda.com\/blog\/wp-json\/wp\/v2\/posts\/5358\/revisions\/5363"}],"wp:featuredmedia":[{"embeddable":true,"href":"https:\/\/www.campingverneda.com\/blog\/wp-json\/wp\/v2\/media\/2587"}],"wp:attachment":[{"href":"https:\/\/www.campingverneda.com\/blog\/wp-json\/wp\/v2\/media?parent=5358"}],"wp:term":[{"taxonomy":"category","embeddable":true,"href":"https:\/\/www.campingverneda.com\/blog\/wp-json\/wp\/v2\/categories?post=5358"},{"taxonomy":"post_tag","embeddable":true,"href":"https:\/\/www.campingverneda.com\/blog\/wp-json\/wp\/v2\/tags?post=5358"}],"curies":[{"name":"wp","href":"https:\/\/api.w.org\/{rel}","templated":true}]}}