{"id":5337,"date":"2025-06-16T14:08:02","date_gmt":"2025-06-16T14:08:02","guid":{"rendered":"https:\/\/www.campingverneda.com\/blog\/?p=5337"},"modified":"2025-06-16T14:27:27","modified_gmt":"2025-06-16T14:27:27","slug":"verano-sostenible-disfruta-sin-dejar-huella","status":"publish","type":"post","link":"https:\/\/www.campingverneda.com\/blog\/2025\/06\/16\/verano-sostenible-disfruta-sin-dejar-huella\/","title":{"rendered":"Verano sostenible: disfruta sin dejar huella"},"content":{"rendered":"<p>El verano es el momento perfecto para desconectar, disfrutar de la naturaleza y\u2026 \u00a1cuidar el planeta! En<a href=\"https:\/\/www.instagram.com\/vida.verneda\/\" target=\"_blank\" rel=\"noopener\"><strong> Verneda Camping Mountain Resort<\/strong><\/a>, estamos comprometidos con un turismo sostenible, y queremos que t\u00fa y tu familia tambi\u00e9n form\u00e9is parte de este movimiento ecofriendly disfrutando de un verano sostenible.<\/p>\n<p>Si este a\u00f1o quieres unas vacaciones responsables, aqu\u00ed te damos algunos consejos para pasarlo en grande mientras cuidas del entorno.<\/p>\n<p><a href=\"https:\/\/www.campingverneda.com\/blog\/2025\/06\/16\/verano-sostenible-disfruta-sin-dejar-huella\/verneda-camping-acampada-3-3\/\" rel=\"attachment wp-att-5338\"><img decoding=\"async\" loading=\"lazy\" class=\"alignnone wp-image-5338\" src=\"http:\/\/www.campingverneda.com\/blog\/wp-content\/uploads\/2025\/06\/verneda-camping-acampada-3-1.png\" alt=\"verano sostenible en camping verneda\" width=\"1421\" height=\"592\" srcset=\"https:\/\/www.campingverneda.com\/blog\/wp-content\/uploads\/2025\/06\/verneda-camping-acampada-3-1-200x83.png 200w, https:\/\/www.campingverneda.com\/blog\/wp-content\/uploads\/2025\/06\/verneda-camping-acampada-3-1-300x125.png 300w, https:\/\/www.campingverneda.com\/blog\/wp-content\/uploads\/2025\/06\/verneda-camping-acampada-3-1-400x167.png 400w, https:\/\/www.campingverneda.com\/blog\/wp-content\/uploads\/2025\/06\/verneda-camping-acampada-3-1-600x250.png 600w, https:\/\/www.campingverneda.com\/blog\/wp-content\/uploads\/2025\/06\/verneda-camping-acampada-3-1-768x320.png 768w, https:\/\/www.campingverneda.com\/blog\/wp-content\/uploads\/2025\/06\/verneda-camping-acampada-3-1-800x333.png 800w, https:\/\/www.campingverneda.com\/blog\/wp-content\/uploads\/2025\/06\/verneda-camping-acampada-3-1.png 960w\" sizes=\"(max-width: 1421px) 100vw, 1421px\" \/><\/a><\/p>\n<h3><strong>Cuidando el paisaje: deja solo huellas, ll\u00e9vate solo recuerdos<\/strong><\/h3>\n<p>La <strong>Val d\u2019Aran<\/strong> es un para\u00edso natural que merece ser preservado. Por eso, cuando explores sus monta\u00f1as, r\u00edos y bosques, recuerda:<\/p>\n<p><strong>No dejes basura<\/strong>: utiliza los contenedores de reciclaje del camping y, si vas de excursi\u00f3n, guarda tus residuos hasta encontrar un punto adecuado.\u2028Respeta la flora y la fauna: no arranques plantas ni molestes a los animales. \u00a1Aqu\u00ed, todos los seres vivos son parte del ecosistema!<\/p>\n<p><strong>Usa senderos marcado<\/strong>s: evita caminar fuera de las rutas se\u00f1alizadas para proteger el suelo y la vegetaci\u00f3n.<\/p>\n<h3><strong>Eficiencia energ\u00e9tica: peque\u00f1os gestos, gran impacto<\/strong><\/h3>\n<p>El <strong>ahorro energ\u00e9tico<\/strong> es clave para reducir nuestra huella ecol\u00f3gica. En <a href=\"https:\/\/www.campingverneda.com\/\" target=\"_blank\" rel=\"noopener\">Verneda Camping Mountain Resort<\/a>, apostamos por<strong> iluminaci\u00f3n LED y sistemas eficientes<\/strong> en nuestros alojamientos, pero t\u00fa tambi\u00e9n puedes contribuir:<\/p>\n<p><strong>Aprovecha la luz natural<\/strong> siempre que sea posible.<\/p>\n<p><strong>Apaga luces y electrodom\u00e9sticos<\/strong> cuando no los necesites.<\/p>\n<p><strong>Reduce el consumo de agua<\/strong> cerrando el grifo mientras te cepillas los dientes o reutilizando el agua en peque\u00f1as tareas.<\/p>\n<p><a href=\"https:\/\/www.campingverneda.com\/blog\/2025\/06\/16\/verano-sostenible-disfruta-sin-dejar-huella\/verneda-camping-acampada-2-4\/\" rel=\"attachment wp-att-5339\"><img decoding=\"async\" loading=\"lazy\" class=\"alignnone wp-image-5339\" src=\"http:\/\/www.campingverneda.com\/blog\/wp-content\/uploads\/2025\/06\/verneda-camping-acampada-2-1.png\" alt=\"verano sostenible en camping verneda en la val d'aran\" width=\"1452\" height=\"605\" srcset=\"https:\/\/www.campingverneda.com\/blog\/wp-content\/uploads\/2025\/06\/verneda-camping-acampada-2-1-200x83.png 200w, https:\/\/www.campingverneda.com\/blog\/wp-content\/uploads\/2025\/06\/verneda-camping-acampada-2-1-300x125.png 300w, https:\/\/www.campingverneda.com\/blog\/wp-content\/uploads\/2025\/06\/verneda-camping-acampada-2-1-400x167.png 400w, https:\/\/www.campingverneda.com\/blog\/wp-content\/uploads\/2025\/06\/verneda-camping-acampada-2-1-600x250.png 600w, https:\/\/www.campingverneda.com\/blog\/wp-content\/uploads\/2025\/06\/verneda-camping-acampada-2-1-768x320.png 768w, https:\/\/www.campingverneda.com\/blog\/wp-content\/uploads\/2025\/06\/verneda-camping-acampada-2-1-800x333.png 800w, https:\/\/www.campingverneda.com\/blog\/wp-content\/uploads\/2025\/06\/verneda-camping-acampada-2-1.png 960w\" sizes=\"(max-width: 1452px) 100vw, 1452px\" \/><\/a><\/p>\n<h3><strong>Reciclar es divertido: convi\u00e9rtelo en un reto familiar<\/strong><\/h3>\n<p>El <strong>reciclaje<\/strong> no solo es necesario, \u00a1tambi\u00e9n puede ser un juego para los ni\u00f1os! En el camping disponemos de<strong> contenedores de reciclaje bien se\u00f1alizados<\/strong>, as\u00ed que an\u00edmate a convertirlo en un reto:<br \/>\n\u00bfQui\u00e9n separa mejor los residuos en casa?<\/p>\n<p>\u00bfY si hacemos manualidades con materiales reciclados?<\/p>\n<p>\u00bfQui\u00e9n encuentra m\u00e1s formas de reutilizar objetos?<\/p>\n<h3><strong>Este verano, disfruta y protege la Val d\u2019Aran<\/strong><\/h3>\n<p>Disfrutar de unas vacaciones sostenibles es f\u00e1cil si todos ponemos nuestro granito de arena. En <strong>Verneda Camping Mountain Resort<\/strong>, te ofrecemos un entorno natural privilegiado para que vivas un verano inolvidable mientras cuidas del planeta.<\/p>\n<p><a href=\"https:\/\/thelisresa.webcamp.fr\/?camping=verneda&amp;lang=es&amp;PHPSESSID=39455b81159flpo087kfooq3pu\" target=\"_blank\" rel=\"noopener\">Reserva ya<\/a> y \u00fanete al turismo responsable. \u00a1Nos vemos en la Val d\u2019Aran!<\/p>\n","protected":false},"excerpt":{"rendered":"<p>El verano es el momento perfecto para desconectar, disfrutar de la naturaleza y\u2026 \u00a1cuidar el planeta! En Verneda Camping Mountain Resort, estamos comprometidos con un [&hellip;]<\/p>\n","protected":false},"author":1,"featured_media":4468,"comment_status":"open","ping_status":"open","sticky":false,"template":"","format":"standard","meta":[],"categories":[795,1276],"tags":[2018,2011,2013,2017,2019,2014,2022,2021,2015,2010,2016,2020,2012,2009,1667],"_links":{"self":[{"href":"https:\/\/www.campingverneda.com\/blog\/wp-json\/wp\/v2\/posts\/5337"}],"collection":[{"href":"https:\/\/www.campingverneda.com\/blog\/wp-json\/wp\/v2\/posts"}],"about":[{"href":"https:\/\/www.campingverneda.com\/blog\/wp-json\/wp\/v2\/types\/post"}],"author":[{"embeddable":true,"href":"https:\/\/www.campingverneda.com\/blog\/wp-json\/wp\/v2\/users\/1"}],"replies":[{"embeddable":true,"href":"https:\/\/www.campingverneda.com\/blog\/wp-json\/wp\/v2\/comments?post=5337"}],"version-history":[{"count":2,"href":"https:\/\/www.campingverneda.com\/blog\/wp-json\/wp\/v2\/posts\/5337\/revisions"}],"predecessor-version":[{"id":5341,"href":"https:\/\/www.campingverneda.com\/blog\/wp-json\/wp\/v2\/posts\/5337\/revisions\/5341"}],"wp:featuredmedia":[{"embeddable":true,"href":"https:\/\/www.campingverneda.com\/blog\/wp-json\/wp\/v2\/media\/4468"}],"wp:attachment":[{"href":"https:\/\/www.campingverneda.com\/blog\/wp-json\/wp\/v2\/media?parent=5337"}],"wp:term":[{"taxonomy":"category","embeddable":true,"href":"https:\/\/www.campingverneda.com\/blog\/wp-json\/wp\/v2\/categories?post=5337"},{"taxonomy":"post_tag","embeddable":true,"href":"https:\/\/www.campingverneda.com\/blog\/wp-json\/wp\/v2\/tags?post=5337"}],"curies":[{"name":"wp","href":"https:\/\/api.w.org\/{rel}","templated":true}]}}