{"id":5330,"date":"2025-06-07T07:41:46","date_gmt":"2025-06-07T07:41:46","guid":{"rendered":"https:\/\/www.campingverneda.com\/blog\/?p=5330"},"modified":"2025-06-07T07:43:47","modified_gmt":"2025-06-07T07:43:47","slug":"hacia-un-camping-mas-inteligente-y-sostenible","status":"publish","type":"post","link":"https:\/\/www.campingverneda.com\/blog\/2025\/06\/07\/hacia-un-camping-mas-inteligente-y-sostenible\/","title":{"rendered":"Hacia un camping m\u00e1s inteligente y sostenible"},"content":{"rendered":"<p>En <a href=\"https:\/\/www.campingverneda.com\/\" target=\"_blank\" rel=\"noopener\">Verneda Camping Mountain Resort<\/a> seguimos avanzando en nuestro compromiso por un <strong>turismo m\u00e1s respetuoso con el entorno y m\u00e1s eficient<\/strong>e. Gracias a la subvenci\u00f3n recibida en el marco del Plan de Recuperaci\u00f3n, Transformaci\u00f3n y Resiliencia del Gobierno de Espa\u00f1a, tal como hemos comentado en anteriores posts en este blog, hemos iniciado un ambicioso proyecto de <strong>monitorizaci\u00f3n energ\u00e9tica integral<\/strong> en nuestras instalaciones, de la mano de la empresa de ingenier\u00eda aranesa <a href=\"https:\/\/www.arantec.com\/\" target=\"_blank\" rel=\"noopener\">Arantec<\/a>, expertos en soluciones tecnol\u00f3gicas aplicadas al medio ambiente.<\/p>\n<p>Este nuevo paso nos permitir\u00e1 <strong>medir y analizar en tiempo real el consumo el\u00e9ctrico<\/strong> en todo el recinto: desde zonas comunes hasta bungalows, pasando por oficinas, cocinas, lavander\u00edas o cualquier otra instalaci\u00f3n. A trav\u00e9s de sensores inteligentes distribu\u00eddos estrat\u00e9gicamente, podremos saber<strong> cu\u00e1nta energ\u00eda se est\u00e1 utilizando, d\u00f3nde se est\u00e1 utilizando y en qu\u00e9 momento del d\u00eda<\/strong>.<\/p>\n<div id=\"attachment_5331\" style=\"width: 1313px\" class=\"wp-caption alignnone\"><a href=\"https:\/\/www.campingverneda.com\/blog\/2025\/06\/07\/hacia-un-camping-mas-inteligente-y-sostenible\/verneda-camping-bungalows-24\/\" rel=\"attachment wp-att-5331\"><img aria-describedby=\"caption-attachment-5331\" decoding=\"async\" loading=\"lazy\" class=\" wp-image-5331\" src=\"http:\/\/www.campingverneda.com\/blog\/wp-content\/uploads\/2025\/06\/verneda-camping-bungalows.png\" alt=\"en camping verneda trabajamos por la eficiencia nerg\u00e9tica\" width=\"1303\" height=\"543\" srcset=\"https:\/\/www.campingverneda.com\/blog\/wp-content\/uploads\/2025\/06\/verneda-camping-bungalows-200x83.png 200w, https:\/\/www.campingverneda.com\/blog\/wp-content\/uploads\/2025\/06\/verneda-camping-bungalows-300x125.png 300w, https:\/\/www.campingverneda.com\/blog\/wp-content\/uploads\/2025\/06\/verneda-camping-bungalows-400x167.png 400w, https:\/\/www.campingverneda.com\/blog\/wp-content\/uploads\/2025\/06\/verneda-camping-bungalows-600x250.png 600w, https:\/\/www.campingverneda.com\/blog\/wp-content\/uploads\/2025\/06\/verneda-camping-bungalows-768x320.png 768w, https:\/\/www.campingverneda.com\/blog\/wp-content\/uploads\/2025\/06\/verneda-camping-bungalows-800x333.png 800w, https:\/\/www.campingverneda.com\/blog\/wp-content\/uploads\/2025\/06\/verneda-camping-bungalows.png 960w\" sizes=\"(max-width: 1303px) 100vw, 1303px\" \/><\/a><p id=\"caption-attachment-5331\" class=\"wp-caption-text\">Instalaci\u00f3n de sensores<\/p><\/div>\n<p>Pero vamos a\u00fan m\u00e1s all\u00e1: tambi\u00e9n controlaremos el consumo de electrodom\u00e9sticos, sistemas de climatizaci\u00f3n y calefacci\u00f3n, e incluso la temperatura interior de los alojamientos. Esta informaci\u00f3n, recogida y procesada en una plataforma digital, nos permitir\u00e1 tomar decisiones m\u00e1s informadas, como ajustar horarios, <strong>optimizar recursos o detectar ineficiencias de forma inmediata<\/strong>.<\/p>\n<h3><strong>\u00bfPor qu\u00e9 es esto importante?<\/strong><\/h3>\n<p>Porque la <strong>eficiencia energ\u00e9tica ya no es solo una opci\u00f3n, sino una necesidad<\/strong>. Nos ayuda a reducir nuestra huella de carbono, a utilizar solo la energ\u00eda que realmente necesitamos, y a mejorar el confort de nuestros hu\u00e9spedes sin comprometer el medio ambiente. Adem\u00e1s, nos permite anticiparnos y prevenir posibles incidencias, garantizando una experiencia m\u00e1s segura y sostenible para todos.<\/p>\n<p>Este proyecto forma parte de una visi\u00f3n m\u00e1s amplia: la de un c<strong>amping inteligente<\/strong>, conectado con su entorno, que apuesta por la innovaci\u00f3n para cuidar de nuestro planeta y de quienes nos visitan.<\/p>\n<p><a href=\"https:\/\/www.campingverneda.com\/blog\/2025\/06\/07\/hacia-un-camping-mas-inteligente-y-sostenible\/verneda-camping-acampada-11\/\" rel=\"attachment wp-att-5332\"><img decoding=\"async\" loading=\"lazy\" class=\"alignnone wp-image-5332\" src=\"http:\/\/www.campingverneda.com\/blog\/wp-content\/uploads\/2025\/06\/verneda-camping-acampada-4.png\" alt=\"\" width=\"1394\" height=\"581\" srcset=\"https:\/\/www.campingverneda.com\/blog\/wp-content\/uploads\/2025\/06\/verneda-camping-acampada-4-200x83.png 200w, https:\/\/www.campingverneda.com\/blog\/wp-content\/uploads\/2025\/06\/verneda-camping-acampada-4-300x125.png 300w, https:\/\/www.campingverneda.com\/blog\/wp-content\/uploads\/2025\/06\/verneda-camping-acampada-4-400x167.png 400w, https:\/\/www.campingverneda.com\/blog\/wp-content\/uploads\/2025\/06\/verneda-camping-acampada-4-600x250.png 600w, https:\/\/www.campingverneda.com\/blog\/wp-content\/uploads\/2025\/06\/verneda-camping-acampada-4-768x320.png 768w, https:\/\/www.campingverneda.com\/blog\/wp-content\/uploads\/2025\/06\/verneda-camping-acampada-4-800x333.png 800w, https:\/\/www.campingverneda.com\/blog\/wp-content\/uploads\/2025\/06\/verneda-camping-acampada-4.png 960w\" sizes=\"(max-width: 1394px) 100vw, 1394px\" \/><\/a><\/p>\n<p>Seguimos trabajando con ilusi\u00f3n y compromiso para que cada estancia en <strong>Verneda Camping Mountain Resort sea una experiencia \u00fanica, y ahora tambi\u00e9n, m\u00e1s eficiente que nunca<\/strong>.<\/p>\n<p>Todo esto podr\u00e1s descubrirlo de primera mano si nos visitas este verano. \u00bfYa tienes tu reserva hecha?<\/p>\n","protected":false},"excerpt":{"rendered":"<p>En Verneda Camping Mountain Resort seguimos avanzando en nuestro compromiso por un turismo m\u00e1s respetuoso con el entorno y m\u00e1s eficiente. Gracias a la subvenci\u00f3n [&hellip;]<\/p>\n","protected":false},"author":1,"featured_media":5335,"comment_status":"open","ping_status":"open","sticky":false,"template":"","format":"standard","meta":[],"categories":[795,1276],"tags":[2007,11,1904,2008,239],"_links":{"self":[{"href":"https:\/\/www.campingverneda.com\/blog\/wp-json\/wp\/v2\/posts\/5330"}],"collection":[{"href":"https:\/\/www.campingverneda.com\/blog\/wp-json\/wp\/v2\/posts"}],"about":[{"href":"https:\/\/www.campingverneda.com\/blog\/wp-json\/wp\/v2\/types\/post"}],"author":[{"embeddable":true,"href":"https:\/\/www.campingverneda.com\/blog\/wp-json\/wp\/v2\/users\/1"}],"replies":[{"embeddable":true,"href":"https:\/\/www.campingverneda.com\/blog\/wp-json\/wp\/v2\/comments?post=5330"}],"version-history":[{"count":2,"href":"https:\/\/www.campingverneda.com\/blog\/wp-json\/wp\/v2\/posts\/5330\/revisions"}],"predecessor-version":[{"id":5334,"href":"https:\/\/www.campingverneda.com\/blog\/wp-json\/wp\/v2\/posts\/5330\/revisions\/5334"}],"wp:featuredmedia":[{"embeddable":true,"href":"https:\/\/www.campingverneda.com\/blog\/wp-json\/wp\/v2\/media\/5335"}],"wp:attachment":[{"href":"https:\/\/www.campingverneda.com\/blog\/wp-json\/wp\/v2\/media?parent=5330"}],"wp:term":[{"taxonomy":"category","embeddable":true,"href":"https:\/\/www.campingverneda.com\/blog\/wp-json\/wp\/v2\/categories?post=5330"},{"taxonomy":"post_tag","embeddable":true,"href":"https:\/\/www.campingverneda.com\/blog\/wp-json\/wp\/v2\/tags?post=5330"}],"curies":[{"name":"wp","href":"https:\/\/api.w.org\/{rel}","templated":true}]}}