{"id":5319,"date":"2025-06-05T14:00:05","date_gmt":"2025-06-05T14:00:05","guid":{"rendered":"https:\/\/www.campingverneda.com\/blog\/?p=5319"},"modified":"2025-06-05T14:00:07","modified_gmt":"2025-06-05T14:00:07","slug":"sant-joan-en-la-val-daran","status":"publish","type":"post","link":"https:\/\/www.campingverneda.com\/blog\/2025\/06\/05\/sant-joan-en-la-val-daran\/","title":{"rendered":"Vive la magia de Sant Joan en la Val d&#8217;Aran"},"content":{"rendered":"<p>El verano empieza de una manera \u00fanica en la Val d&#8217;Aran: con la noche m\u00e1s m\u00e1gica del a\u00f1o. El <strong>23 de junio, la magia de Sant Joan<\/strong> ilumina los Pirineos con hogueras, tradiciones ancestrales y un ambiente festivo que encanta a peque\u00f1os y mayores. \u00bfTe imaginas dar la bienvenida al verano en plena naturaleza, rodeado de monta\u00f1as y con todas las comodidades? En <a href=\"https:\/\/www.instagram.com\/vida.verneda\/\" target=\"_blank\" rel=\"noopener\"><strong>Verneda Camping Mountain Resort<\/strong><\/a> te esperamos con la piscina climatizada de cloraci\u00f3n salina lista y el restaurante abierto para que disfrutes de unas vacaciones inolvidables.<\/p>\n<div id=\"attachment_5320\" style=\"width: 1676px\" class=\"wp-caption alignnone\"><a href=\"https:\/\/www.campingverneda.com\/blog\/2025\/06\/05\/sant-joan-en-la-val-daran\/verneda-camping-acampada-9\/\" rel=\"attachment wp-att-5320\"><img aria-describedby=\"caption-attachment-5320\" decoding=\"async\" loading=\"lazy\" class=\" wp-image-5320\" src=\"http:\/\/www.campingverneda.com\/blog\/wp-content\/uploads\/2025\/06\/verneda-camping-acampada.png\" alt=\"San Joan en les \" width=\"1666\" height=\"694\" srcset=\"https:\/\/www.campingverneda.com\/blog\/wp-content\/uploads\/2025\/06\/verneda-camping-acampada-200x83.png 200w, https:\/\/www.campingverneda.com\/blog\/wp-content\/uploads\/2025\/06\/verneda-camping-acampada-300x125.png 300w, https:\/\/www.campingverneda.com\/blog\/wp-content\/uploads\/2025\/06\/verneda-camping-acampada-400x167.png 400w, https:\/\/www.campingverneda.com\/blog\/wp-content\/uploads\/2025\/06\/verneda-camping-acampada-600x250.png 600w, https:\/\/www.campingverneda.com\/blog\/wp-content\/uploads\/2025\/06\/verneda-camping-acampada-768x320.png 768w, https:\/\/www.campingverneda.com\/blog\/wp-content\/uploads\/2025\/06\/verneda-camping-acampada-800x333.png 800w, https:\/\/www.campingverneda.com\/blog\/wp-content\/uploads\/2025\/06\/verneda-camping-acampada.png 960w\" sizes=\"(max-width: 1666px) 100vw, 1666px\" \/><\/a><p id=\"caption-attachment-5320\" class=\"wp-caption-text\">Fiesta tradici\u00f3n en Les para San joan<\/p><\/div>\n<h3><strong>Las hogueras de Sant Joan: un espect\u00e1culo ancestral<\/strong><\/h3>\n<p>En la Val d\u2019Aran, la noche de San Juan es mucho m\u00e1s que una fiesta: es una tradici\u00f3n con siglos de historia. En los pueblos de <strong>Les y Arties<\/strong>, los habitantes encienden el <strong>Haro y el Taro<\/strong>, enormes troncos que arden lentamente mientras la gente canta, baila y celebra el inicio del verano. Esta costumbre, reconocida como <strong>Patrimonio Cultural Inmaterial de la Humanidad por la UNESCO<\/strong>, es el plan perfecto para que las familias vivan la magia de una noche \u00fanica.<\/p>\n<h3><strong>Tu refugio ideal: naturaleza y comodidad en Verneda Camping Mountain Resort<\/strong><\/h3>\n<p>Despu\u00e9s de una noche de fiesta y tradici\u00f3n, no hay nada mejor que descansar en plena naturaleza. En <a href=\"https:\/\/www.campingverneda.com\/\" target=\"_blank\" rel=\"noopener\">Verneda Camping Mountain Resort<\/a>, te ofrecemos b<strong>ungalows de madera acogedores y parcelas junto al r\u00edo Garona,<\/strong> ideales para desconectar y relajarte con los tuyos.<\/p>\n<p>Adem\u00e1s, para refrescarte, ya estar\u00e1 abierta nuestra <strong>piscina climatizada de cloraci\u00f3n salina<\/strong>, perfecta para un chapuz\u00f3n sin productos qu\u00edmicos agresivos. Y si prefieres saborear la gastronom\u00eda local, en nuestro restaurante podr\u00e1s disfrutar de platos deliciosos mientras compartes buenos momentos en familia.<\/p>\n<p><a href=\"https:\/\/www.campingverneda.com\/blog\/2025\/06\/05\/sant-joan-en-la-val-daran\/verneda-camping-bungalows-2-11\/\" rel=\"attachment wp-att-5321\"><img decoding=\"async\" loading=\"lazy\" class=\"alignnone  wp-image-5321\" src=\"http:\/\/www.campingverneda.com\/blog\/wp-content\/uploads\/2025\/06\/verneda-camping-bungalows-2.png\" alt=\"Camping Verneda pet friendly\" width=\"1632\" height=\"680\" srcset=\"https:\/\/www.campingverneda.com\/blog\/wp-content\/uploads\/2025\/06\/verneda-camping-bungalows-2-200x83.png 200w, https:\/\/www.campingverneda.com\/blog\/wp-content\/uploads\/2025\/06\/verneda-camping-bungalows-2-300x125.png 300w, https:\/\/www.campingverneda.com\/blog\/wp-content\/uploads\/2025\/06\/verneda-camping-bungalows-2-400x167.png 400w, https:\/\/www.campingverneda.com\/blog\/wp-content\/uploads\/2025\/06\/verneda-camping-bungalows-2-600x250.png 600w, https:\/\/www.campingverneda.com\/blog\/wp-content\/uploads\/2025\/06\/verneda-camping-bungalows-2-768x320.png 768w, https:\/\/www.campingverneda.com\/blog\/wp-content\/uploads\/2025\/06\/verneda-camping-bungalows-2-800x333.png 800w, https:\/\/www.campingverneda.com\/blog\/wp-content\/uploads\/2025\/06\/verneda-camping-bungalows-2.png 960w\" sizes=\"(max-width: 1632px) 100vw, 1632px\" \/><\/a><\/p>\n<h3><strong>Si vienes con perro, este es tu espacio: los petardos est\u00e1n prohibidos<\/strong><\/h3>\n<p data-start=\"103\" data-end=\"593\">En Verneda Camping Mountain Resort, los perros son parte de la familia, y como tal, su bienestar es una prioridad. Por eso, <strong>no solo durante la verbena de San Juan, sino durante todo el a\u00f1o, los petardos est\u00e1n completamente prohibidos<\/strong> dentro de nuestro recinto. Sabemos que el ruido de los fuegos artificiales puede causarles un gran estr\u00e9s y ansiedad, as\u00ed que hemos creado un <strong>entorno tranquilo y respetuoso<\/strong> donde puedan disfrutar de la naturaleza con seguridad y calma, junto a sus humanos.<\/p>\n<h3><strong>Actividades y diversi\u00f3n para todos<\/strong><\/h3>\n<p>La noche de Sant Joan es solo el comienzo. Durante tu estancia, podr\u00e1s descubrir <strong>rutas de senderismo<\/strong>, recorrer la Val d&#8217;Aran en bicicleta de monta\u00f1a, o incluso probar actividades de turismo activo como rafting o h\u00edpica.<br \/>\nEste verano, empieza la temporada de la mejor manera: con una escapada m\u00e1gica en Verneda Camping Mountain Resort.<strong> Reserva ya y ven a vivir Sant Joan en la Val d\u2019Aran con nosotros. \u00a1Te esperamos para dar la bienvenida al verano a lo #VIDAVerneda!<\/strong><\/p>\n","protected":false},"excerpt":{"rendered":"<p>El verano empieza de una manera \u00fanica en la Val d&#8217;Aran: con la noche m\u00e1s m\u00e1gica del a\u00f1o. El 23 de junio, la magia de [&hellip;]<\/p>\n","protected":false},"author":1,"featured_media":1966,"comment_status":"open","ping_status":"open","sticky":false,"template":"","format":"standard","meta":[],"categories":[795,70,69],"tags":[1989,1990,1982,1983,1991,1984,1986,1985,1980,1987,1992,1979,1981,1988,961,818],"_links":{"self":[{"href":"https:\/\/www.campingverneda.com\/blog\/wp-json\/wp\/v2\/posts\/5319"}],"collection":[{"href":"https:\/\/www.campingverneda.com\/blog\/wp-json\/wp\/v2\/posts"}],"about":[{"href":"https:\/\/www.campingverneda.com\/blog\/wp-json\/wp\/v2\/types\/post"}],"author":[{"embeddable":true,"href":"https:\/\/www.campingverneda.com\/blog\/wp-json\/wp\/v2\/users\/1"}],"replies":[{"embeddable":true,"href":"https:\/\/www.campingverneda.com\/blog\/wp-json\/wp\/v2\/comments?post=5319"}],"version-history":[{"count":2,"href":"https:\/\/www.campingverneda.com\/blog\/wp-json\/wp\/v2\/posts\/5319\/revisions"}],"predecessor-version":[{"id":5323,"href":"https:\/\/www.campingverneda.com\/blog\/wp-json\/wp\/v2\/posts\/5319\/revisions\/5323"}],"wp:featuredmedia":[{"embeddable":true,"href":"https:\/\/www.campingverneda.com\/blog\/wp-json\/wp\/v2\/media\/1966"}],"wp:attachment":[{"href":"https:\/\/www.campingverneda.com\/blog\/wp-json\/wp\/v2\/media?parent=5319"}],"wp:term":[{"taxonomy":"category","embeddable":true,"href":"https:\/\/www.campingverneda.com\/blog\/wp-json\/wp\/v2\/categories?post=5319"},{"taxonomy":"post_tag","embeddable":true,"href":"https:\/\/www.campingverneda.com\/blog\/wp-json\/wp\/v2\/tags?post=5319"}],"curies":[{"name":"wp","href":"https:\/\/api.w.org\/{rel}","templated":true}]}}