{"id":5312,"date":"2025-06-02T10:56:54","date_gmt":"2025-06-02T10:56:54","guid":{"rendered":"https:\/\/www.campingverneda.com\/blog\/?p=5312"},"modified":"2025-06-02T10:56:55","modified_gmt":"2025-06-02T10:56:55","slug":"una-estacion-meteorologica-en-camping-verneda","status":"publish","type":"post","link":"https:\/\/www.campingverneda.com\/blog\/2025\/06\/02\/una-estacion-meteorologica-en-camping-verneda\/","title":{"rendered":"Una estaci\u00f3n meteorol\u00f3gica en Camping Verneda"},"content":{"rendered":"<p>En <strong>Camping Verneda<\/strong> seguimos avanzando hacia un modelo de turismo m\u00e1s responsable, eficiente y conectado con la naturaleza.<\/p>\n<p>Gracias al apoyo del <strong>Plan de Recuperaci\u00f3n, Transformaci\u00f3n y Resiliencia del Gobierno de Espa\u00f1a,<\/strong> financiado con fondos <strong>Next Generation EU<\/strong>, hemos instalado una nueva <strong>estaci\u00f3n meteorol\u00f3gica<\/strong> en nuestro recinto.<\/p>\n<h3><strong>Datos del clima, en tiempo real<\/strong><\/h3>\n<p>Esta estaci\u00f3n nos permite recoger <strong>datos meteorol\u00f3gicos en tiempo real<\/strong>, como:<br \/>\n\u2022 Temperatura ambiental<br \/>\n\u2022 Humedad relativa<br \/>\n\u2022 Sensaci\u00f3n t\u00e9rmica<br \/>\n\u2022 Direcci\u00f3n y velocidad del viento<br \/>\n\u2022 Cantidad de lluvia<br \/>\n\u2022 Radiaci\u00f3n solar<\/p>\n<p>Toda esta informaci\u00f3n est\u00e1 disponible de forma visual y accesible en una <strong>pantalla ubicada en la recepci\u00f3n del camping<\/strong>, a disposici\u00f3n de todos nuestros visitantes.<\/p>\n<p><a href=\"https:\/\/www.campingverneda.com\/blog\/2025\/06\/02\/una-estacion-meteorologica-en-camping-verneda\/eteva-blog\/\" rel=\"attachment wp-att-5313\"><img decoding=\"async\" loading=\"lazy\" class=\"alignnone  wp-image-5313\" src=\"http:\/\/www.campingverneda.com\/blog\/wp-content\/uploads\/2025\/06\/ETEVA-BLOG.gif\" alt=\"\" width=\"1644\" height=\"685\" \/><\/a><\/p>\n<h3><strong>Mejora la experiencia de nuestros hu\u00e9spedes<\/strong><\/h3>\n<p>Contar con esta informaci\u00f3n mejora la planificaci\u00f3n diaria de nuestros clientes. Saber qu\u00e9 tiempo hace o har\u00e1, permite organizar mejor rutas, paseos o actividades al aire libre. Incluso saber c\u00f3mo vestirse o si conviene llevar algo de abrigo.<\/p>\n<h3><strong>M\u00e1s eficiencia energ\u00e9tica<\/strong><\/h3>\n<p>Para nuestro equipo, la estaci\u00f3n meteorol\u00f3gica es una herramienta clave. Gracias a ella, podemos ajustar el uso de:<br \/>\n\u2022 Sistemas de<strong> riego<\/strong><br \/>\n\u2022 <strong>Climatizaci\u00f3n<\/strong> en zonas comunes<br \/>\n\u2022<strong> Iluminaci\u00f3n<\/strong> exterior<\/p>\n<p>Esto se traduce en menos consumo energ\u00e9tico, un uso m\u00e1s eficiente de los recursos y una gesti\u00f3n m\u00e1s sostenible de las instalaciones.<\/p>\n<p><strong>Estudios t\u00e9cnicos estiman que este tipo de soluciones puede reducir el consumo energ\u00e9tico hasta en un 20% en alojamientos rurales.<\/strong><\/p>\n<div id=\"attachment_5314\" style=\"width: 1589px\" class=\"wp-caption alignnone\"><a href=\"https:\/\/www.campingverneda.com\/blog\/2025\/06\/02\/una-estacion-meteorologica-en-camping-verneda\/verneda-camping-4\/\" rel=\"attachment wp-att-5314\"><img aria-describedby=\"caption-attachment-5314\" decoding=\"async\" loading=\"lazy\" class=\" wp-image-5314\" src=\"http:\/\/www.campingverneda.com\/blog\/wp-content\/uploads\/2025\/06\/verneda-camping.png\" alt=\"eficiencia energ\u00e9tica en camping verneda\" width=\"1579\" height=\"658\" srcset=\"https:\/\/www.campingverneda.com\/blog\/wp-content\/uploads\/2025\/06\/verneda-camping-200x83.png 200w, https:\/\/www.campingverneda.com\/blog\/wp-content\/uploads\/2025\/06\/verneda-camping-300x125.png 300w, https:\/\/www.campingverneda.com\/blog\/wp-content\/uploads\/2025\/06\/verneda-camping-400x167.png 400w, https:\/\/www.campingverneda.com\/blog\/wp-content\/uploads\/2025\/06\/verneda-camping-600x250.png 600w, https:\/\/www.campingverneda.com\/blog\/wp-content\/uploads\/2025\/06\/verneda-camping-768x320.png 768w, https:\/\/www.campingverneda.com\/blog\/wp-content\/uploads\/2025\/06\/verneda-camping-800x333.png 800w, https:\/\/www.campingverneda.com\/blog\/wp-content\/uploads\/2025\/06\/verneda-camping.png 960w\" sizes=\"(max-width: 1579px) 100vw, 1579px\" \/><\/a><p id=\"caption-attachment-5314\" class=\"wp-caption-text\">Estaci\u00f3n meteorol\u00f3gica en Camping Verneda gracias a ARANTEC<\/p><\/div>\n<h3>\n<strong>Seguridad y sostenibilidad, de la mano<\/strong><\/h3>\n<p>Tambi\u00e9n nos ayuda a <strong>anticipar fen\u00f3menos meteorol\u00f3gicos adversos<\/strong>, mejorando as\u00ed la <strong>seguridad<\/strong> tanto de las instalaciones como de nuestros hu\u00e9spedes.<\/p>\n<p>Adem\u00e1s, creemos que es una oportunidad perfecta para <strong>educar y sensibilizar<\/strong> sobre el valor del entorno natural que nos rodea. Conocer mejor el microclima del valle nos conecta a\u00fan m\u00e1s con el paisaje.<\/p>\n<h3><strong>Seguimos transformando el camping del futuro<\/strong><\/h3>\n<p>Esta mejora forma parte de un proyecto m\u00e1s amplio de digitalizaci\u00f3n y eficiencia energ\u00e9tica que estamos implementando en Camping Verneda.<\/p>\n<p>Tecnolog\u00eda, naturaleza y bienestar se dan la mano para que puedas seguir disfrutando de escapadas inolvidables, ahora tambi\u00e9n con un clima m\u00e1s predecible\u2026 y m\u00e1s sostenible.<\/p>\n","protected":false},"excerpt":{"rendered":"<p>En Camping Verneda seguimos avanzando hacia un modelo de turismo m\u00e1s responsable, eficiente y conectado con la naturaleza. Gracias al apoyo del Plan de Recuperaci\u00f3n, [&hellip;]<\/p>\n","protected":false},"author":1,"featured_media":5315,"comment_status":"open","ping_status":"open","sticky":false,"template":"","format":"standard","meta":[],"categories":[795,1276],"tags":[47,11,1904,1978,1976,165,188,1977,13,42,818],"_links":{"self":[{"href":"https:\/\/www.campingverneda.com\/blog\/wp-json\/wp\/v2\/posts\/5312"}],"collection":[{"href":"https:\/\/www.campingverneda.com\/blog\/wp-json\/wp\/v2\/posts"}],"about":[{"href":"https:\/\/www.campingverneda.com\/blog\/wp-json\/wp\/v2\/types\/post"}],"author":[{"embeddable":true,"href":"https:\/\/www.campingverneda.com\/blog\/wp-json\/wp\/v2\/users\/1"}],"replies":[{"embeddable":true,"href":"https:\/\/www.campingverneda.com\/blog\/wp-json\/wp\/v2\/comments?post=5312"}],"version-history":[{"count":2,"href":"https:\/\/www.campingverneda.com\/blog\/wp-json\/wp\/v2\/posts\/5312\/revisions"}],"predecessor-version":[{"id":5317,"href":"https:\/\/www.campingverneda.com\/blog\/wp-json\/wp\/v2\/posts\/5312\/revisions\/5317"}],"wp:featuredmedia":[{"embeddable":true,"href":"https:\/\/www.campingverneda.com\/blog\/wp-json\/wp\/v2\/media\/5315"}],"wp:attachment":[{"href":"https:\/\/www.campingverneda.com\/blog\/wp-json\/wp\/v2\/media?parent=5312"}],"wp:term":[{"taxonomy":"category","embeddable":true,"href":"https:\/\/www.campingverneda.com\/blog\/wp-json\/wp\/v2\/categories?post=5312"},{"taxonomy":"post_tag","embeddable":true,"href":"https:\/\/www.campingverneda.com\/blog\/wp-json\/wp\/v2\/tags?post=5312"}],"curies":[{"name":"wp","href":"https:\/\/api.w.org\/{rel}","templated":true}]}}