{"id":5286,"date":"2025-05-09T14:19:55","date_gmt":"2025-05-09T14:19:55","guid":{"rendered":"https:\/\/www.campingverneda.com\/blog\/?p=5286"},"modified":"2025-05-09T14:19:55","modified_gmt":"2025-05-09T14:19:55","slug":"las-mejores-rutas-en-bici-en-la-val-daran","status":"publish","type":"post","link":"https:\/\/www.campingverneda.com\/blog\/2025\/05\/09\/las-mejores-rutas-en-bici-en-la-val-daran\/","title":{"rendered":"Las mejores rutas en bici en la Val d\u2019Aran"},"content":{"rendered":"<p>Si eres amante de la naturaleza y de la bicicleta, la Val d\u2019Aran es el destino perfecto para ti. Ubicado en el coraz\u00f3n de los Pirineos, el <a href=\"https:\/\/www.instagram.com\/vida.verneda\/\" target=\"_blank\" rel=\"noopener\">Verneda Camping Mountain Resort<\/a> te ofrece un entorno \u00fanico donde disfrutar de<strong> rutas en bici para todos los niveles<\/strong> durante la primavera y el verano. Con paisajes impresionantes, valles verdes y monta\u00f1as imponentes, cada recorrido te brindar\u00e1 una experiencia inigualable.<\/p>\n<h3><strong>Rutas en bici para principiantes: Disfruta sin presi\u00f3n<\/strong><\/h3>\n<p>Para aquellos que est\u00e1n comenzando a explorar el mundo de las <strong>bicicletas de monta\u00f1a<\/strong>, la Val d\u2019Aran tiene rutas f\u00e1ciles y accesibles. Desde nuestras instalaciones de <a href=\"https:\/\/www.campingverneda.com\/\" target=\"_blank\" rel=\"noopener\">Verneda Camping Mountain Resort<\/a>, podr\u00e1s tomar caminos suaves que te llevan a trav\u00e9s de frondosos bosques y hermosos prados. Estas <strong>rutas de baja dificultad<\/strong> son ideales para disfrutar del entorno monta\u00f1oso sin grandes esfuerzos. La<strong> ruta hasta el pueblo de Les<\/strong> es un ejemplo perfecto: una excursi\u00f3n corta, accesible y llena de vistas panor\u00e1micas.<\/p>\n<p><a href=\"https:\/\/www.campingverneda.com\/blog\/2025\/05\/09\/las-mejores-rutas-en-bici-en-la-val-daran\/verneda-camping-acampada-valdaran\/\" rel=\"attachment wp-att-5287\"><img decoding=\"async\" loading=\"lazy\" class=\"alignnone  wp-image-5287\" src=\"http:\/\/www.campingverneda.com\/blog\/wp-content\/uploads\/2025\/05\/verneda-camping-acampada-valdaran.png\" alt=\"Rutas en bicicleta desde camping verneda\" width=\"2090\" height=\"871\" srcset=\"https:\/\/www.campingverneda.com\/blog\/wp-content\/uploads\/2025\/05\/verneda-camping-acampada-valdaran-200x83.png 200w, https:\/\/www.campingverneda.com\/blog\/wp-content\/uploads\/2025\/05\/verneda-camping-acampada-valdaran-300x125.png 300w, https:\/\/www.campingverneda.com\/blog\/wp-content\/uploads\/2025\/05\/verneda-camping-acampada-valdaran-400x167.png 400w, https:\/\/www.campingverneda.com\/blog\/wp-content\/uploads\/2025\/05\/verneda-camping-acampada-valdaran-600x250.png 600w, https:\/\/www.campingverneda.com\/blog\/wp-content\/uploads\/2025\/05\/verneda-camping-acampada-valdaran-768x320.png 768w, https:\/\/www.campingverneda.com\/blog\/wp-content\/uploads\/2025\/05\/verneda-camping-acampada-valdaran-800x333.png 800w, https:\/\/www.campingverneda.com\/blog\/wp-content\/uploads\/2025\/05\/verneda-camping-acampada-valdaran.png 960w\" sizes=\"(max-width: 2090px) 100vw, 2090px\" \/><\/a><\/p>\n<h3><strong>Rutas para nivel intermedio: Desaf\u00edo y diversi\u00f3n<\/strong><\/h3>\n<p>Si ya tienes algo de experiencia en rutas de monta\u00f1a, la Val d\u2019Aran te ofrece <strong>caminos de dificultad intermedia<\/strong>. La Ruta 40 del Centro BTT de la Val d\u2019Aran, tambi\u00e9n conocida como <strong>Bassa d\u2019Oles<\/strong>, es un itinerario circular de nivel intermedio ideal para los amantes del MTB y el gravel. Con unos<strong> 10,5 km de recorrido y un desnivel positivo de aproximadamente 330 metros<\/strong>, esta ruta ofrece un equilibrio perfecto entre exigencia f\u00edsica y disfrute paisaj\u00edstico. Partiendo desde la zona de la Bassa d\u2019Oles, el camino discurre por bosques de hayas y abetos, con tramos de pista forestal y senderos estrechos que atraviesan rincones tranquilos y sombr\u00edos del entorno de Vielha. Es una opci\u00f3n muy recomendable para quienes buscan una salida t\u00e9cnica pero accesible, con vistas espectaculares al coraz\u00f3n del Pirineo aran\u00e9s.<\/p>\n<h3>Rutas para expertos: Aventuras extremas en la monta\u00f1a<\/h3>\n<p>Los ciclistas m\u00e1s experimentados encontrar\u00e1n su para\u00edso en la Val d\u2019Aran. Las rutas de alta monta\u00f1a ofrecen paisajes impresionantes y senderos desafiantes. La Ruta 50 del Centro BTT de la Val d\u2019Aran, conocida como <strong>Salient<\/strong>, es una exigente traves\u00eda circular de <strong>48,16 km<\/strong> con un <strong>desnivel positivo de 1.285 metros<\/strong>, que parte desde Vielha. Aunque la dificultad t\u00e9cnica es considerada f\u00e1cil, el reto f\u00edsico es notable, ya que incluye la subida m\u00e1s larga de toda la Val d\u2019Aran. El recorrido asciende hasta los <strong>2.175 metros de altitud,<\/strong> atravesando praderas alpinas donde pastan yeguas y florecen plantas silvestres en verano, ofreciendo vistas espectaculares del glaciar de la Maladeta. La pista, en buen estado, permite disfrutar del entorno sin complicaciones t\u00e9cnicas, aunque se recomienda realizarla en d\u00edas despejados para aprovechar al m\u00e1ximo el paisaje.<\/p>\n<p><a href=\"https:\/\/www.campingverneda.com\/blog\/2025\/05\/09\/las-mejores-rutas-en-bici-en-la-val-daran\/verneda-camping-camper-3\/\" rel=\"attachment wp-att-5288\"><img decoding=\"async\" loading=\"lazy\" class=\"alignnone  wp-image-5288\" src=\"http:\/\/www.campingverneda.com\/blog\/wp-content\/uploads\/2025\/05\/verneda-camping-camper-2.png\" alt=\"Rutas en bicicleta de montana en la val d'Aran\" width=\"2098\" height=\"874\" srcset=\"https:\/\/www.campingverneda.com\/blog\/wp-content\/uploads\/2025\/05\/verneda-camping-camper-2-200x83.png 200w, https:\/\/www.campingverneda.com\/blog\/wp-content\/uploads\/2025\/05\/verneda-camping-camper-2-300x125.png 300w, https:\/\/www.campingverneda.com\/blog\/wp-content\/uploads\/2025\/05\/verneda-camping-camper-2-400x167.png 400w, https:\/\/www.campingverneda.com\/blog\/wp-content\/uploads\/2025\/05\/verneda-camping-camper-2-600x250.png 600w, https:\/\/www.campingverneda.com\/blog\/wp-content\/uploads\/2025\/05\/verneda-camping-camper-2-768x320.png 768w, https:\/\/www.campingverneda.com\/blog\/wp-content\/uploads\/2025\/05\/verneda-camping-camper-2-800x333.png 800w, https:\/\/www.campingverneda.com\/blog\/wp-content\/uploads\/2025\/05\/verneda-camping-camper-2.png 960w\" sizes=\"(max-width: 2098px) 100vw, 2098px\" \/><\/a><\/p>\n<h3>\nPrimavera y verano: La temporada ideal para pedalear<\/h3>\n<p>Durante la primavera y el verano, la Val d\u2019Aran se transforma en un lugar ideal para montar en bici. Los d\u00edas soleados y las temperaturas agradables hacen que las rutas sean a\u00fan m\u00e1s disfrutables. Adem\u00e1s, en estos meses, la vegetaci\u00f3n est\u00e1 en su m\u00e1ximo esplendor, creando un ambiente pintoresco y relajante para todos los que visitan el <a href=\"https:\/\/www.facebook.com\/VernedaCampingMountainResort\/\" target=\"_blank\" rel=\"noopener\">Verneda Camping Mountain Resort.<\/a><\/p>\n<p><a href=\"https:\/\/www.campingverneda.com\/blog\/2025\/05\/09\/las-mejores-rutas-en-bici-en-la-val-daran\/verneda-camping-acampada-4\/\" rel=\"attachment wp-att-5289\"><img decoding=\"async\" loading=\"lazy\" class=\"alignnone  wp-image-5289\" src=\"http:\/\/www.campingverneda.com\/blog\/wp-content\/uploads\/2025\/05\/verneda-camping-acampada-3.png\" alt=\"\" width=\"2069\" height=\"862\" srcset=\"https:\/\/www.campingverneda.com\/blog\/wp-content\/uploads\/2025\/05\/verneda-camping-acampada-3-200x83.png 200w, https:\/\/www.campingverneda.com\/blog\/wp-content\/uploads\/2025\/05\/verneda-camping-acampada-3-300x125.png 300w, https:\/\/www.campingverneda.com\/blog\/wp-content\/uploads\/2025\/05\/verneda-camping-acampada-3-400x167.png 400w, https:\/\/www.campingverneda.com\/blog\/wp-content\/uploads\/2025\/05\/verneda-camping-acampada-3-600x250.png 600w, https:\/\/www.campingverneda.com\/blog\/wp-content\/uploads\/2025\/05\/verneda-camping-acampada-3-768x320.png 768w, https:\/\/www.campingverneda.com\/blog\/wp-content\/uploads\/2025\/05\/verneda-camping-acampada-3-800x333.png 800w, https:\/\/www.campingverneda.com\/blog\/wp-content\/uploads\/2025\/05\/verneda-camping-acampada-3.png 960w\" sizes=\"(max-width: 2069px) 100vw, 2069px\" \/><\/a><\/p>\n<h3><strong>Consejos pr\u00e1cticos para tu aventura ciclista<\/strong><\/h3>\n<p>Antes de salir en tu ruta, es importante estar bien preparado. Lleva agua, protector solar, y un equipo adecuado para tu nivel. Si no cuentas con tu propia bicicleta, e<strong>n Verneda Camping Mountain Resort te ayudamos a gestionar tu alquiler bicicletas de monta\u00f1a, tambi\u00e9n ebikes<\/strong> para llegar m\u00e1s lejos con menos esfuerzo, y obtener mapas con rutas personalizadas. Adem\u00e1s, tambi\u00e9n podemos a vuestra disposici\u00f3n un lugar seguro para guardar vuestras bicicletas.<\/p>\n<p>\u00a1Tenemos todo lo que necesitas para unas vacaciones sobre ruedas!<\/p>\n","protected":false},"excerpt":{"rendered":"<p>Si eres amante de la naturaleza y de la bicicleta, la Val d\u2019Aran es el destino perfecto para ti. Ubicado en el coraz\u00f3n de los [&hellip;]<\/p>\n","protected":false},"author":1,"featured_media":4377,"comment_status":"open","ping_status":"open","sticky":false,"template":"","format":"standard","meta":[],"categories":[71,795,129],"tags":[1960,1961,1958,1957,1965,1952,1964,1950,1962,1951,1963,1955,1949,1956,1469,1947,1470,1948,1954,1953,1959,1946,818],"_links":{"self":[{"href":"https:\/\/www.campingverneda.com\/blog\/wp-json\/wp\/v2\/posts\/5286"}],"collection":[{"href":"https:\/\/www.campingverneda.com\/blog\/wp-json\/wp\/v2\/posts"}],"about":[{"href":"https:\/\/www.campingverneda.com\/blog\/wp-json\/wp\/v2\/types\/post"}],"author":[{"embeddable":true,"href":"https:\/\/www.campingverneda.com\/blog\/wp-json\/wp\/v2\/users\/1"}],"replies":[{"embeddable":true,"href":"https:\/\/www.campingverneda.com\/blog\/wp-json\/wp\/v2\/comments?post=5286"}],"version-history":[{"count":2,"href":"https:\/\/www.campingverneda.com\/blog\/wp-json\/wp\/v2\/posts\/5286\/revisions"}],"predecessor-version":[{"id":5291,"href":"https:\/\/www.campingverneda.com\/blog\/wp-json\/wp\/v2\/posts\/5286\/revisions\/5291"}],"wp:featuredmedia":[{"embeddable":true,"href":"https:\/\/www.campingverneda.com\/blog\/wp-json\/wp\/v2\/media\/4377"}],"wp:attachment":[{"href":"https:\/\/www.campingverneda.com\/blog\/wp-json\/wp\/v2\/media?parent=5286"}],"wp:term":[{"taxonomy":"category","embeddable":true,"href":"https:\/\/www.campingverneda.com\/blog\/wp-json\/wp\/v2\/categories?post=5286"},{"taxonomy":"post_tag","embeddable":true,"href":"https:\/\/www.campingverneda.com\/blog\/wp-json\/wp\/v2\/tags?post=5286"}],"curies":[{"name":"wp","href":"https:\/\/api.w.org\/{rel}","templated":true}]}}