{"id":5280,"date":"2025-05-06T14:05:11","date_gmt":"2025-05-06T14:05:11","guid":{"rendered":"https:\/\/www.campingverneda.com\/blog\/?p=5280"},"modified":"2025-05-06T14:05:11","modified_gmt":"2025-05-06T14:05:11","slug":"reserv","status":"publish","type":"post","link":"https:\/\/www.campingverneda.com\/blog\/2025\/05\/06\/reserv\/","title":{"rendered":"Reserva tu verano"},"content":{"rendered":"<p>El verano est\u00e1 a la vuelta de la esquina y si quieres asegurarte un lugar en plena naturaleza<strong>, ahora es el momento perfecto para <a href=\"https:\/\/www.campingverneda.com\/\" target=\"_blank\" rel=\"noopener\">reservar tu estancia en Verneda Camping Mountain Resort<\/a><\/strong>. Cada a\u00f1o, las plazas se completan r\u00e1pidamente, y no queremos que te quedes sin la oportunidad de disfrutar de unas vacaciones inolvidables en el Val d&#8217;Aran.<\/p>\n<p><a href=\"https:\/\/www.campingverneda.com\/blog\/2025\/05\/06\/reserv\/verneda-camping-bungalows-21\/\" rel=\"attachment wp-att-5281\"><img decoding=\"async\" loading=\"lazy\" class=\"alignnone wp-image-5281\" src=\"http:\/\/www.campingverneda.com\/blog\/wp-content\/uploads\/2025\/05\/verneda-camping-bungalows.png\" alt=\"camping verneda\" width=\"1795\" height=\"748\" srcset=\"https:\/\/www.campingverneda.com\/blog\/wp-content\/uploads\/2025\/05\/verneda-camping-bungalows-200x83.png 200w, https:\/\/www.campingverneda.com\/blog\/wp-content\/uploads\/2025\/05\/verneda-camping-bungalows-300x125.png 300w, https:\/\/www.campingverneda.com\/blog\/wp-content\/uploads\/2025\/05\/verneda-camping-bungalows-400x167.png 400w, https:\/\/www.campingverneda.com\/blog\/wp-content\/uploads\/2025\/05\/verneda-camping-bungalows-600x250.png 600w, https:\/\/www.campingverneda.com\/blog\/wp-content\/uploads\/2025\/05\/verneda-camping-bungalows-768x320.png 768w, https:\/\/www.campingverneda.com\/blog\/wp-content\/uploads\/2025\/05\/verneda-camping-bungalows-800x333.png 800w, https:\/\/www.campingverneda.com\/blog\/wp-content\/uploads\/2025\/05\/verneda-camping-bungalows.png 960w\" sizes=\"(max-width: 1795px) 100vw, 1795px\" \/><\/a><\/p>\n<h3><strong>Reserva con antelaci\u00f3n y garantiza tu espacio ideal<\/strong><\/h3>\n<p>En <a href=\"https:\/\/www.instagram.com\/vida.verneda\/\" target=\"_blank\" rel=\"noopener\">Verneda Camping Mountain Resort<\/a> ofrecemos parcelas <strong>optimizadas seg\u00fan tu tipo de alojamiento<\/strong>:<br \/>\n&#8211; <strong>Zona de acampada para tiendas de campa\u00f1a<\/strong>: Espacios rodeados de naturaleza para quienes buscan una experiencia aut\u00e9ntica.<br \/>\n&#8211; Parcelas para furgonetas y autocaravanas: Conexi\u00f3n el\u00e9ctrica, \u00e1rea de vaciado y todos los servicios necesarios para una estancia c\u00f3moda.<br \/>\n&#8211; Bungalows y alojamientos equipados: Para quienes prefieren mayor comodidad sin renunciar al entorno natural.<\/p>\n<p>Al reservar con antelaci\u00f3n, tendr\u00e1s m\u00e1s opciones para elegir la parcela que mejor se adapte a tus necesidades y preferencias.<\/p>\n<div id=\"attachment_5210\" style=\"width: 1800px\" class=\"wp-caption alignnone\"><a href=\"https:\/\/www.campingverneda.com\/blog\/2025\/03\/03\/promociones-a-lo-vida-verneda\/verneda-camping-bungalows-11\/\" rel=\"attachment wp-att-5210\"><img aria-describedby=\"caption-attachment-5210\" decoding=\"async\" loading=\"lazy\" class=\" wp-image-5210\" src=\"http:\/\/www.campingverneda.com\/blog\/wp-content\/uploads\/2025\/03\/verneda-camping-bungalows.png\" alt=\"Camping Verneda\" width=\"1790\" height=\"746\" srcset=\"https:\/\/www.campingverneda.com\/blog\/wp-content\/uploads\/2025\/03\/verneda-camping-bungalows-200x83.png 200w, https:\/\/www.campingverneda.com\/blog\/wp-content\/uploads\/2025\/03\/verneda-camping-bungalows-300x125.png 300w, https:\/\/www.campingverneda.com\/blog\/wp-content\/uploads\/2025\/03\/verneda-camping-bungalows-400x167.png 400w, https:\/\/www.campingverneda.com\/blog\/wp-content\/uploads\/2025\/03\/verneda-camping-bungalows-600x250.png 600w, https:\/\/www.campingverneda.com\/blog\/wp-content\/uploads\/2025\/03\/verneda-camping-bungalows-768x320.png 768w, https:\/\/www.campingverneda.com\/blog\/wp-content\/uploads\/2025\/03\/verneda-camping-bungalows-800x333.png 800w, https:\/\/www.campingverneda.com\/blog\/wp-content\/uploads\/2025\/03\/verneda-camping-bungalows.png 960w\" sizes=\"(max-width: 1790px) 100vw, 1790px\" \/><\/a><p id=\"caption-attachment-5210\" class=\"wp-caption-text\">Promociones de Verneda Camping Mountain Resort<\/p><\/div>\n<h3><strong>El verano a lo #VIDAVerneda: mucho m\u00e1s que un camping<\/strong><\/h3>\n<p>Durante la temporada de verano, en Verneda Camping Mountain Resort encontrar\u00e1s mucho m\u00e1s que un alojamiento en la naturaleza. A partir de<strong> San Juan,<\/strong> damos inicio a la temporada con:<br \/>\n&#8211; <strong>Apertura de la piscina climatizada de cloraci\u00f3n salina<\/strong>, ideal para refrescarse despu\u00e9s de un d\u00eda de aventura.<br \/>\n&#8211; Reapertura del restaurante, donde podr\u00e1s degustar productos locales y especialidades del Val d&#8217;Aran.<br \/>\n&#8211; <strong>Conciertos al aire libre<\/strong>, para disfrutar de noches m\u00e1gicas con m\u00fasica en vivo.<br \/>\n&#8211; <strong>Actividades infantiles<\/strong>, pensadas para que los m\u00e1s peque\u00f1os se diviertan mientras los adultos descansan.<\/p>\n<p><a href=\"https:\/\/www.campingverneda.com\/blog\/2025\/05\/06\/reserv\/verneda-camping-acampada-3\/\" rel=\"attachment wp-att-5282\"><img decoding=\"async\" loading=\"lazy\" class=\"alignnone wp-image-5282\" src=\"http:\/\/www.campingverneda.com\/blog\/wp-content\/uploads\/2025\/05\/verneda-camping-acampada-2.png\" alt=\"Zona de camping de verneda camping\" width=\"1812\" height=\"755\" srcset=\"https:\/\/www.campingverneda.com\/blog\/wp-content\/uploads\/2025\/05\/verneda-camping-acampada-2-200x83.png 200w, https:\/\/www.campingverneda.com\/blog\/wp-content\/uploads\/2025\/05\/verneda-camping-acampada-2-300x125.png 300w, https:\/\/www.campingverneda.com\/blog\/wp-content\/uploads\/2025\/05\/verneda-camping-acampada-2-400x167.png 400w, https:\/\/www.campingverneda.com\/blog\/wp-content\/uploads\/2025\/05\/verneda-camping-acampada-2-600x250.png 600w, https:\/\/www.campingverneda.com\/blog\/wp-content\/uploads\/2025\/05\/verneda-camping-acampada-2-768x320.png 768w, https:\/\/www.campingverneda.com\/blog\/wp-content\/uploads\/2025\/05\/verneda-camping-acampada-2-800x333.png 800w, https:\/\/www.campingverneda.com\/blog\/wp-content\/uploads\/2025\/05\/verneda-camping-acampada-2.png 960w\" sizes=\"(max-width: 1812px) 100vw, 1812px\" \/><\/a><\/p>\n<h3><strong>Beneficios de reservar ahora<\/strong><\/h3>\n<p>&#8211; <strong>Disponibilidad asegurada<\/strong>: Evita quedarte sin plaza en tu tipo de alojamiento preferido.<br \/>\n&#8211; <strong>Mejores opciones<\/strong>: Elige tu parcela o bungalow ideal antes de que se agoten.<br \/>\n&#8211; <strong>Organizaci\u00f3n sin estr\u00e9s<\/strong>: Planifica con tiempo y disfruta de un verano sin preocupaciones.<\/p>\n<p>No te quedes sin tu plaza: reserva ya<\/p>\n<p>Si quieres disfrutar del mejor camping en el <strong>Val d&#8217;Aran, reserva ahora y prep\u00e1rate para un verano inolvidable en Verneda Camping Mountain Resort<\/strong>.<\/p>\n","protected":false},"excerpt":{"rendered":"<p>El verano est\u00e1 a la vuelta de la esquina y si quieres asegurarte un lugar en plena naturaleza, ahora es el momento perfecto para reservar [&hellip;]<\/p>\n","protected":false},"author":1,"featured_media":3186,"comment_status":"open","ping_status":"open","sticky":false,"template":"","format":"standard","meta":[],"categories":[795,72],"tags":[1552,1945,1317,1944,1153,1934,1887,51,11,1943,818],"_links":{"self":[{"href":"https:\/\/www.campingverneda.com\/blog\/wp-json\/wp\/v2\/posts\/5280"}],"collection":[{"href":"https:\/\/www.campingverneda.com\/blog\/wp-json\/wp\/v2\/posts"}],"about":[{"href":"https:\/\/www.campingverneda.com\/blog\/wp-json\/wp\/v2\/types\/post"}],"author":[{"embeddable":true,"href":"https:\/\/www.campingverneda.com\/blog\/wp-json\/wp\/v2\/users\/1"}],"replies":[{"embeddable":true,"href":"https:\/\/www.campingverneda.com\/blog\/wp-json\/wp\/v2\/comments?post=5280"}],"version-history":[{"count":3,"href":"https:\/\/www.campingverneda.com\/blog\/wp-json\/wp\/v2\/posts\/5280\/revisions"}],"predecessor-version":[{"id":5285,"href":"https:\/\/www.campingverneda.com\/blog\/wp-json\/wp\/v2\/posts\/5280\/revisions\/5285"}],"wp:featuredmedia":[{"embeddable":true,"href":"https:\/\/www.campingverneda.com\/blog\/wp-json\/wp\/v2\/media\/3186"}],"wp:attachment":[{"href":"https:\/\/www.campingverneda.com\/blog\/wp-json\/wp\/v2\/media?parent=5280"}],"wp:term":[{"taxonomy":"category","embeddable":true,"href":"https:\/\/www.campingverneda.com\/blog\/wp-json\/wp\/v2\/categories?post=5280"},{"taxonomy":"post_tag","embeddable":true,"href":"https:\/\/www.campingverneda.com\/blog\/wp-json\/wp\/v2\/tags?post=5280"}],"curies":[{"name":"wp","href":"https:\/\/api.w.org\/{rel}","templated":true}]}}