{"id":5274,"date":"2025-05-06T13:49:42","date_gmt":"2025-05-06T13:49:42","guid":{"rendered":"https:\/\/www.campingverneda.com\/blog\/?p=5274"},"modified":"2025-05-06T13:50:07","modified_gmt":"2025-05-06T13:50:07","slug":"aventura-val-daran","status":"publish","type":"post","link":"https:\/\/www.campingverneda.com\/blog\/2025\/05\/06\/aventura-val-daran\/","title":{"rendered":"Primavera en la Val d&#8217;Aran: Naturaleza, aventura y relax"},"content":{"rendered":"<p>La primavera transforma el Val d&#8217;Aran en un destino ideal para los que buscan naturaleza,\u00a0 aventura y relax. Con la llegada del buen tiempo, los paisajes se llenan de color y las actividades al aire libre se multiplican. Desde senderismo y rutas en bicicleta hasta experiencias culturales y gastron\u00f3micas, el Val d&#8217;Aran ofrece planes para todos los gustos. Y si buscas un alojamiento en plena naturaleza, <a href=\"https:\/\/www.instagram.com\/vida.verneda\/\" target=\"_blank\" rel=\"noopener\"><strong>Verneda Camping Mountain Resort<\/strong> <\/a>es la base perfecta para tu escapada primaveral.<\/p>\n<p><a href=\"https:\/\/www.campingverneda.com\/blog\/2025\/05\/06\/aventura-val-daran\/verneda-camping-2\/\" rel=\"attachment wp-att-5275\"><img decoding=\"async\" loading=\"lazy\" class=\"alignnone wp-image-5275\" src=\"http:\/\/www.campingverneda.com\/blog\/wp-content\/uploads\/2025\/05\/verneda-camping.png\" alt=\"senderismo desde verneda camping mountain resort\" width=\"1790\" height=\"746\" srcset=\"https:\/\/www.campingverneda.com\/blog\/wp-content\/uploads\/2025\/05\/verneda-camping-200x83.png 200w, https:\/\/www.campingverneda.com\/blog\/wp-content\/uploads\/2025\/05\/verneda-camping-300x125.png 300w, https:\/\/www.campingverneda.com\/blog\/wp-content\/uploads\/2025\/05\/verneda-camping-400x167.png 400w, https:\/\/www.campingverneda.com\/blog\/wp-content\/uploads\/2025\/05\/verneda-camping-600x250.png 600w, https:\/\/www.campingverneda.com\/blog\/wp-content\/uploads\/2025\/05\/verneda-camping-768x320.png 768w, https:\/\/www.campingverneda.com\/blog\/wp-content\/uploads\/2025\/05\/verneda-camping-800x333.png 800w, https:\/\/www.campingverneda.com\/blog\/wp-content\/uploads\/2025\/05\/verneda-camping.png 960w\" sizes=\"(max-width: 1790px) 100vw, 1790px\" \/><\/a><\/p>\n<h3><strong>Senderismo y rutas en la naturaleza<\/strong><\/h3>\n<p>La primavera es la mejor \u00e9poca para explorar los senderos del Val d&#8217;Aran. Algunas rutas imprescindibles incluyen:<br \/>\n&#8211; <strong>Un paseo por el coraz\u00f3n del valle de Toran<\/strong>: Un valle que se caracteriza por la tranquilidad de sus bosques, sus caminos y sus peque\u00f1os n\u00facleos de poblaci\u00f3n, y que esconde un importante pasado minero cuyos vestigios salpican el paisaje desde la cabecera hasta el fondo del valle.<br \/>\n&#8211; <strong>Seguir el curso del r\u00edo Garona atravesando los pueblos del Naut Aran<\/strong>: Un recorrido de baja dificultad pero de 8km a trav\u00e9s de los pueblos de Arties, Gessa y Gar\u00f3s, <a href=\"https:\/\/www.visitvaldaran.com\/item\/orillas-del-garona-pueblos-del-naut-aran\/\" target=\"_blank\" rel=\"noopener\">Puedes ver la ruta detallada aqu\u00ed<\/a>.<br \/>\n&#8211;<strong> Bosque de Carlac<\/strong>: Perfecto para los amantes de los bosques centenarios y la tranquilidad.<\/p>\n<p><a href=\"https:\/\/www.campingverneda.com\/blog\/2025\/05\/06\/aventura-val-daran\/verneda-camping-camper-2\/\" rel=\"attachment wp-att-5276\"><img decoding=\"async\" loading=\"lazy\" class=\"alignnone wp-image-5276\" src=\"http:\/\/www.campingverneda.com\/blog\/wp-content\/uploads\/2025\/05\/verneda-camping-camper-1.png\" alt=\"Salida en BTT en la Val d'Aran\" width=\"1810\" height=\"754\" srcset=\"https:\/\/www.campingverneda.com\/blog\/wp-content\/uploads\/2025\/05\/verneda-camping-camper-1-200x83.png 200w, https:\/\/www.campingverneda.com\/blog\/wp-content\/uploads\/2025\/05\/verneda-camping-camper-1-300x125.png 300w, https:\/\/www.campingverneda.com\/blog\/wp-content\/uploads\/2025\/05\/verneda-camping-camper-1-400x167.png 400w, https:\/\/www.campingverneda.com\/blog\/wp-content\/uploads\/2025\/05\/verneda-camping-camper-1-600x250.png 600w, https:\/\/www.campingverneda.com\/blog\/wp-content\/uploads\/2025\/05\/verneda-camping-camper-1-768x320.png 768w, https:\/\/www.campingverneda.com\/blog\/wp-content\/uploads\/2025\/05\/verneda-camping-camper-1-800x333.png 800w, https:\/\/www.campingverneda.com\/blog\/wp-content\/uploads\/2025\/05\/verneda-camping-camper-1.png 960w\" sizes=\"(max-width: 1810px) 100vw, 1810px\" \/><\/a><\/p>\n<h3><strong>Rutas en bicicleta y BTT<\/strong><\/h3>\n<p>El deshielo primaveral permite disfrutar de rutas en bicicleta por el Val d&#8217;Aran. Desde recorridos familiares hasta rutas exigentes para ciclistas experimentados, algunas opciones recomendadas son:<br \/>\n&#8211; <strong>Camin Reiau<\/strong>: Un recorrido suave ideal para disfrutar del paisaje sin demasiado esfuerzo.<br \/>\n&#8211; <strong>Bassa d&#8217;Oles en BTT<\/strong>: Un circuito con vistas impresionantes y un entorno natural \u00fanico.<br \/>\n&#8211;<strong> Enduro y descenso<\/strong>: Para los m\u00e1s atrevidos, la Val d\u2019Aran ofrece rutas t\u00e9cnicas perfectas para los aficionados a la adrenalina.<\/p>\n<p><a href=\"https:\/\/www.campingverneda.com\/blog\/2025\/05\/06\/aventura-val-daran\/verneda-camping-acampada-2\/\" rel=\"attachment wp-att-5277\"><img decoding=\"async\" loading=\"lazy\" class=\"alignnone wp-image-5277\" src=\"http:\/\/www.campingverneda.com\/blog\/wp-content\/uploads\/2025\/05\/verneda-camping-acampada-1.png\" alt=\"Montgarri en la val d'Aran un indispensable\" width=\"1802\" height=\"751\" srcset=\"https:\/\/www.campingverneda.com\/blog\/wp-content\/uploads\/2025\/05\/verneda-camping-acampada-1-200x83.png 200w, https:\/\/www.campingverneda.com\/blog\/wp-content\/uploads\/2025\/05\/verneda-camping-acampada-1-300x125.png 300w, https:\/\/www.campingverneda.com\/blog\/wp-content\/uploads\/2025\/05\/verneda-camping-acampada-1-400x167.png 400w, https:\/\/www.campingverneda.com\/blog\/wp-content\/uploads\/2025\/05\/verneda-camping-acampada-1-600x250.png 600w, https:\/\/www.campingverneda.com\/blog\/wp-content\/uploads\/2025\/05\/verneda-camping-acampada-1-768x320.png 768w, https:\/\/www.campingverneda.com\/blog\/wp-content\/uploads\/2025\/05\/verneda-camping-acampada-1-800x333.png 800w, https:\/\/www.campingverneda.com\/blog\/wp-content\/uploads\/2025\/05\/verneda-camping-acampada-1.png 960w\" sizes=\"(max-width: 1802px) 100vw, 1802px\" \/><\/a><\/p>\n<h3><strong>Actividades culturales y gastron\u00f3micas<\/strong><\/h3>\n<p>La primavera tambi\u00e9n es una gran \u00e9poca para descubrir la historia y la cultura del Val d&#8217;Aran:<br \/>\n&#8211; <strong>Visitar el casco antiguo de Vielha<\/strong> y sus calles empedradas.<br \/>\n&#8211; <strong>Explorar el patrimonio rom\u00e1nico<\/strong>, con iglesias y construcciones mayormente rom\u00e1nicas.<br \/>\n&#8211; <strong>Disfrutar de la gastronom\u00eda aranesa<\/strong>, con platos como la olla aranesa o quesos locales.<\/p>\n<p><a href=\"https:\/\/www.campingverneda.com\/blog\/2025\/02\/12\/digitalizacion-y-sostenibilidad\/verneda-camping-bungalows-8\/\" rel=\"attachment wp-att-5192\"><img decoding=\"async\" loading=\"lazy\" class=\"alignnone wp-image-5192\" src=\"http:\/\/www.campingverneda.com\/blog\/wp-content\/uploads\/2025\/02\/verneda-camping-bungalows-1.png\" alt=\"\" width=\"1812\" height=\"755\" srcset=\"https:\/\/www.campingverneda.com\/blog\/wp-content\/uploads\/2025\/02\/verneda-camping-bungalows-1-200x83.png 200w, https:\/\/www.campingverneda.com\/blog\/wp-content\/uploads\/2025\/02\/verneda-camping-bungalows-1-300x125.png 300w, https:\/\/www.campingverneda.com\/blog\/wp-content\/uploads\/2025\/02\/verneda-camping-bungalows-1-400x167.png 400w, https:\/\/www.campingverneda.com\/blog\/wp-content\/uploads\/2025\/02\/verneda-camping-bungalows-1-600x250.png 600w, https:\/\/www.campingverneda.com\/blog\/wp-content\/uploads\/2025\/02\/verneda-camping-bungalows-1-768x320.png 768w, https:\/\/www.campingverneda.com\/blog\/wp-content\/uploads\/2025\/02\/verneda-camping-bungalows-1-800x333.png 800w, https:\/\/www.campingverneda.com\/blog\/wp-content\/uploads\/2025\/02\/verneda-camping-bungalows-1.png 960w\" sizes=\"(max-width: 1812px) 100vw, 1812px\" \/><\/a><\/p>\n<h3><strong>Alojarse en plena naturaleza en Verneda Camping Mountain Resort<\/strong><\/h3>\n<p>Para disfrutar al m\u00e1ximo de la primavera en el Val d&#8217;Aran, <a href=\"https:\/\/www.campingverneda.com\/\" target=\"_blank\" rel=\"noopener\"><strong>Verneda Camping Mountain Resort<\/strong><\/a> te ofrece un entorno natural privilegiado. Con opciones de alojamiento en <strong>bungalows, parcelas para furgonetas y zona de acampada,<\/strong> adem\u00e1s de ser <strong>pet-friendly<\/strong>, es el lugar perfecto para conectar con la naturaleza.<\/p>\n<p>\u00a1Ven a vivir la primavera en el Val d&#8217;Aran y descubre todo lo que este para\u00edso tiene para ofrecerte!<\/p>\n","protected":false},"excerpt":{"rendered":"<p>La primavera transforma el Val d&#8217;Aran en un destino ideal para los que buscan naturaleza,\u00a0 aventura y relax. Con la llegada del buen tiempo, los [&hellip;]<\/p>\n","protected":false},"author":1,"featured_media":2358,"comment_status":"open","ping_status":"open","sticky":false,"template":"","format":"standard","meta":[],"categories":[1],"tags":[1924,91,11,1939,1941,1940,1942,818],"_links":{"self":[{"href":"https:\/\/www.campingverneda.com\/blog\/wp-json\/wp\/v2\/posts\/5274"}],"collection":[{"href":"https:\/\/www.campingverneda.com\/blog\/wp-json\/wp\/v2\/posts"}],"about":[{"href":"https:\/\/www.campingverneda.com\/blog\/wp-json\/wp\/v2\/types\/post"}],"author":[{"embeddable":true,"href":"https:\/\/www.campingverneda.com\/blog\/wp-json\/wp\/v2\/users\/1"}],"replies":[{"embeddable":true,"href":"https:\/\/www.campingverneda.com\/blog\/wp-json\/wp\/v2\/comments?post=5274"}],"version-history":[{"count":2,"href":"https:\/\/www.campingverneda.com\/blog\/wp-json\/wp\/v2\/posts\/5274\/revisions"}],"predecessor-version":[{"id":5279,"href":"https:\/\/www.campingverneda.com\/blog\/wp-json\/wp\/v2\/posts\/5274\/revisions\/5279"}],"wp:featuredmedia":[{"embeddable":true,"href":"https:\/\/www.campingverneda.com\/blog\/wp-json\/wp\/v2\/media\/2358"}],"wp:attachment":[{"href":"https:\/\/www.campingverneda.com\/blog\/wp-json\/wp\/v2\/media?parent=5274"}],"wp:term":[{"taxonomy":"category","embeddable":true,"href":"https:\/\/www.campingverneda.com\/blog\/wp-json\/wp\/v2\/categories?post=5274"},{"taxonomy":"post_tag","embeddable":true,"href":"https:\/\/www.campingverneda.com\/blog\/wp-json\/wp\/v2\/tags?post=5274"}],"curies":[{"name":"wp","href":"https:\/\/api.w.org\/{rel}","templated":true}]}}