{"id":5268,"date":"2025-05-01T07:36:24","date_gmt":"2025-05-01T07:36:24","guid":{"rendered":"https:\/\/www.campingverneda.com\/blog\/?p=5268"},"modified":"2025-05-01T14:38:46","modified_gmt":"2025-05-01T14:38:46","slug":"furgonetas-sleep-go-en-verneda-camping-mountain-resort","status":"publish","type":"post","link":"https:\/\/www.campingverneda.com\/blog\/2025\/05\/01\/furgonetas-sleep-go-en-verneda-camping-mountain-resort\/","title":{"rendered":"Furgonetas Sleep &#038; Go en Verneda Camping Mountain Resort"},"content":{"rendered":"<p>Si eres un amante de la vida sobre ruedas, en <strong>Verneda Camping Mountain Resort<\/strong> encontrar\u00e1s el espacio ideal para tu furgoneta o autocaravana. Nuestra comunidad <a href=\"https:\/\/www.campingverneda.com\/sleep-go\" target=\"_blank\" rel=\"noopener\">Sleep &amp; Go<\/a> est\u00e1 pensada para campistas\u00a0 y furgonetas que buscan comodidad, naturaleza y un ambiente acogedor donde compartir experiencias con otros viajeros. Descubre c\u00f3mo funcionan nuestras parcelas, qu\u00e9 requisitos necesitas y las ventajas de alojarte en furgoneta en comparaci\u00f3n con un bungalow.<\/p>\n<div id=\"attachment_5269\" style=\"width: 1333px\" class=\"wp-caption alignnone\"><a href=\"https:\/\/www.campingverneda.com\/blog\/2025\/05\/01\/furgonetas-sleep-go-en-verneda-camping-mountain-resort\/verneda-camping-acampada\/\" rel=\"attachment wp-att-5269\"><img aria-describedby=\"caption-attachment-5269\" decoding=\"async\" loading=\"lazy\" class=\" wp-image-5269\" src=\"http:\/\/www.campingverneda.com\/blog\/wp-content\/uploads\/2025\/05\/verneda-camping-acampada.png\" alt=\"viajar en furgo\" width=\"1323\" height=\"551\" srcset=\"https:\/\/www.campingverneda.com\/blog\/wp-content\/uploads\/2025\/05\/verneda-camping-acampada-200x83.png 200w, https:\/\/www.campingverneda.com\/blog\/wp-content\/uploads\/2025\/05\/verneda-camping-acampada-300x125.png 300w, https:\/\/www.campingverneda.com\/blog\/wp-content\/uploads\/2025\/05\/verneda-camping-acampada-400x167.png 400w, https:\/\/www.campingverneda.com\/blog\/wp-content\/uploads\/2025\/05\/verneda-camping-acampada-600x250.png 600w, https:\/\/www.campingverneda.com\/blog\/wp-content\/uploads\/2025\/05\/verneda-camping-acampada-768x320.png 768w, https:\/\/www.campingverneda.com\/blog\/wp-content\/uploads\/2025\/05\/verneda-camping-acampada-800x333.png 800w, https:\/\/www.campingverneda.com\/blog\/wp-content\/uploads\/2025\/05\/verneda-camping-acampada.png 960w\" sizes=\"(max-width: 1323px) 100vw, 1323px\" \/><\/a><p id=\"caption-attachment-5269\" class=\"wp-caption-text\">Camper en Camping Verneda<\/p><\/div>\n<h3><strong>Zona de acampada y parcelas para furgonetas y autocaravanas<\/strong><\/h3>\n<p>En <a href=\"https:\/\/www.campingverneda.com\/camping\" target=\"_blank\" rel=\"noopener\">Verneda Camping Mountain Resort<\/a> disponemos de parcelas amplias y acondicionadas para furgonetas y autocaravanas, ofreciendo los siguientes servicios:<br \/>\n&#8211; Conexi\u00f3n el\u00e9ctrica para mayor comodidad.<br \/>\n&#8211; Acceso a sanitarios modernos con duchas de agua caliente.<br \/>\n&#8211; Zona de vaciado y llenado de aguas para autocaravanas.<br \/>\n&#8211; \u00c1rea de picnic y barbacoa para disfrutar de comidas al aire libre.<br \/>\n&#8211; WiFi gratuito en las zonas comunes.<\/p>\n<p>Ubicadas en un entorno natural privilegiado, nuestras parcelas permiten vivir la esencia del camping con todas las facilidades para que disfrutes de una estancia agradable y sin preocupaciones.<\/p>\n<h3><strong>\u00bfC\u00f3mo funciona Sleep &amp; Go?<\/strong><\/h3>\n<p>El concepto Sleep &amp; Go est\u00e1 dise\u00f1ado para viajeros que desean pernoctar s\u00f3lo una noche para seguir con su ruta la ma\u00f1ana siguiente.<br \/>\nEsta <strong>tarifa de pernocta<\/strong> est\u00e1 dise\u00f1ada para que, todos los trotamundos que aparquen en Camping Verneda, puedan exprimir cada kil\u00f3metro despu\u00e9s de tener un <strong>pl\u00e1cido descanso<\/strong>.<\/p>\n<p>Porque tras unos d\u00edas en ruta, no hay nada mejor que asentarse en una parcela llana, en silencio y con todas las comodidades que un camping puede ofrecer como duchas de agua caliente e incluso los servicios de lavander\u00eda <a href=\"https:\/\/www.campingverneda.com\/servicios\" target=\"_blank\" rel=\"noopener\">entre otros<\/a>.<\/p>\n<h3><strong>\u00bfBungalow o furgoneta? Compara tu mejor opci\u00f3n<\/strong><\/h3>\n<p>Si bien nuestros bungalows ofrecen comodidad con todas las comodidades de un hogar, alojarse en furgoneta o autocaravana tiene ventajas \u00fanicas:<br \/>\n&#8211; <strong>Mayor flexibilidad<\/strong>: puedes moverte con facilidad y cambiar de ubicaci\u00f3n cuando quieras.<br \/>\n&#8211; <strong>Contacto directo con la naturaleza<\/strong>, sin barreras entre t\u00fa y el entorno.<br \/>\n&#8211; <strong>Opciones m\u00e1s econ\u00f3micas<\/strong>: una alternativa m\u00e1s asequible para largas estancias.<\/p>\n<h3><a href=\"https:\/\/www.campingverneda.com\/blog\/2025\/05\/01\/furgonetas-sleep-go-en-verneda-camping-mountain-resort\/verneda-camping-camper\/\" rel=\"attachment wp-att-5270\"><img decoding=\"async\" loading=\"lazy\" class=\"alignnone wp-image-5270\" src=\"http:\/\/www.campingverneda.com\/blog\/wp-content\/uploads\/2025\/05\/verneda-camping-camper.png\" alt=\"\" width=\"1346\" height=\"561\" srcset=\"https:\/\/www.campingverneda.com\/blog\/wp-content\/uploads\/2025\/05\/verneda-camping-camper-200x83.png 200w, https:\/\/www.campingverneda.com\/blog\/wp-content\/uploads\/2025\/05\/verneda-camping-camper-300x125.png 300w, https:\/\/www.campingverneda.com\/blog\/wp-content\/uploads\/2025\/05\/verneda-camping-camper-400x167.png 400w, https:\/\/www.campingverneda.com\/blog\/wp-content\/uploads\/2025\/05\/verneda-camping-camper-600x250.png 600w, https:\/\/www.campingverneda.com\/blog\/wp-content\/uploads\/2025\/05\/verneda-camping-camper-768x320.png 768w, https:\/\/www.campingverneda.com\/blog\/wp-content\/uploads\/2025\/05\/verneda-camping-camper-800x333.png 800w, https:\/\/www.campingverneda.com\/blog\/wp-content\/uploads\/2025\/05\/verneda-camping-camper.png 960w\" sizes=\"(max-width: 1346px) 100vw, 1346px\" \/><\/a><br \/>\n<strong>\u00danete a la comunidad Sleep &amp; Go<\/strong><\/h3>\n<p>Si viajas en furgoneta y buscas un lugar acogedor, <a href=\"https:\/\/www.instagram.com\/vida.verneda\/\" target=\"_blank\" rel=\"noopener\">Verneda Camping Mountain Resort es tu mejor opci\u00f3n<\/a>. Disfruta de la naturaleza, comparte experiencias con otros viajeros y vive la aut\u00e9ntica esencia del camping.<\/p>\n<p><strong>\u00a1Experimenta la libertad del viaje sobre ruedas en el Valle de Ar\u00e1n!<\/strong><\/p>\n","protected":false},"excerpt":{"rendered":"<p>Si eres un amante de la vida sobre ruedas, en Verneda Camping Mountain Resort encontrar\u00e1s el espacio ideal para tu furgoneta o autocaravana. Nuestra comunidad [&hellip;]<\/p>\n","protected":false},"author":1,"featured_media":3281,"comment_status":"open","ping_status":"open","sticky":false,"template":"","format":"standard","meta":[],"categories":[1],"tags":[1938,1924,1934,51,713,11,1937,1933,1936,818,1935],"_links":{"self":[{"href":"https:\/\/www.campingverneda.com\/blog\/wp-json\/wp\/v2\/posts\/5268"}],"collection":[{"href":"https:\/\/www.campingverneda.com\/blog\/wp-json\/wp\/v2\/posts"}],"about":[{"href":"https:\/\/www.campingverneda.com\/blog\/wp-json\/wp\/v2\/types\/post"}],"author":[{"embeddable":true,"href":"https:\/\/www.campingverneda.com\/blog\/wp-json\/wp\/v2\/users\/1"}],"replies":[{"embeddable":true,"href":"https:\/\/www.campingverneda.com\/blog\/wp-json\/wp\/v2\/comments?post=5268"}],"version-history":[{"count":2,"href":"https:\/\/www.campingverneda.com\/blog\/wp-json\/wp\/v2\/posts\/5268\/revisions"}],"predecessor-version":[{"id":5272,"href":"https:\/\/www.campingverneda.com\/blog\/wp-json\/wp\/v2\/posts\/5268\/revisions\/5272"}],"wp:featuredmedia":[{"embeddable":true,"href":"https:\/\/www.campingverneda.com\/blog\/wp-json\/wp\/v2\/media\/3281"}],"wp:attachment":[{"href":"https:\/\/www.campingverneda.com\/blog\/wp-json\/wp\/v2\/media?parent=5268"}],"wp:term":[{"taxonomy":"category","embeddable":true,"href":"https:\/\/www.campingverneda.com\/blog\/wp-json\/wp\/v2\/categories?post=5268"},{"taxonomy":"post_tag","embeddable":true,"href":"https:\/\/www.campingverneda.com\/blog\/wp-json\/wp\/v2\/tags?post=5268"}],"curies":[{"name":"wp","href":"https:\/\/api.w.org\/{rel}","templated":true}]}}