{"id":5248,"date":"2025-04-09T11:43:24","date_gmt":"2025-04-09T11:43:24","guid":{"rendered":"https:\/\/www.campingverneda.com\/blog\/?p=5248"},"modified":"2025-05-31T06:13:40","modified_gmt":"2025-05-31T06:13:40","slug":"empezamos-la-temporada-de-acampada","status":"publish","type":"post","link":"https:\/\/www.campingverneda.com\/blog\/2025\/04\/09\/empezamos-la-temporada-de-acampada\/","title":{"rendered":"\u00a1Empezamos la temporada de acampada!"},"content":{"rendered":"<p>La primavera llega al Valle de Ar\u00e1n y con ella, la esperada apertura de la<strong> zona de acampada de Verneda Camping Mountain Resort que se abrir\u00e1 el pr\u00f3ximo 11 de abril<\/strong>. Rodeado de un entorno natural privilegiado, este camping es el destino ideal para los amantes del aire libre, ofreciendo espacios perfectos tanto para quienes viajan con tienda de campa\u00f1a como para aquellos que prefieren la comodidad de su furgoneta o autocaravana.<\/p>\n<p><a href=\"https:\/\/www.campingverneda.com\/blog\/2025\/04\/09\/empezamos-la-temporada-de-acampada\/verneda-camping-bungalows-2-7\/\" rel=\"attachment wp-att-5249\"><img decoding=\"async\" loading=\"lazy\" class=\"alignnone wp-image-5249\" src=\"http:\/\/www.campingverneda.com\/blog\/wp-content\/uploads\/2025\/04\/verneda-camping-bungalows-2-1.png\" alt=\"camping verneda\" width=\"1795\" height=\"748\" srcset=\"https:\/\/www.campingverneda.com\/blog\/wp-content\/uploads\/2025\/04\/verneda-camping-bungalows-2-1-200x83.png 200w, https:\/\/www.campingverneda.com\/blog\/wp-content\/uploads\/2025\/04\/verneda-camping-bungalows-2-1-300x125.png 300w, https:\/\/www.campingverneda.com\/blog\/wp-content\/uploads\/2025\/04\/verneda-camping-bungalows-2-1-400x167.png 400w, https:\/\/www.campingverneda.com\/blog\/wp-content\/uploads\/2025\/04\/verneda-camping-bungalows-2-1-600x250.png 600w, https:\/\/www.campingverneda.com\/blog\/wp-content\/uploads\/2025\/04\/verneda-camping-bungalows-2-1-768x320.png 768w, https:\/\/www.campingverneda.com\/blog\/wp-content\/uploads\/2025\/04\/verneda-camping-bungalows-2-1-800x333.png 800w, https:\/\/www.campingverneda.com\/blog\/wp-content\/uploads\/2025\/04\/verneda-camping-bungalows-2-1.png 960w\" sizes=\"(max-width: 1795px) 100vw, 1795px\" \/><\/a><\/p>\n<h3><strong>Un para\u00edso para campistas en plena naturaleza<\/strong><\/h3>\n<p>Ubicado en el coraz\u00f3n de los Pirineos, Camping Verneda es el punto de partida perfecto para explorar la belleza del Valle de Ar\u00e1n. Con la llegada de la primavera, los senderos comienzan a llenarse de vida, los r\u00edos fluyen con m\u00e1s fuerza y las monta\u00f1as ofrecen paisajes espectaculares. Aqu\u00ed, puedes desconectar del ritmo diario y disfrutar de la tranquilidad del entorno mientras acampas bajo un cielo estrellado.<\/p>\n<p><a href=\"https:\/\/www.campingverneda.com\/blog\/2025\/04\/09\/empezamos-la-temporada-de-acampada\/verneda-camping\/\" rel=\"attachment wp-att-5250\"><img decoding=\"async\" loading=\"lazy\" class=\"alignnone wp-image-5250\" src=\"http:\/\/www.campingverneda.com\/blog\/wp-content\/uploads\/2025\/04\/verneda-camping.png\" alt=\"Zona de acampada en Camping Verneda\" width=\"1845\" height=\"769\" srcset=\"https:\/\/www.campingverneda.com\/blog\/wp-content\/uploads\/2025\/04\/verneda-camping-200x83.png 200w, https:\/\/www.campingverneda.com\/blog\/wp-content\/uploads\/2025\/04\/verneda-camping-300x125.png 300w, https:\/\/www.campingverneda.com\/blog\/wp-content\/uploads\/2025\/04\/verneda-camping-400x167.png 400w, https:\/\/www.campingverneda.com\/blog\/wp-content\/uploads\/2025\/04\/verneda-camping-600x250.png 600w, https:\/\/www.campingverneda.com\/blog\/wp-content\/uploads\/2025\/04\/verneda-camping-768x320.png 768w, https:\/\/www.campingverneda.com\/blog\/wp-content\/uploads\/2025\/04\/verneda-camping-800x333.png 800w, https:\/\/www.campingverneda.com\/blog\/wp-content\/uploads\/2025\/04\/verneda-camping.png 960w\" sizes=\"(max-width: 1845px) 100vw, 1845px\" \/><\/a><\/p>\n<h3><strong>Parcelas para tiendas, furgonetas y autocaravanas<\/strong><\/h3>\n<p>La zona de acampada de Verneda cuenta con amplias parcelas dise\u00f1adas para adaptarse a diferentes tipos de viajeros:<br \/>\n<strong>&#8211; Parcelas para tiendas de campa\u00f1a<\/strong>: Espacios rodeados de \u00e1rboles y naturaleza, ideales para quienes buscan una experiencia aut\u00e9ntica de camping.<br \/>\n<strong>&#8211; Parcelas para furgonetas y autocaravanas:<\/strong> Con tomas de electricidad y f\u00e1cil acceso, estas parcelas ofrecen la combinaci\u00f3n perfecta entre espacio y comodidad.<\/p>\n<p>Adem\u00e1s, el camping dispone de modernos bloques de sanitarios con agua caliente, servicio de lavander\u00eda, zona de picnic y una peque\u00f1a tienda con productos b\u00e1sicos para que no te falte nada durante tu estancia.<\/p>\n<h3><strong>Tu mascota es bienvenida<\/strong><\/h3>\n<p>Si viajas con tu compa\u00f1ero de cuatro patas, \u00a1est\u00e1s de enhorabuena! En Verneda Camping Mountain Resort <strong>los perros y gatos son bienvenidos (y tambi\u00e9n otros animales)<\/strong>. Aqu\u00ed podr\u00e1n disfrutar de la naturaleza junto a ti, con amplios espacios para pasear y respirar aire puro.<\/p>\n<h3><a href=\"https:\/\/www.campingverneda.com\/blog\/2025\/04\/09\/empezamos-la-temporada-de-acampada\/verneda-camping-bungalows-17\/\" rel=\"attachment wp-att-5251\"><img decoding=\"async\" loading=\"lazy\" class=\"alignnone wp-image-5251\" src=\"http:\/\/www.campingverneda.com\/blog\/wp-content\/uploads\/2025\/04\/verneda-camping-bungalows-1.png\" alt=\"\" width=\"1728\" height=\"720\" srcset=\"https:\/\/www.campingverneda.com\/blog\/wp-content\/uploads\/2025\/04\/verneda-camping-bungalows-1-200x83.png 200w, https:\/\/www.campingverneda.com\/blog\/wp-content\/uploads\/2025\/04\/verneda-camping-bungalows-1-300x125.png 300w, https:\/\/www.campingverneda.com\/blog\/wp-content\/uploads\/2025\/04\/verneda-camping-bungalows-1-400x167.png 400w, https:\/\/www.campingverneda.com\/blog\/wp-content\/uploads\/2025\/04\/verneda-camping-bungalows-1-600x250.png 600w, https:\/\/www.campingverneda.com\/blog\/wp-content\/uploads\/2025\/04\/verneda-camping-bungalows-1-768x320.png 768w, https:\/\/www.campingverneda.com\/blog\/wp-content\/uploads\/2025\/04\/verneda-camping-bungalows-1-800x333.png 800w, https:\/\/www.campingverneda.com\/blog\/wp-content\/uploads\/2025\/04\/verneda-camping-bungalows-1.png 960w\" sizes=\"(max-width: 1728px) 100vw, 1728px\" \/><\/a><br \/>\n<strong>Reserva tu parcela y disfruta de la primavera en el Valle de Ar\u00e1n<\/strong><\/h3>\n<p>La primavera es el momento perfecto para descubrir la magia del camping en los Pirineos. Ya sea en tienda, furgoneta o autocaravana, en <a href=\"https:\/\/www.instagram.com\/vida.verneda\/\" target=\"_blank\" rel=\"noopener\">Verneda Camping Mountain Resort<\/a> encontrar\u00e1s el lugar ideal para disfrutar de la monta\u00f1a con total comodidad.<\/p>\n<p>\u00a1No esperes m\u00e1s y <a href=\"https:\/\/www.campingverneda.com\/\" target=\"_blank\" rel=\"noopener\">reserva tu parcela ahora<\/a>! Vive una experiencia \u00fanica en plena naturaleza con todas las comodidades que necesitas.<\/p>\n","protected":false},"excerpt":{"rendered":"<p>La primavera llega al Valle de Ar\u00e1n y con ella, la esperada apertura de la zona de acampada de Verneda Camping Mountain Resort que se [&hellip;]<\/p>\n","protected":false},"author":1,"featured_media":4422,"comment_status":"open","ping_status":"open","sticky":false,"template":"","format":"standard","meta":[],"categories":[1],"tags":[1922,1437,1325,1921,1924,91,1777,1925,1923,818],"_links":{"self":[{"href":"https:\/\/www.campingverneda.com\/blog\/wp-json\/wp\/v2\/posts\/5248"}],"collection":[{"href":"https:\/\/www.campingverneda.com\/blog\/wp-json\/wp\/v2\/posts"}],"about":[{"href":"https:\/\/www.campingverneda.com\/blog\/wp-json\/wp\/v2\/types\/post"}],"author":[{"embeddable":true,"href":"https:\/\/www.campingverneda.com\/blog\/wp-json\/wp\/v2\/users\/1"}],"replies":[{"embeddable":true,"href":"https:\/\/www.campingverneda.com\/blog\/wp-json\/wp\/v2\/comments?post=5248"}],"version-history":[{"count":2,"href":"https:\/\/www.campingverneda.com\/blog\/wp-json\/wp\/v2\/posts\/5248\/revisions"}],"predecessor-version":[{"id":5253,"href":"https:\/\/www.campingverneda.com\/blog\/wp-json\/wp\/v2\/posts\/5248\/revisions\/5253"}],"wp:featuredmedia":[{"embeddable":true,"href":"https:\/\/www.campingverneda.com\/blog\/wp-json\/wp\/v2\/media\/4422"}],"wp:attachment":[{"href":"https:\/\/www.campingverneda.com\/blog\/wp-json\/wp\/v2\/media?parent=5248"}],"wp:term":[{"taxonomy":"category","embeddable":true,"href":"https:\/\/www.campingverneda.com\/blog\/wp-json\/wp\/v2\/categories?post=5248"},{"taxonomy":"post_tag","embeddable":true,"href":"https:\/\/www.campingverneda.com\/blog\/wp-json\/wp\/v2\/tags?post=5248"}],"curies":[{"name":"wp","href":"https:\/\/api.w.org\/{rel}","templated":true}]}}