{"id":5234,"date":"2025-03-31T11:18:40","date_gmt":"2025-03-31T11:18:40","guid":{"rendered":"https:\/\/www.campingverneda.com\/blog\/?p=5234"},"modified":"2025-03-31T11:19:19","modified_gmt":"2025-03-31T11:19:19","slug":"9-planes-primavera","status":"publish","type":"post","link":"https:\/\/www.campingverneda.com\/blog\/2025\/03\/31\/9-planes-primavera\/","title":{"rendered":"9 planes para disfrutar de la primavera en la Val d&#8217;Aran"},"content":{"rendered":"<p>La Val d&#8217;Aran, enclavada en el coraz\u00f3n de los Pirineos, se transforma en primavera en un destino vibrante que combina naturaleza, aventura, cultura y gastronom\u00eda. A continuaci\u00f3n, te presentamos una gu\u00eda ampliada con actividades imprescindibles para disfrutar al m\u00e1ximo de esta temporada en la regi\u00f3n.<\/p>\n<p><a href=\"https:\/\/www.campingverneda.com\/blog\/2025\/03\/31\/9-planes-primavera\/verneda-camping-bungalows-2-5\/\" rel=\"attachment wp-att-5237\"><img decoding=\"async\" loading=\"lazy\" class=\"alignnone wp-image-5237\" src=\"http:\/\/www.campingverneda.com\/blog\/wp-content\/uploads\/2025\/03\/verneda-camping-bungalows-2-2.png\" alt=\"primavera en Aran\" width=\"1567\" height=\"653\" srcset=\"https:\/\/www.campingverneda.com\/blog\/wp-content\/uploads\/2025\/03\/verneda-camping-bungalows-2-2-200x83.png 200w, https:\/\/www.campingverneda.com\/blog\/wp-content\/uploads\/2025\/03\/verneda-camping-bungalows-2-2-300x125.png 300w, https:\/\/www.campingverneda.com\/blog\/wp-content\/uploads\/2025\/03\/verneda-camping-bungalows-2-2-400x167.png 400w, https:\/\/www.campingverneda.com\/blog\/wp-content\/uploads\/2025\/03\/verneda-camping-bungalows-2-2-600x250.png 600w, https:\/\/www.campingverneda.com\/blog\/wp-content\/uploads\/2025\/03\/verneda-camping-bungalows-2-2-768x320.png 768w, https:\/\/www.campingverneda.com\/blog\/wp-content\/uploads\/2025\/03\/verneda-camping-bungalows-2-2-800x333.png 800w, https:\/\/www.campingverneda.com\/blog\/wp-content\/uploads\/2025\/03\/verneda-camping-bungalows-2-2.png 960w\" sizes=\"(max-width: 1567px) 100vw, 1567px\" \/><\/a><\/p>\n<p><strong>1. Maravillarse con las cascadas en su m\u00e1ximo esplendor<\/strong><br \/>\nLa <a href=\"https:\/\/www.campingverneda.com\/entorno\" target=\"_blank\" rel=\"noopener\">primavera<\/a> intensifica el caudal de las cascadas debido al deshielo. Destacan los Uelhs deth Jo\u00e8u en la Artiga de Lin, el Saut deth Pish en la Val de Varrad\u00f2s y la cascada de Moli\u00e8res. Estos saltos de agua ofrecen un espect\u00e1culo natural impresionante, ideal para los amantes de la fotograf\u00eda y la naturaleza.<\/p>\n<p><strong>2. Aventurarse en deportes acu\u00e1ticos en el r\u00edo Garona<\/strong><br \/>\nEl deshielo tambi\u00e9n aumenta el caudal del r\u00edo Garona, creando condiciones \u00f3ptimas para deportes de aventura como el rafting y el kayak. Empresas locales ofrecen experiencias guiadas que garantizan adrenalina y seguridad en entornos naturales \u00fanicos.<\/p>\n<p><strong>3. Explorar la fauna aut\u00f3ctona en Aran Park<\/strong><br \/>\nSituado cerca de Boss\u00f2st, Aran Park permite caminar entre lobos, osos, ciervos, linces y otras especies aut\u00f3ctonas en semi-libertad. Es una oportunidad educativa y entretenida para todas las edades, que fomenta el respeto por la biodiversidad local.<\/p>\n<p><a href=\"https:\/\/www.campingverneda.com\/blog\/2025\/03\/31\/9-planes-primavera\/verneda-camping-bungalows-3-2\/\" rel=\"attachment wp-att-5235\"><img decoding=\"async\" loading=\"lazy\" class=\"alignnone wp-image-5235\" src=\"http:\/\/www.campingverneda.com\/blog\/wp-content\/uploads\/2025\/03\/verneda-camping-bungalows-3-1.png\" alt=\"senderismo en la val d'aran\" width=\"1579\" height=\"658\" srcset=\"https:\/\/www.campingverneda.com\/blog\/wp-content\/uploads\/2025\/03\/verneda-camping-bungalows-3-1-200x83.png 200w, https:\/\/www.campingverneda.com\/blog\/wp-content\/uploads\/2025\/03\/verneda-camping-bungalows-3-1-300x125.png 300w, https:\/\/www.campingverneda.com\/blog\/wp-content\/uploads\/2025\/03\/verneda-camping-bungalows-3-1-400x167.png 400w, https:\/\/www.campingverneda.com\/blog\/wp-content\/uploads\/2025\/03\/verneda-camping-bungalows-3-1-600x250.png 600w, https:\/\/www.campingverneda.com\/blog\/wp-content\/uploads\/2025\/03\/verneda-camping-bungalows-3-1-768x320.png 768w, https:\/\/www.campingverneda.com\/blog\/wp-content\/uploads\/2025\/03\/verneda-camping-bungalows-3-1-800x333.png 800w, https:\/\/www.campingverneda.com\/blog\/wp-content\/uploads\/2025\/03\/verneda-camping-bungalows-3-1.png 960w\" sizes=\"(max-width: 1579px) 100vw, 1579px\" \/><\/a><\/p>\n<p><strong>4. Recorrer en bicicleta pueblos con encanto<\/strong><br \/>\nPueblos como Bordius, Montgarri, Bausen y la Val de Toran ofrecen rutas ciclistas que combinan ejercicio y descubrimiento cultural. Estos enclaves, ricos en historia y tradici\u00f3n, brindan una visi\u00f3n aut\u00e9ntica de la vida en la Val d&#8217;Aran.<\/p>\n<p><strong>5. Senderismo en parajes de ensue\u00f1o<\/strong><br \/>\nRutas como el circo lacustre de Colom\u00e8rs, el Estanh de Mar y el Estanh Obago, situadas en las inmediaciones del Parque Nacional de Aig\u00fcestortes i Estany de Sant Maurici, ofrecen senderos se\u00f1alizados para todos los niveles. Estos itinerarios permiten descubrir lagos glaciares y paisajes de alta monta\u00f1a de inigualable belleza.<\/p>\n<p><strong>6. Ascender a cimas emblem\u00e1ticas<\/strong><br \/>\nPara los monta\u00f1istas m\u00e1s experimentados, ascensiones al Besiberri N\u00f2rd, Montardo o Moli\u00e8res, que superan los 3.000 metros, ofrecen vistas panor\u00e1micas espectaculares y la satisfacci\u00f3n de conquistar algunas de las cumbres m\u00e1s ic\u00f3nicas de los Pirineos.<\/p>\n<p><strong>7. Disfrutar de aventuras en el parque NaturAran<\/strong><br \/>\nUbicado en Les, NaturAran es un parque de aventura que ofrece actividades como tirolinas, puentes tibetanos y roc\u00f3dromos. Es una opci\u00f3n perfecta para familias y grupos que buscan emociones en un entorno seguro y natural.<\/p>\n<p><a href=\"https:\/\/www.campingverneda.com\/blog\/2025\/03\/31\/9-planes-primavera\/verneda-camping-bungalows-15\/\" rel=\"attachment wp-att-5236\"><img decoding=\"async\" loading=\"lazy\" class=\"alignnone wp-image-5236\" src=\"http:\/\/www.campingverneda.com\/blog\/wp-content\/uploads\/2025\/03\/verneda-camping-bungalows-5.png\" alt=\"primavera en aran\" width=\"1574\" height=\"656\" srcset=\"https:\/\/www.campingverneda.com\/blog\/wp-content\/uploads\/2025\/03\/verneda-camping-bungalows-5-200x83.png 200w, https:\/\/www.campingverneda.com\/blog\/wp-content\/uploads\/2025\/03\/verneda-camping-bungalows-5-300x125.png 300w, https:\/\/www.campingverneda.com\/blog\/wp-content\/uploads\/2025\/03\/verneda-camping-bungalows-5-400x167.png 400w, https:\/\/www.campingverneda.com\/blog\/wp-content\/uploads\/2025\/03\/verneda-camping-bungalows-5-600x250.png 600w, https:\/\/www.campingverneda.com\/blog\/wp-content\/uploads\/2025\/03\/verneda-camping-bungalows-5-768x320.png 768w, https:\/\/www.campingverneda.com\/blog\/wp-content\/uploads\/2025\/03\/verneda-camping-bungalows-5-800x333.png 800w, https:\/\/www.campingverneda.com\/blog\/wp-content\/uploads\/2025\/03\/verneda-camping-bungalows-5.png 960w\" sizes=\"(max-width: 1574px) 100vw, 1574px\" \/><\/a><\/p>\n<p><strong>8. Admirar el patrimonio rom\u00e1nico<\/strong><br \/>\nLa Val d&#8217;Aran alberga un conjunto rom\u00e1nico y g\u00f3tico \u00fanico. Iglesias como Santa Eul\u00e0ria d\u2019Unha, Santa Maria d\u2019Arties y Sant Andreu de Salard\u00fa destacan por sus excepcionales tallas y pinturas, ofreciendo un viaje en el tiempo a trav\u00e9s del arte.<\/p>\n<p><strong>9. Degustar la gastronom\u00eda local<\/strong><br \/>\nCon m\u00e1s de 100 restaurantes, la oferta culinaria de la Val d&#8217;Aran es amplia y variada. Platos como el esturi\u00f3n, la trucha, el foie, los quesos artesanales y las carnes de caza reflejan la riqueza gastron\u00f3mica de la regi\u00f3n, deleitando a los paladares m\u00e1s exigentes.<\/p>\n<p>La primavera en la Val d&#8217;Aran es <strong>una invitaci\u00f3n a sumergirse en experiencias que combinan la majestuosidad de la naturaleza, la riqueza cultural y las emociones de la aventura<\/strong>. Cada actividad propuesta es una puerta abierta a descubrir y <a href=\"https:\/\/www.instagram.com\/vida.verneda\/\" target=\"_blank\" rel=\"noopener\">disfrutar de este rinc\u00f3n privilegiado de los Pirineos<\/a>.<\/p>\n","protected":false},"excerpt":{"rendered":"<p>La Val d&#8217;Aran, enclavada en el coraz\u00f3n de los Pirineos, se transforma en primavera en un destino vibrante que combina naturaleza, aventura, cultura y gastronom\u00eda. [&hellip;]<\/p>\n","protected":false},"author":1,"featured_media":1138,"comment_status":"open","ping_status":"open","sticky":false,"template":"","format":"standard","meta":[],"categories":[71,795],"tags":[1914,11,1916,14,1913,1915,42,1912],"_links":{"self":[{"href":"https:\/\/www.campingverneda.com\/blog\/wp-json\/wp\/v2\/posts\/5234"}],"collection":[{"href":"https:\/\/www.campingverneda.com\/blog\/wp-json\/wp\/v2\/posts"}],"about":[{"href":"https:\/\/www.campingverneda.com\/blog\/wp-json\/wp\/v2\/types\/post"}],"author":[{"embeddable":true,"href":"https:\/\/www.campingverneda.com\/blog\/wp-json\/wp\/v2\/users\/1"}],"replies":[{"embeddable":true,"href":"https:\/\/www.campingverneda.com\/blog\/wp-json\/wp\/v2\/comments?post=5234"}],"version-history":[{"count":2,"href":"https:\/\/www.campingverneda.com\/blog\/wp-json\/wp\/v2\/posts\/5234\/revisions"}],"predecessor-version":[{"id":5239,"href":"https:\/\/www.campingverneda.com\/blog\/wp-json\/wp\/v2\/posts\/5234\/revisions\/5239"}],"wp:featuredmedia":[{"embeddable":true,"href":"https:\/\/www.campingverneda.com\/blog\/wp-json\/wp\/v2\/media\/1138"}],"wp:attachment":[{"href":"https:\/\/www.campingverneda.com\/blog\/wp-json\/wp\/v2\/media?parent=5234"}],"wp:term":[{"taxonomy":"category","embeddable":true,"href":"https:\/\/www.campingverneda.com\/blog\/wp-json\/wp\/v2\/categories?post=5234"},{"taxonomy":"post_tag","embeddable":true,"href":"https:\/\/www.campingverneda.com\/blog\/wp-json\/wp\/v2\/tags?post=5234"}],"curies":[{"name":"wp","href":"https:\/\/api.w.org\/{rel}","templated":true}]}}