{"id":5228,"date":"2025-03-21T09:12:18","date_gmt":"2025-03-21T09:12:18","guid":{"rendered":"https:\/\/www.campingverneda.com\/blog\/?p=5228"},"modified":"2025-03-21T09:12:19","modified_gmt":"2025-03-21T09:12:19","slug":"mejoras-eficientes-y-sostenibles","status":"publish","type":"post","link":"https:\/\/www.campingverneda.com\/blog\/2025\/03\/21\/mejoras-eficientes-y-sostenibles\/","title":{"rendered":"Mejoras eficientes y sostenibles"},"content":{"rendered":"<p>Como hemos comentado en anteriores posts, estamos trabajando en <strong>una serie de mejoras en nuestras instalaciones.<\/strong> Gracias a una subvenci\u00f3n pionera otorgada en el marco del Plan de Recuperaci\u00f3n, Transformaci\u00f3n y Resiliencia post-COVID-19 del Gobierno de Espa\u00f1a. Esta iniciativa, que forma parte del proyecto \u201c\u00daltima Milla\u201d, nos permitir\u00e1<strong> implementar soluciones tecnol\u00f3gicas innovadoras<\/strong> con el objetivo de <strong>mejorar la sostenibilidad y la experiencia<\/strong> de quienes visitan nuestras instalaciones.<\/p>\n<p>Uno de los aspectos m\u00e1s destacados de esta transformaci\u00f3n es la <strong>optimizaci\u00f3n de nuestra planta depuradora<\/strong>, que ser\u00e1 convertida en una instalaci\u00f3n m\u00e1s ecol\u00f3gica.<\/p>\n<p><a href=\"https:\/\/www.campingverneda.com\/blog\/2025\/03\/21\/mejoras-eficientes-y-sostenibles\/verneda-camping-bungalows-2-4\/\" rel=\"attachment wp-att-5229\"><img decoding=\"async\" loading=\"lazy\" class=\"alignnone  wp-image-5229\" src=\"http:\/\/www.campingverneda.com\/blog\/wp-content\/uploads\/2025\/03\/verneda-camping-bungalows-2-1.png\" alt=\"Verneda sostenible\" width=\"1620\" height=\"675\" srcset=\"https:\/\/www.campingverneda.com\/blog\/wp-content\/uploads\/2025\/03\/verneda-camping-bungalows-2-1-200x83.png 200w, https:\/\/www.campingverneda.com\/blog\/wp-content\/uploads\/2025\/03\/verneda-camping-bungalows-2-1-300x125.png 300w, https:\/\/www.campingverneda.com\/blog\/wp-content\/uploads\/2025\/03\/verneda-camping-bungalows-2-1-400x167.png 400w, https:\/\/www.campingverneda.com\/blog\/wp-content\/uploads\/2025\/03\/verneda-camping-bungalows-2-1-600x250.png 600w, https:\/\/www.campingverneda.com\/blog\/wp-content\/uploads\/2025\/03\/verneda-camping-bungalows-2-1-768x320.png 768w, https:\/\/www.campingverneda.com\/blog\/wp-content\/uploads\/2025\/03\/verneda-camping-bungalows-2-1-800x333.png 800w, https:\/\/www.campingverneda.com\/blog\/wp-content\/uploads\/2025\/03\/verneda-camping-bungalows-2-1.png 960w\" sizes=\"(max-width: 1620px) 100vw, 1620px\" \/><\/a><\/p>\n<h3><strong>Implementaci\u00f3n de sensores<\/strong><\/h3>\n<p>Para lograrlo, estamos incorporando <strong>sensores de ox\u00edgeno disuelto<\/strong> que nos permitir\u00e1n <strong>monitorizar en tiempo real la calidad del agua durante el proceso de depuraci\u00f3n<\/strong>. El ox\u00edgeno disuelto es fundamental para el correcto funcionamiento de los microorganismos encargados de descomponer la materia org\u00e1nica en el agua residual. Al mantener niveles \u00f3ptimos de ox\u00edgeno, <strong>aseguramos una depuraci\u00f3n m\u00e1s eficiente y efectiva<\/strong>.<\/p>\n<h3><strong>\u00bfCu\u00e1les son los beneficios?<\/strong><\/h3>\n<p>La implementaci\u00f3n de estos sensores nos ofrece m\u00faltiples beneficios. Por un lado, al proporcionar datos en tiempo real sobre la concentraci\u00f3n de ox\u00edgeno, podemo<strong>s ajustar de manera precisa los sistemas de aireaci\u00f3n<\/strong>, garantizando que los microorganismos dispongan del ox\u00edgeno necesario para su actividad. Esto no solo mejora la eficiencia del proceso de depuraci\u00f3n, sino que tambi\u00e9n contribuye a la sostenibilidad al <strong>reducir el consumo energ\u00e9tico<\/strong> asociado a la aireaci\u00f3n .<\/p>\n<p>Adem\u00e1s, al optimizar el proceso de tratamiento de aguas residuales, garantizamos que el agua devuelta al medio ambiente <strong>cumpla con los m\u00e1s altos est\u00e1ndares de calidad<\/strong>, minimizando nuestro impacto ecol\u00f3gico y preservando el entorno natural que nos rodea.<\/p>\n<p><a href=\"https:\/\/www.campingverneda.com\/blog\/2025\/03\/21\/mejoras-eficientes-y-sostenibles\/verneda-camping-bungalows-14\/\" rel=\"attachment wp-att-5230\"><img decoding=\"async\" loading=\"lazy\" class=\"alignnone  wp-image-5230\" src=\"http:\/\/www.campingverneda.com\/blog\/wp-content\/uploads\/2025\/03\/verneda-camping-bungalows-4.png\" alt=\"Comprometidos con le medio ambiente\" width=\"1632\" height=\"680\" srcset=\"https:\/\/www.campingverneda.com\/blog\/wp-content\/uploads\/2025\/03\/verneda-camping-bungalows-4-200x83.png 200w, https:\/\/www.campingverneda.com\/blog\/wp-content\/uploads\/2025\/03\/verneda-camping-bungalows-4-300x125.png 300w, https:\/\/www.campingverneda.com\/blog\/wp-content\/uploads\/2025\/03\/verneda-camping-bungalows-4-400x167.png 400w, https:\/\/www.campingverneda.com\/blog\/wp-content\/uploads\/2025\/03\/verneda-camping-bungalows-4-600x250.png 600w, https:\/\/www.campingverneda.com\/blog\/wp-content\/uploads\/2025\/03\/verneda-camping-bungalows-4-768x320.png 768w, https:\/\/www.campingverneda.com\/blog\/wp-content\/uploads\/2025\/03\/verneda-camping-bungalows-4-800x333.png 800w, https:\/\/www.campingverneda.com\/blog\/wp-content\/uploads\/2025\/03\/verneda-camping-bungalows-4.png 960w\" sizes=\"(max-width: 1632px) 100vw, 1632px\" \/><\/a><\/p>\n<h3><strong>Comprometidos con el medio ambiente<\/strong><\/h3>\n<p>Esta iniciativa refleja nuestro compromiso con la sostenibilidad y la responsabilidad ambiental, valores que consideramos esenciales para ofrecer una experiencia \u00fanica y respetuosa con la naturaleza a nuestros visitantes.<\/p>\n<p>Estas mejoras tecnol\u00f3gicas no solo benefician al medio ambiente, sino que tambi\u00e9n <strong>enriquecen la experiencia de nuestros hu\u00e9spedes<\/strong>. Al visitar <a href=\"https:\/\/www.instagram.com\/vida.verneda\/\" target=\"_blank\" rel=\"noopener\">Verneda Camping Mountain Resort<\/a>, podr\u00e1n disfrutar de unas instalaciones que integran tecnolog\u00eda avanzada para promover la sostenibilidad, permiti\u00e9ndoles conectar con la naturaleza de manera consciente y responsable.<\/p>\n<p>Invitamos a todos nuestros visitantes a ser parte de este compromiso con el medio ambiente y a disfrutar de unas instalaciones que reflejan nuestra dedicaci\u00f3n a la mejora continua y al respeto por la naturaleza.<\/p>\n","protected":false},"excerpt":{"rendered":"<p>Como hemos comentado en anteriores posts, estamos trabajando en una serie de mejoras en nuestras instalaciones. Gracias a una subvenci\u00f3n pionera otorgada en el marco [&hellip;]<\/p>\n","protected":false},"author":1,"featured_media":5074,"comment_status":"open","ping_status":"open","sticky":false,"template":"","format":"standard","meta":[],"categories":[795,1276],"tags":[11,417,942,188,1911,13,818],"_links":{"self":[{"href":"https:\/\/www.campingverneda.com\/blog\/wp-json\/wp\/v2\/posts\/5228"}],"collection":[{"href":"https:\/\/www.campingverneda.com\/blog\/wp-json\/wp\/v2\/posts"}],"about":[{"href":"https:\/\/www.campingverneda.com\/blog\/wp-json\/wp\/v2\/types\/post"}],"author":[{"embeddable":true,"href":"https:\/\/www.campingverneda.com\/blog\/wp-json\/wp\/v2\/users\/1"}],"replies":[{"embeddable":true,"href":"https:\/\/www.campingverneda.com\/blog\/wp-json\/wp\/v2\/comments?post=5228"}],"version-history":[{"count":2,"href":"https:\/\/www.campingverneda.com\/blog\/wp-json\/wp\/v2\/posts\/5228\/revisions"}],"predecessor-version":[{"id":5232,"href":"https:\/\/www.campingverneda.com\/blog\/wp-json\/wp\/v2\/posts\/5228\/revisions\/5232"}],"wp:featuredmedia":[{"embeddable":true,"href":"https:\/\/www.campingverneda.com\/blog\/wp-json\/wp\/v2\/media\/5074"}],"wp:attachment":[{"href":"https:\/\/www.campingverneda.com\/blog\/wp-json\/wp\/v2\/media?parent=5228"}],"wp:term":[{"taxonomy":"category","embeddable":true,"href":"https:\/\/www.campingverneda.com\/blog\/wp-json\/wp\/v2\/categories?post=5228"},{"taxonomy":"post_tag","embeddable":true,"href":"https:\/\/www.campingverneda.com\/blog\/wp-json\/wp\/v2\/tags?post=5228"}],"curies":[{"name":"wp","href":"https:\/\/api.w.org\/{rel}","templated":true}]}}