{"id":5215,"date":"2025-03-11T15:28:18","date_gmt":"2025-03-11T15:28:18","guid":{"rendered":"https:\/\/www.campingverneda.com\/blog\/?p=5215"},"modified":"2025-03-11T15:28:19","modified_gmt":"2025-03-11T15:28:19","slug":"val-daran-el-destino","status":"publish","type":"post","link":"https:\/\/www.campingverneda.com\/blog\/2025\/03\/11\/val-daran-el-destino\/","title":{"rendered":"Val d\u2019Aran, el destino"},"content":{"rendered":"<p>La <strong>Val d&#8217;Aran<\/strong> es un destino \u00fanico que ofrece experiencias inolvidables en cualquier \u00e9poca del a\u00f1o. A continuaci\u00f3n, te presentamos diez motivos para elegir este <strong>para\u00edso de los Pirineos como tu pr\u00f3ximo lugar de vacaciones<\/strong>:<\/p>\n<p><strong>1. Ubicaci\u00f3n privilegiada<\/strong>: Situada en la vertiente norte de los Pirineos centrales, la Val d&#8217;Aran se extiende a lo largo de 620 km\u00b2, limitando al norte con Francia y al oeste con Arag\u00f3n. Esta posici\u00f3n geogr\u00e1fica le confiere un clima atl\u00e1ntico, caracterizado por inviernos fr\u00edos y veranos suaves, ideales para diversas actividades al aire libre.<\/p>\n<p><strong>2. Clima diverso<\/strong>: Gracias a su orientaci\u00f3n atl\u00e1ntica, la Val d&#8217;Aran disfruta de abundantes precipitaciones, lo que garantiza paisajes verdes y r\u00edos caudalosos durante todo el a\u00f1o. Este clima propicia una rica biodiversidad y condiciones \u00f3ptimas para deportes de invierno y actividades veraniegas.<\/p>\n<p><a href=\"https:\/\/www.campingverneda.com\/blog\/2025\/03\/11\/val-daran-el-destino\/verneda-camping-bungalows-12\/\" rel=\"attachment wp-att-5216\"><img decoding=\"async\" loading=\"lazy\" class=\"alignnone  wp-image-5216\" src=\"http:\/\/www.campingverneda.com\/blog\/wp-content\/uploads\/2025\/03\/verneda-camping-bungalows-1.png\" alt=\"Val d'Aran en verano\" width=\"1711\" height=\"713\" srcset=\"https:\/\/www.campingverneda.com\/blog\/wp-content\/uploads\/2025\/03\/verneda-camping-bungalows-1-200x83.png 200w, https:\/\/www.campingverneda.com\/blog\/wp-content\/uploads\/2025\/03\/verneda-camping-bungalows-1-300x125.png 300w, https:\/\/www.campingverneda.com\/blog\/wp-content\/uploads\/2025\/03\/verneda-camping-bungalows-1-400x167.png 400w, https:\/\/www.campingverneda.com\/blog\/wp-content\/uploads\/2025\/03\/verneda-camping-bungalows-1-600x250.png 600w, https:\/\/www.campingverneda.com\/blog\/wp-content\/uploads\/2025\/03\/verneda-camping-bungalows-1-768x320.png 768w, https:\/\/www.campingverneda.com\/blog\/wp-content\/uploads\/2025\/03\/verneda-camping-bungalows-1-800x333.png 800w, https:\/\/www.campingverneda.com\/blog\/wp-content\/uploads\/2025\/03\/verneda-camping-bungalows-1.png 960w\" sizes=\"(max-width: 1711px) 100vw, 1711px\" \/><\/a><\/p>\n<p><strong>3. Rica fauna y flora<\/strong>: Los bosques araneses albergan una explosi\u00f3n crom\u00e1tica y paisajes espl\u00e9ndidos, especialmente en oto\u00f1o, con tonos rojizos, granas, ocres y dorados. Esta diversidad natural ofrece un entorno perfecto para actividades como la observaci\u00f3n de la naturaleza y el senderismo.<\/p>\n<p><strong>4. Compromiso con la sostenibilidad<\/strong>: El Conselh Generau d&#8217;Aran ha implementado el Plan de Sostenibilidad Tur\u00edstica de la Val d\u2019Aran. Este plan busca convertir este valle de los Pirineos en un destino verde y sostenible, enfoc\u00e1ndose en movilidad, diversificaci\u00f3n de puntos de inter\u00e9s natural, innovaci\u00f3n tecnol\u00f3gica y promoci\u00f3n del comercio local y la agroalimentaci\u00f3n.<\/p>\n<p><strong>5. Gastronom\u00eda excepcional<\/strong>: La cocina aranesa es un reflejo de su patrimonio cultural. Platos tradicionales como la olla aranesa, el civet de jabal\u00ed y el confit de pato deleitan a locales y visitantes. Adem\u00e1s, la producci\u00f3n de caviar en la piscifactor\u00eda de Les es reconocida internacionalmente.<\/p>\n<p><a href=\"https:\/\/www.campingverneda.com\/blog\/2025\/03\/11\/val-daran-el-destino\/verneda-camping-bungalows-valdaran-2-2\/\" rel=\"attachment wp-att-5217\"><img decoding=\"async\" loading=\"lazy\" class=\"alignnone  wp-image-5217\" src=\"http:\/\/www.campingverneda.com\/blog\/wp-content\/uploads\/2025\/03\/verneda-camping-bungalows-valdaran-2.png\" alt=\"Montgarri en la Val d'Aran\" width=\"1706\" height=\"711\" srcset=\"https:\/\/www.campingverneda.com\/blog\/wp-content\/uploads\/2025\/03\/verneda-camping-bungalows-valdaran-2-200x83.png 200w, https:\/\/www.campingverneda.com\/blog\/wp-content\/uploads\/2025\/03\/verneda-camping-bungalows-valdaran-2-300x125.png 300w, https:\/\/www.campingverneda.com\/blog\/wp-content\/uploads\/2025\/03\/verneda-camping-bungalows-valdaran-2-400x167.png 400w, https:\/\/www.campingverneda.com\/blog\/wp-content\/uploads\/2025\/03\/verneda-camping-bungalows-valdaran-2-600x250.png 600w, https:\/\/www.campingverneda.com\/blog\/wp-content\/uploads\/2025\/03\/verneda-camping-bungalows-valdaran-2-768x320.png 768w, https:\/\/www.campingverneda.com\/blog\/wp-content\/uploads\/2025\/03\/verneda-camping-bungalows-valdaran-2-800x333.png 800w, https:\/\/www.campingverneda.com\/blog\/wp-content\/uploads\/2025\/03\/verneda-camping-bungalows-valdaran-2.png 960w\" sizes=\"(max-width: 1706px) 100vw, 1706px\" \/><\/a><\/p>\n<p><strong>6. Cultura y lengua \u00fanicas<\/strong>: En la Val d&#8217;Aran conviven tres lenguas oficiales: el aran\u00e9s, el catal\u00e1n y el castellano. El aran\u00e9s, una variante del occitano, es un s\u00edmbolo de identidad y se utiliza en la administraci\u00f3n y la educaci\u00f3n, reflejando la riqueza cultural de la regi\u00f3n.<\/p>\n<p><strong>7. Encanto de sus pueblos<\/strong>: Con 33 municipios, la Val d&#8217;Aran ofrece una variedad de pueblos pintorescos. Vielha, la capital, que alberga casi la mitad de la poblaci\u00f3n del valle. Estos pueblos destacan por su arquitectura rom\u00e1nica, calles empedradas y una atm\u00f3sfera acogedora que invita al visitante a sumergirse en su historia y tradiciones.<\/p>\n<p><strong>8. Actividades todo el a\u00f1o<\/strong>: Desde deportes de invierno, como el esqu\u00ed y el snowboard en la famosa estaci\u00f3n de Baqueira Beret, hasta rutas de senderismo, paseos a caballo y deportes acu\u00e1ticos en verano. La Val d&#8217;Aran es un destino vers\u00e1til que ofrece opciones para todos los gustos y edades.<\/p>\n<p><a href=\"https:\/\/www.campingverneda.com\/blog\/2025\/03\/11\/val-daran-el-destino\/verneda-camping-bungalows-valdaran-13\/\" rel=\"attachment wp-att-5218\"><img decoding=\"async\" loading=\"lazy\" class=\"alignnone  wp-image-5218\" src=\"http:\/\/www.campingverneda.com\/blog\/wp-content\/uploads\/2025\/03\/verneda-camping-bungalows-valdaran-1.png\" alt=\"Senderismo en la Val d'Aran\" width=\"1711\" height=\"713\" srcset=\"https:\/\/www.campingverneda.com\/blog\/wp-content\/uploads\/2025\/03\/verneda-camping-bungalows-valdaran-1-200x83.png 200w, https:\/\/www.campingverneda.com\/blog\/wp-content\/uploads\/2025\/03\/verneda-camping-bungalows-valdaran-1-300x125.png 300w, https:\/\/www.campingverneda.com\/blog\/wp-content\/uploads\/2025\/03\/verneda-camping-bungalows-valdaran-1-400x167.png 400w, https:\/\/www.campingverneda.com\/blog\/wp-content\/uploads\/2025\/03\/verneda-camping-bungalows-valdaran-1-600x250.png 600w, https:\/\/www.campingverneda.com\/blog\/wp-content\/uploads\/2025\/03\/verneda-camping-bungalows-valdaran-1-768x320.png 768w, https:\/\/www.campingverneda.com\/blog\/wp-content\/uploads\/2025\/03\/verneda-camping-bungalows-valdaran-1-800x333.png 800w, https:\/\/www.campingverneda.com\/blog\/wp-content\/uploads\/2025\/03\/verneda-camping-bungalows-valdaran-1.png 960w\" sizes=\"(max-width: 1711px) 100vw, 1711px\" \/><\/a><\/p>\n<p><strong>9. Patrimonio arquitect\u00f3nico<\/strong>: La regi\u00f3n cuenta con numerosas iglesias y construcciones de estilo rom\u00e1nico, testigos de su rica historia. Estos monumentos ofrecen una visi\u00f3n del pasado y son un atractivo para los amantes del arte y la arquitectura.<\/p>\n<p><strong>10. Hospitalidad aranesa<\/strong>: Los habitantes de la Val d&#8217;Aran se caracterizan por su amabilidad y hospitalidad. Su orgullo por su tierra se refleja en la calidez con la que reciben a los visitantes, haciendo que cada estancia sea memorable.<\/p>\n<p>En resumen, la Val d&#8217;Aran <strong>combina naturaleza, cultura, gastronom\u00eda y sostenibilidad<\/strong>, ofreciendo una experiencia completa en cualquier estaci\u00f3n del a\u00f1o. \u00a1Te esperamos para que descubras todo lo que este maravilloso valle tiene para ofrecer!<\/p>\n","protected":false},"excerpt":{"rendered":"<p>La Val d&#8217;Aran es un destino \u00fanico que ofrece experiencias inolvidables en cualquier \u00e9poca del a\u00f1o. A continuaci\u00f3n, te presentamos diez motivos para elegir este [&hellip;]<\/p>\n","protected":false},"author":1,"featured_media":4895,"comment_status":"open","ping_status":"open","sticky":false,"template":"","format":"standard","meta":[],"categories":[71,795],"tags":[1907,1906,14,741,1908,318,1909,301,42,818],"_links":{"self":[{"href":"https:\/\/www.campingverneda.com\/blog\/wp-json\/wp\/v2\/posts\/5215"}],"collection":[{"href":"https:\/\/www.campingverneda.com\/blog\/wp-json\/wp\/v2\/posts"}],"about":[{"href":"https:\/\/www.campingverneda.com\/blog\/wp-json\/wp\/v2\/types\/post"}],"author":[{"embeddable":true,"href":"https:\/\/www.campingverneda.com\/blog\/wp-json\/wp\/v2\/users\/1"}],"replies":[{"embeddable":true,"href":"https:\/\/www.campingverneda.com\/blog\/wp-json\/wp\/v2\/comments?post=5215"}],"version-history":[{"count":2,"href":"https:\/\/www.campingverneda.com\/blog\/wp-json\/wp\/v2\/posts\/5215\/revisions"}],"predecessor-version":[{"id":5220,"href":"https:\/\/www.campingverneda.com\/blog\/wp-json\/wp\/v2\/posts\/5215\/revisions\/5220"}],"wp:featuredmedia":[{"embeddable":true,"href":"https:\/\/www.campingverneda.com\/blog\/wp-json\/wp\/v2\/media\/4895"}],"wp:attachment":[{"href":"https:\/\/www.campingverneda.com\/blog\/wp-json\/wp\/v2\/media?parent=5215"}],"wp:term":[{"taxonomy":"category","embeddable":true,"href":"https:\/\/www.campingverneda.com\/blog\/wp-json\/wp\/v2\/categories?post=5215"},{"taxonomy":"post_tag","embeddable":true,"href":"https:\/\/www.campingverneda.com\/blog\/wp-json\/wp\/v2\/tags?post=5215"}],"curies":[{"name":"wp","href":"https:\/\/api.w.org\/{rel}","templated":true}]}}