{"id":5197,"date":"2025-02-17T16:23:05","date_gmt":"2025-02-17T16:23:05","guid":{"rendered":"https:\/\/www.campingverneda.com\/blog\/?p=5197"},"modified":"2025-02-17T21:15:26","modified_gmt":"2025-02-17T21:15:26","slug":"planes-alternativos-en-la-val-daran","status":"publish","type":"post","link":"https:\/\/www.campingverneda.com\/blog\/2025\/02\/17\/planes-alternativos-en-la-val-daran\/","title":{"rendered":"Planes alternativos en la Val d\u2019Aran"},"content":{"rendered":"<p>Adem\u00e1s de los planes de siempre en este Valle de los Pirineos, hoy desde Verneda Camping Mountain Resort queremos presentaros <strong>planes alternativos para vuestras escapadas a la Val d\u2019Aran<\/strong>. Estos planes no suelen protagonizar las gu\u00edas habituales de actividades en la Val d\u2019Aran. Sin embargo, son algunos de <strong>nuestros planes favoritos<\/strong> cuando sacamos un rato libre.<\/p>\n<p><a href=\"https:\/\/www.campingverneda.com\/blog\/2025\/02\/17\/planes-alternativos-en-la-val-daran\/verneda-camping-bungalows-9\/\" rel=\"attachment wp-att-5198\"><img decoding=\"async\" loading=\"lazy\" class=\"alignnone wp-image-5198\" src=\"http:\/\/www.campingverneda.com\/blog\/wp-content\/uploads\/2025\/02\/verneda-camping-bungalows-2.png\" alt=\"Paseos en familia en la Val d'Aran\" width=\"1716\" height=\"715\" srcset=\"https:\/\/www.campingverneda.com\/blog\/wp-content\/uploads\/2025\/02\/verneda-camping-bungalows-2-200x83.png 200w, https:\/\/www.campingverneda.com\/blog\/wp-content\/uploads\/2025\/02\/verneda-camping-bungalows-2-300x125.png 300w, https:\/\/www.campingverneda.com\/blog\/wp-content\/uploads\/2025\/02\/verneda-camping-bungalows-2-400x167.png 400w, https:\/\/www.campingverneda.com\/blog\/wp-content\/uploads\/2025\/02\/verneda-camping-bungalows-2-600x250.png 600w, https:\/\/www.campingverneda.com\/blog\/wp-content\/uploads\/2025\/02\/verneda-camping-bungalows-2-768x320.png 768w, https:\/\/www.campingverneda.com\/blog\/wp-content\/uploads\/2025\/02\/verneda-camping-bungalows-2-800x333.png 800w, https:\/\/www.campingverneda.com\/blog\/wp-content\/uploads\/2025\/02\/verneda-camping-bungalows-2.png 960w\" sizes=\"(max-width: 1716px) 100vw, 1716px\" \/><\/a><\/p>\n<h3>Ruta familiar en Arr\u00f3<\/h3>\n<p>Arr\u00f3 es un pueblo de poco m\u00e1s de 20 habitantes y se encuentra entre Camping Verneda y Boss\u00f2st. Puedes llegar hasta el pueblo en coche y aparcar en el peque\u00f1o parking que hay al principio. Una vez all\u00ed, te recomendamos caminar por el camino se\u00f1alizado que hay hasta llegar al pueblo de Vilam\u00f2s. La ruta son unos 5km,<strong> una caminata perfecta para hacer en familia con ni\u00f1os y ni\u00f1as peques<\/strong> ya que es muy f\u00e1cil. Esta ruta tambi\u00e9n es ideal para hacer por la ma\u00f1ana, sobre todo si vienes con perros. A medio camino, justo encima de Arr\u00f3, hay un banco ideal para sentarse a tomar un aperitivo, leer al sol o simplemente disfrutar de la incre\u00edble panor\u00e1mica que hay de este valle de valles.<\/p>\n<p><a href=\"https:\/\/www.campingverneda.com\/blog\/2025\/02\/17\/planes-alternativos-en-la-val-daran\/verneda-camping-pirenasian\/\" rel=\"attachment wp-att-5199\"><img decoding=\"async\" loading=\"lazy\" class=\"alignnone wp-image-5199\" src=\"http:\/\/www.campingverneda.com\/blog\/wp-content\/uploads\/2025\/02\/verneda-camping-pirenasian.png\" alt=\"Plato de pirenasian bar\" width=\"1661\" height=\"692\" srcset=\"https:\/\/www.campingverneda.com\/blog\/wp-content\/uploads\/2025\/02\/verneda-camping-pirenasian-200x83.png 200w, https:\/\/www.campingverneda.com\/blog\/wp-content\/uploads\/2025\/02\/verneda-camping-pirenasian-300x125.png 300w, https:\/\/www.campingverneda.com\/blog\/wp-content\/uploads\/2025\/02\/verneda-camping-pirenasian-400x167.png 400w, https:\/\/www.campingverneda.com\/blog\/wp-content\/uploads\/2025\/02\/verneda-camping-pirenasian-600x250.png 600w, https:\/\/www.campingverneda.com\/blog\/wp-content\/uploads\/2025\/02\/verneda-camping-pirenasian-768x320.png 768w, https:\/\/www.campingverneda.com\/blog\/wp-content\/uploads\/2025\/02\/verneda-camping-pirenasian-800x333.png 800w, https:\/\/www.campingverneda.com\/blog\/wp-content\/uploads\/2025\/02\/verneda-camping-pirenasian.png 960w\" sizes=\"(max-width: 1661px) 100vw, 1661px\" \/><\/a><\/p>\n<h3>Comer en PirenAsian Bar<\/h3>\n<p>PirenAsian Bar es la cantina asi\u00e1tica de la Val d\u2019Aran. PirenAsian Bar se encuentra en Baqueira 1500 y es un lugar imprescindible para disfrutar de la fusi\u00f3n entre la <strong>gastronom\u00eda asi\u00e1tica y los sabores tradicionales de la Val d\u2019Aran<\/strong>.<br \/>\nRecientemente, fue protagonista en el programa Joc de Cartes de TV3 y gan\u00f3 el concurso gracias a su excelente atenci\u00f3n al p\u00fablico y su cocina con coraz\u00f3n. El plato que enamor\u00f3 al programa de televisi\u00f3n, y que nos encanta tambi\u00e9n a Verneda Camping Mountain Resort, es el el <strong>Aran Ramen, un plato elaborado con productos de proximidad que combina lo mejor de sus influencias gastron\u00f3micas<\/strong>.<\/p>\n<p>PirenAsian Bar est\u00e1 abierto durante la temporada de invierno y tambi\u00e9n el mes de agosto. Consulta su <a href=\"https:\/\/www.instagram.com\/pirenasian_bar\/\" target=\"_blank\" rel=\"noopener\">perfil de Instagram<\/a> para conocer este proyecto y saber si est\u00e1 abierto en tu pr\u00f3xima escapada a la monta\u00f1a.<\/p>\n<h3><a href=\"https:\/\/www.campingverneda.com\/blog\/2025\/02\/17\/planes-alternativos-en-la-val-daran\/verneda-camping-bungalows-valdaran-10\/\" rel=\"attachment wp-att-5200\"><img decoding=\"async\" loading=\"lazy\" class=\"alignnone wp-image-5200\" src=\"http:\/\/www.campingverneda.com\/blog\/wp-content\/uploads\/2025\/02\/verneda-camping-bungalows-valdaran-2.png\" alt=\"Patinaje sobre hielo en vielha\" width=\"1658\" height=\"691\" srcset=\"https:\/\/www.campingverneda.com\/blog\/wp-content\/uploads\/2025\/02\/verneda-camping-bungalows-valdaran-2-200x83.png 200w, https:\/\/www.campingverneda.com\/blog\/wp-content\/uploads\/2025\/02\/verneda-camping-bungalows-valdaran-2-300x125.png 300w, https:\/\/www.campingverneda.com\/blog\/wp-content\/uploads\/2025\/02\/verneda-camping-bungalows-valdaran-2-400x167.png 400w, https:\/\/www.campingverneda.com\/blog\/wp-content\/uploads\/2025\/02\/verneda-camping-bungalows-valdaran-2-600x250.png 600w, https:\/\/www.campingverneda.com\/blog\/wp-content\/uploads\/2025\/02\/verneda-camping-bungalows-valdaran-2-768x320.png 768w, https:\/\/www.campingverneda.com\/blog\/wp-content\/uploads\/2025\/02\/verneda-camping-bungalows-valdaran-2-800x333.png 800w, https:\/\/www.campingverneda.com\/blog\/wp-content\/uploads\/2025\/02\/verneda-camping-bungalows-valdaran-2.png 960w\" sizes=\"(max-width: 1658px) 100vw, 1658px\" \/><\/a><\/h3>\n<h3>Pista de hielo<\/h3>\n<p>En Vielha hay una pista de hielo donde grandes y peque\u00f1os pueden disfrutar de la experiencia de patinar. Una actividad apta para todos los p\u00fablicos y que, sobre todo, gustar\u00e1 a los y las peques de casa.<\/p>\n<p><strong>\u00bfCu\u00e1l de estos planes te apetece m\u00e1s?<\/strong> Cu\u00e9ntanos en <a href=\"https:\/\/www.instagram.com\/vida.verneda\/\" target=\"_blank\" rel=\"noopener\">nuestro perfil de Instagram<\/a> qu\u00e9 otros planes alternativos te gustan en la Val d\u2019Aran<\/p>\n","protected":false},"excerpt":{"rendered":"<p>Adem\u00e1s de los planes de siempre en este Valle de los Pirineos, hoy desde Verneda Camping Mountain Resort queremos presentaros planes alternativos para vuestras escapadas [&hellip;]<\/p>\n","protected":false},"author":1,"featured_media":4339,"comment_status":"open","ping_status":"open","sticky":false,"template":"","format":"standard","meta":[],"categories":[1452,795],"tags":[91,51,1043,11,1852,1903,1682,1681,1902,1901,1900,1849,1895,1898,1899,1897,1896,1894,818],"_links":{"self":[{"href":"https:\/\/www.campingverneda.com\/blog\/wp-json\/wp\/v2\/posts\/5197"}],"collection":[{"href":"https:\/\/www.campingverneda.com\/blog\/wp-json\/wp\/v2\/posts"}],"about":[{"href":"https:\/\/www.campingverneda.com\/blog\/wp-json\/wp\/v2\/types\/post"}],"author":[{"embeddable":true,"href":"https:\/\/www.campingverneda.com\/blog\/wp-json\/wp\/v2\/users\/1"}],"replies":[{"embeddable":true,"href":"https:\/\/www.campingverneda.com\/blog\/wp-json\/wp\/v2\/comments?post=5197"}],"version-history":[{"count":2,"href":"https:\/\/www.campingverneda.com\/blog\/wp-json\/wp\/v2\/posts\/5197\/revisions"}],"predecessor-version":[{"id":5202,"href":"https:\/\/www.campingverneda.com\/blog\/wp-json\/wp\/v2\/posts\/5197\/revisions\/5202"}],"wp:featuredmedia":[{"embeddable":true,"href":"https:\/\/www.campingverneda.com\/blog\/wp-json\/wp\/v2\/media\/4339"}],"wp:attachment":[{"href":"https:\/\/www.campingverneda.com\/blog\/wp-json\/wp\/v2\/media?parent=5197"}],"wp:term":[{"taxonomy":"category","embeddable":true,"href":"https:\/\/www.campingverneda.com\/blog\/wp-json\/wp\/v2\/categories?post=5197"},{"taxonomy":"post_tag","embeddable":true,"href":"https:\/\/www.campingverneda.com\/blog\/wp-json\/wp\/v2\/tags?post=5197"}],"curies":[{"name":"wp","href":"https:\/\/api.w.org\/{rel}","templated":true}]}}