{"id":5190,"date":"2025-02-12T09:25:28","date_gmt":"2025-02-12T09:25:28","guid":{"rendered":"https:\/\/www.campingverneda.com\/blog\/?p=5190"},"modified":"2025-02-12T09:26:53","modified_gmt":"2025-02-12T09:26:53","slug":"digitalizacion-y-sostenibilidad","status":"publish","type":"post","link":"https:\/\/www.campingverneda.com\/blog\/2025\/02\/12\/digitalizacion-y-sostenibilidad\/","title":{"rendered":"Digitalizaci\u00f3n y sostenibilidad"},"content":{"rendered":"<p>En Verneda Camping Mountain Resort empezamos este a\u00f1o con muchas novedades en cuanto a digitalizaci\u00f3n y sostenibilidad. Como ya os hemos comentado en post anteriores, en <strong>Verneda Camping Mountain Resort nos han otorgado una subvenci\u00f3n pionera en el estado para implementar soluciones tecnol\u00f3gicas innovadoras con el objetivo de mejorar la sostenibilidad y la experiencia<\/strong> de quienes visit\u00e1is nuestras instalaciones.<\/p>\n<p>El turismo tiene un impacto significativo en el medio ambiente, pero existen maneras de hacerlo m\u00e1s sostenible. Por eso ya llevamos trabajando muchos a\u00f1os en defensa de otro modelo de turismo. Lo nuestro es el <strong>Turismo Responsable y Sostenible<\/strong>.<\/p>\n<p><a href=\"https:\/\/www.campingverneda.com\/blog\/2025\/02\/12\/digitalizacion-y-sostenibilidad\/verneda-camping-bungalows-8\/\" rel=\"attachment wp-att-5192\"><img decoding=\"async\" loading=\"lazy\" class=\"alignnone wp-image-5192\" src=\"http:\/\/www.campingverneda.com\/blog\/wp-content\/uploads\/2025\/02\/verneda-camping-bungalows-1.png\" alt=\"Sostenibilidad y digitalizacion de camping verneda\" width=\"1802\" height=\"751\" srcset=\"https:\/\/www.campingverneda.com\/blog\/wp-content\/uploads\/2025\/02\/verneda-camping-bungalows-1-200x83.png 200w, https:\/\/www.campingverneda.com\/blog\/wp-content\/uploads\/2025\/02\/verneda-camping-bungalows-1-300x125.png 300w, https:\/\/www.campingverneda.com\/blog\/wp-content\/uploads\/2025\/02\/verneda-camping-bungalows-1-400x167.png 400w, https:\/\/www.campingverneda.com\/blog\/wp-content\/uploads\/2025\/02\/verneda-camping-bungalows-1-600x250.png 600w, https:\/\/www.campingverneda.com\/blog\/wp-content\/uploads\/2025\/02\/verneda-camping-bungalows-1-768x320.png 768w, https:\/\/www.campingverneda.com\/blog\/wp-content\/uploads\/2025\/02\/verneda-camping-bungalows-1-800x333.png 800w, https:\/\/www.campingverneda.com\/blog\/wp-content\/uploads\/2025\/02\/verneda-camping-bungalows-1.png 960w\" sizes=\"(max-width: 1802px) 100vw, 1802px\" \/><\/a><\/p>\n<p>Por esto, este nuevo proyecto de <a href=\"https:\/\/www.instagram.com\/vida.verneda\/\" target=\"_blank\" rel=\"noopener\">Verneda Camping Mountain Resort<\/a> responde a la creciente necesidad de <strong>mitigar los impactos ambientales en el sector tur\u00edstico<\/strong>. Asimismo, gracias a esta subvenci\u00f3n vamos a aprovechar las nuevas tecnolog\u00edas en las que trabaja <a href=\"https:\/\/www.arantec.com\/\" target=\"_blank\" rel=\"noopener\">Arantec Enginheria S.L<\/a>., empresa tecnol\u00f3gica de la Val d\u2019Aran especializada en soluciones de telemetr\u00eda e IoT, para modernizar nuestros servicios. De forma paralela, mediante este nuevo proyecto vamos a conseguir alienarnos con el Plan de Recuperaci\u00f3n, Transformaci\u00f3n y Resiliencia post-COVID-19.<\/p>\n<h3><strong>\u00bfCu\u00e1les son las soluciones tecnol\u00f3gicas propuestas?<\/strong><\/h3>\n<ol>\n<li><strong>Gemelos Digitales<\/strong>: Creaci\u00f3n de representaciones virtuales de las instalaciones mediante modelos digitales que permitir\u00e1n a los clientes explorar el camping de manera interactiva antes de su visita.<\/li>\n<li><strong>Red de Sensores IoT<\/strong>: Instalaci\u00f3n de sensores inal\u00e1mbricos para monitorizar consumos.<\/li>\n<li><strong>Modelos Predictivos<\/strong>: Desarrollo de algoritmos basados en inteligencia artificial y Big Data para anticipar necesidades operativas y mejorar la gesti\u00f3n log\u00edstica, adem\u00e1s de crear modelos predictivos relacionados con el clima.<\/li>\n<\/ol>\n<h3><a href=\"https:\/\/www.campingverneda.com\/blog\/2025\/02\/12\/digitalizacion-y-sostenibilidad\/verneda-camping-bungalows-valdaran-9\/\" rel=\"attachment wp-att-5193\"><img decoding=\"async\" loading=\"lazy\" class=\"alignnone wp-image-5193\" src=\"http:\/\/www.campingverneda.com\/blog\/wp-content\/uploads\/2025\/02\/verneda-camping-bungalows-valdaran-1.png\" alt=\"Vista panor\u00e1mica de Verneda Camping Mountian Resort\" width=\"1800\" height=\"750\" srcset=\"https:\/\/www.campingverneda.com\/blog\/wp-content\/uploads\/2025\/02\/verneda-camping-bungalows-valdaran-1-200x83.png 200w, https:\/\/www.campingverneda.com\/blog\/wp-content\/uploads\/2025\/02\/verneda-camping-bungalows-valdaran-1-300x125.png 300w, https:\/\/www.campingverneda.com\/blog\/wp-content\/uploads\/2025\/02\/verneda-camping-bungalows-valdaran-1-400x167.png 400w, https:\/\/www.campingverneda.com\/blog\/wp-content\/uploads\/2025\/02\/verneda-camping-bungalows-valdaran-1-600x250.png 600w, https:\/\/www.campingverneda.com\/blog\/wp-content\/uploads\/2025\/02\/verneda-camping-bungalows-valdaran-1-768x320.png 768w, https:\/\/www.campingverneda.com\/blog\/wp-content\/uploads\/2025\/02\/verneda-camping-bungalows-valdaran-1-800x333.png 800w, https:\/\/www.campingverneda.com\/blog\/wp-content\/uploads\/2025\/02\/verneda-camping-bungalows-valdaran-1.png 960w\" sizes=\"(max-width: 1800px) 100vw, 1800px\" \/><\/a><\/h3>\n<h3><strong>\u00bfQu\u00e9 beneficios esperamos alcanzar?<\/strong><\/h3>\n<ol>\n<li><strong>Sostenibilidad<\/strong>: Reducci\u00f3n del consumo de energ\u00eda en un 10% y de agua entre un 5% y 10%, gracias a la optimizaci\u00f3n de procesos.<\/li>\n<li><strong>Eficiencia Operativa:<\/strong> Mejora en la gesti\u00f3n de recursos y residuos, disminuyendo un 20% los desplazamientos internos.<\/li>\n<li><strong>Experiencia del Cliente<\/strong>: Innovaciones como recorridos virtuales y automatizaci\u00f3n de servicios mejorar\u00e1n la percepci\u00f3n de Verneda Camping Mountain Resort.<\/li>\n<\/ol>\n<p>Otro pilar de esta subvenci\u00f3n es la divulgaci\u00f3n que vamos a ir haciendo del proyecto, y de c\u00f3mo ayuda cada nueva implementaci\u00f3n a ser m\u00e1s sostenibles. En este caso, como venimos haciendo desde hace casi 10 a\u00f1os, <a href=\"https:\/\/www.instagram.com\/vacuumestudio\/\" target=\"_blank\" rel=\"noopener\">Vacuum Estudio<\/a> se va a encargar de la comunicaci\u00f3n, tanto en nuestro blog como en las redes sociales.<\/p>\n<p>Acomp\u00e1\u00f1anos en este proceso hacia otro de modelo de turismo, un Turismo Responsable y Sostenible para seguir disfrutando de los ecosistemas tal y como los conocemos, tal y como nos gustan. \u00bfTe unes al cambio?<\/p>\n","protected":false},"excerpt":{"rendered":"<p>En Verneda Camping Mountain Resort empezamos este a\u00f1o con muchas novedades en cuanto a digitalizaci\u00f3n y sostenibilidad. Como ya os hemos comentado en post anteriores, [&hellip;]<\/p>\n","protected":false},"author":1,"featured_media":5191,"comment_status":"open","ping_status":"open","sticky":false,"template":"","format":"standard","meta":[],"categories":[1,795,1276],"tags":[1101,11,1891,1890,1893,1892,667,627,818],"_links":{"self":[{"href":"https:\/\/www.campingverneda.com\/blog\/wp-json\/wp\/v2\/posts\/5190"}],"collection":[{"href":"https:\/\/www.campingverneda.com\/blog\/wp-json\/wp\/v2\/posts"}],"about":[{"href":"https:\/\/www.campingverneda.com\/blog\/wp-json\/wp\/v2\/types\/post"}],"author":[{"embeddable":true,"href":"https:\/\/www.campingverneda.com\/blog\/wp-json\/wp\/v2\/users\/1"}],"replies":[{"embeddable":true,"href":"https:\/\/www.campingverneda.com\/blog\/wp-json\/wp\/v2\/comments?post=5190"}],"version-history":[{"count":2,"href":"https:\/\/www.campingverneda.com\/blog\/wp-json\/wp\/v2\/posts\/5190\/revisions"}],"predecessor-version":[{"id":5195,"href":"https:\/\/www.campingverneda.com\/blog\/wp-json\/wp\/v2\/posts\/5190\/revisions\/5195"}],"wp:featuredmedia":[{"embeddable":true,"href":"https:\/\/www.campingverneda.com\/blog\/wp-json\/wp\/v2\/media\/5191"}],"wp:attachment":[{"href":"https:\/\/www.campingverneda.com\/blog\/wp-json\/wp\/v2\/media?parent=5190"}],"wp:term":[{"taxonomy":"category","embeddable":true,"href":"https:\/\/www.campingverneda.com\/blog\/wp-json\/wp\/v2\/categories?post=5190"},{"taxonomy":"post_tag","embeddable":true,"href":"https:\/\/www.campingverneda.com\/blog\/wp-json\/wp\/v2\/tags?post=5190"}],"curies":[{"name":"wp","href":"https:\/\/api.w.org\/{rel}","templated":true}]}}