{"id":5183,"date":"2025-02-10T22:17:26","date_gmt":"2025-02-10T22:17:26","guid":{"rendered":"https:\/\/www.campingverneda.com\/blog\/?p=5183"},"modified":"2025-02-10T22:17:27","modified_gmt":"2025-02-10T22:17:27","slug":"camping-familiar","status":"publish","type":"post","link":"https:\/\/www.campingverneda.com\/blog\/2025\/02\/10\/camping-familiar\/","title":{"rendered":"Camping familiar"},"content":{"rendered":"<p>En<strong> Verneda Camping Mountain Resort<\/strong> estamos a punto de cumplir<strong> 40 a\u00f1os,<\/strong> y no podemos estar m\u00e1s emocionados. Mantenerse durante cuatro d\u00e9cadas no es solo un logro, es el reflejo de algo mucho m\u00e1s grande: un sue\u00f1o hecho realidad.\u00a0 Una comunidad que ha crecido con nosotros y, sobre todo, miles de momentos compartidos en plena naturaleza.<\/p>\n<p>Desde el primer d\u00eda, imaginamos un lugar donde las familias pudieran desconectar, reencontrarse y crear recuerdos inolvidables. No es casualidad que seamos un <strong>camping familiar<\/strong> en todos los sentidos: porque fue pensado para las familias y porque naci\u00f3 del coraz\u00f3n de una, la <strong>familia Monge<\/strong>. Hoy queremos celebrar contigo estos 40 a\u00f1os de aventuras, amistad y amor por la monta\u00f1a. <strong>Gracias por ser parte de nuestra historia<\/strong>.<\/p>\n<div id=\"attachment_5186\" style=\"width: 1976px\" class=\"wp-caption alignnone\"><a href=\"https:\/\/www.campingverneda.com\/blog\/2025\/02\/10\/camping-familiar\/verneda-camping-bungalows-7\/\" rel=\"attachment wp-att-5186\"><img aria-describedby=\"caption-attachment-5186\" decoding=\"async\" loading=\"lazy\" class=\" wp-image-5186\" src=\"http:\/\/www.campingverneda.com\/blog\/wp-content\/uploads\/2025\/02\/verneda-camping-bungalows.png\" alt=\"camping verneda es un camping familiar\" width=\"1966\" height=\"819\" srcset=\"https:\/\/www.campingverneda.com\/blog\/wp-content\/uploads\/2025\/02\/verneda-camping-bungalows-200x83.png 200w, https:\/\/www.campingverneda.com\/blog\/wp-content\/uploads\/2025\/02\/verneda-camping-bungalows-300x125.png 300w, https:\/\/www.campingverneda.com\/blog\/wp-content\/uploads\/2025\/02\/verneda-camping-bungalows-400x167.png 400w, https:\/\/www.campingverneda.com\/blog\/wp-content\/uploads\/2025\/02\/verneda-camping-bungalows-600x250.png 600w, https:\/\/www.campingverneda.com\/blog\/wp-content\/uploads\/2025\/02\/verneda-camping-bungalows-768x320.png 768w, https:\/\/www.campingverneda.com\/blog\/wp-content\/uploads\/2025\/02\/verneda-camping-bungalows-800x333.png 800w, https:\/\/www.campingverneda.com\/blog\/wp-content\/uploads\/2025\/02\/verneda-camping-bungalows.png 960w\" sizes=\"(max-width: 1966px) 100vw, 1966px\" \/><\/a><p id=\"caption-attachment-5186\" class=\"wp-caption-text\">Jos\u00e9 Manuel Monge con clientes que siguen repitiendo hace m\u00e1s de 30 a\u00f1os<\/p><\/div>\n<p>En 1986, <strong>Jos\u00e9 Manuel Monge<\/strong> puso los cimientos de lo que hoy conocemos como <strong>Camping Verneda<\/strong>. Desde el primer d\u00eda, su objetivo ha sido mejorar las instalaciones para ofrecer una experiencia \u00fanica en plena naturaleza, tanto en invierno como en verano.<\/p>\n<h3>Casi 40 a\u00f1os despu\u00e9s, el camping ha evolucionado sin perder su esencia.<\/h3>\n<p>En invierno, los <strong>bungalows de madera a medida<\/strong> con calefacci\u00f3n central o chimenea de pellet han transformado la experiencia de monta\u00f1a,<a href=\"https:\/\/www.campingverneda.com\/bungalows\" target=\"_blank\" rel=\"noopener\"> garantizando el m\u00e1ximo confort<\/a>. En verano, la tradicional tienda de campa\u00f1a ha dado paso a nuevas opciones como las<strong><a href=\"https:\/\/www.campingverneda.com\/camping\" target=\"_blank\" rel=\"noopener\"> parcelas<\/a> dise\u00f1adas para furgonetas y autocaravanas<\/strong>, adapt\u00e1ndose a las nuevas formas de viajar.<\/p>\n<p>Pero la evoluci\u00f3n no solo ha sido en infraestructura. El relevo generacional ha sido clave. <strong>Mar\u00eda Monge<\/strong>, hija de Jos\u00e9 Manuel, lleva m\u00e1s de 20 a\u00f1os liderando el d\u00eda a d\u00eda del camping, aportando una visi\u00f3n renovada. Apostando por la digitalizaci\u00f3n y la mejora de la experiencia del cliente. La combinaci\u00f3n del savoir-faire de Jos\u00e9 Manuel con las innovaciones tecnol\u00f3gicas de las nuevas generaciones, ha permitido que Verneda Camping Mountain Resort siga creciendo, sin perder su esencia como <strong>camping familiar<\/strong>.<\/p>\n<p>Esta esencia no solo se mantiene en la gesti\u00f3n, sino en la <strong>comunidad de familias que a\u00f1o tras a\u00f1o vuelven al Verneda<\/strong>. Padres que acamparon aqu\u00ed de peque\u00f1os ahora traen a sus hijos, transmitiendo su amor por la naturaleza y la vida al aire libre de generaci\u00f3n en generaci\u00f3n.<\/p>\n<div id=\"attachment_5187\" style=\"width: 1971px\" class=\"wp-caption alignnone\"><a href=\"https:\/\/www.campingverneda.com\/blog\/2025\/02\/10\/camping-familiar\/verneda-camping-bungalows-valdaran-8\/\" rel=\"attachment wp-att-5187\"><img aria-describedby=\"caption-attachment-5187\" decoding=\"async\" loading=\"lazy\" class=\" wp-image-5187\" src=\"http:\/\/www.campingverneda.com\/blog\/wp-content\/uploads\/2025\/02\/verneda-camping-bungalows-valdaran.png\" alt=\"\" width=\"1961\" height=\"817\" srcset=\"https:\/\/www.campingverneda.com\/blog\/wp-content\/uploads\/2025\/02\/verneda-camping-bungalows-valdaran-200x83.png 200w, https:\/\/www.campingverneda.com\/blog\/wp-content\/uploads\/2025\/02\/verneda-camping-bungalows-valdaran-300x125.png 300w, https:\/\/www.campingverneda.com\/blog\/wp-content\/uploads\/2025\/02\/verneda-camping-bungalows-valdaran-400x167.png 400w, https:\/\/www.campingverneda.com\/blog\/wp-content\/uploads\/2025\/02\/verneda-camping-bungalows-valdaran-600x250.png 600w, https:\/\/www.campingverneda.com\/blog\/wp-content\/uploads\/2025\/02\/verneda-camping-bungalows-valdaran-768x320.png 768w, https:\/\/www.campingverneda.com\/blog\/wp-content\/uploads\/2025\/02\/verneda-camping-bungalows-valdaran-800x333.png 800w, https:\/\/www.campingverneda.com\/blog\/wp-content\/uploads\/2025\/02\/verneda-camping-bungalows-valdaran.png 960w\" sizes=\"(max-width: 1961px) 100vw, 1961px\" \/><\/a><p id=\"caption-attachment-5187\" class=\"wp-caption-text\">Camping Verneda<\/p><\/div>\n<p>Gracias a esta evoluci\u00f3n constante, esta temporada Verneda ha sido beneficiaria de una<strong> subvenci\u00f3n pionera a nivel estatal<\/strong> para optimizar las instalaciones y hacerlas m\u00e1s eficientes energ\u00e9ticamente, cuidando mejor los recursos naturales. Un paso m\u00e1s hacia un turismo sostenible sin perder nuestra identidad.<\/p>\n<p>Porque<a href=\"https:\/\/www.campingverneda.com\/\" target=\"_blank\" rel=\"noopener\"> Verneda Camping Mountain Resort<\/a> no es solo un lugar, es una historia que sigue escribi\u00e9ndose con cada familia que nos elige.<\/p>\n","protected":false},"excerpt":{"rendered":"<p>En Verneda Camping Mountain Resort estamos a punto de cumplir 40 a\u00f1os, y no podemos estar m\u00e1s emocionados. Mantenerse durante cuatro d\u00e9cadas no es solo [&hellip;]<\/p>\n","protected":false},"author":1,"featured_media":5185,"comment_status":"open","ping_status":"open","sticky":false,"template":"","format":"standard","meta":[],"categories":[1,795,72,69],"tags":[1888,91,750,1153,1887,51,1043,1889,11,818],"_links":{"self":[{"href":"https:\/\/www.campingverneda.com\/blog\/wp-json\/wp\/v2\/posts\/5183"}],"collection":[{"href":"https:\/\/www.campingverneda.com\/blog\/wp-json\/wp\/v2\/posts"}],"about":[{"href":"https:\/\/www.campingverneda.com\/blog\/wp-json\/wp\/v2\/types\/post"}],"author":[{"embeddable":true,"href":"https:\/\/www.campingverneda.com\/blog\/wp-json\/wp\/v2\/users\/1"}],"replies":[{"embeddable":true,"href":"https:\/\/www.campingverneda.com\/blog\/wp-json\/wp\/v2\/comments?post=5183"}],"version-history":[{"count":3,"href":"https:\/\/www.campingverneda.com\/blog\/wp-json\/wp\/v2\/posts\/5183\/revisions"}],"predecessor-version":[{"id":5189,"href":"https:\/\/www.campingverneda.com\/blog\/wp-json\/wp\/v2\/posts\/5183\/revisions\/5189"}],"wp:featuredmedia":[{"embeddable":true,"href":"https:\/\/www.campingverneda.com\/blog\/wp-json\/wp\/v2\/media\/5185"}],"wp:attachment":[{"href":"https:\/\/www.campingverneda.com\/blog\/wp-json\/wp\/v2\/media?parent=5183"}],"wp:term":[{"taxonomy":"category","embeddable":true,"href":"https:\/\/www.campingverneda.com\/blog\/wp-json\/wp\/v2\/categories?post=5183"},{"taxonomy":"post_tag","embeddable":true,"href":"https:\/\/www.campingverneda.com\/blog\/wp-json\/wp\/v2\/tags?post=5183"}],"curies":[{"name":"wp","href":"https:\/\/api.w.org\/{rel}","templated":true}]}}