{"id":5174,"date":"2025-01-21T17:58:23","date_gmt":"2025-01-21T17:58:23","guid":{"rendered":"https:\/\/www.campingverneda.com\/blog\/?p=5174"},"modified":"2025-01-21T17:58:24","modified_gmt":"2025-01-21T17:58:24","slug":"invierno-en-la-val-daran-2","status":"publish","type":"post","link":"https:\/\/www.campingverneda.com\/blog\/2025\/01\/21\/invierno-en-la-val-daran-2\/","title":{"rendered":"Invierno en la Val d\u2019Aran"},"content":{"rendered":"<p>Pr\u00e1cticamente estamos en el ecuador del invierno en la Val d\u2019Aran. Si te gusta la nieve, ahora es el momento de hacer una <strong>escapada a la Val d\u2019Aran para disfrutar de la nieve en familia, o una escapada rom\u00e1ntica<\/strong>.<\/p>\n<p>Y es que si hablamos de escapada rom\u00e1ntica, ahora es el momento de <strong>planificar un fin de semana en pareja como regalo de San Valent\u00edn<\/strong>. Imagina: <strong>fin de semana en pareja en una bungalow de madera con la chimenea puesta y rodeado de las monta\u00f1as de los Pirineos<\/strong>. \u00bfQu\u00e9 m\u00e1s se puede pedir para celebrar vuestra relaci\u00f3n?<\/p>\n<div id=\"attachment_5175\" style=\"width: 2201px\" class=\"wp-caption alignnone\"><a href=\"https:\/\/www.campingverneda.com\/blog\/2025\/01\/21\/invierno-en-la-val-daran-2\/verneda-camping-bungalows-valdaran-7\/\" rel=\"attachment wp-att-5175\"><img aria-describedby=\"caption-attachment-5175\" decoding=\"async\" loading=\"lazy\" class=\" wp-image-5175\" src=\"http:\/\/www.campingverneda.com\/blog\/wp-content\/uploads\/2025\/01\/verneda-camping-bungalows-valdaran.png\" alt=\"Vacaciones de invierno en camping verneda\" width=\"2191\" height=\"913\" srcset=\"https:\/\/www.campingverneda.com\/blog\/wp-content\/uploads\/2025\/01\/verneda-camping-bungalows-valdaran-200x83.png 200w, https:\/\/www.campingverneda.com\/blog\/wp-content\/uploads\/2025\/01\/verneda-camping-bungalows-valdaran-300x125.png 300w, https:\/\/www.campingverneda.com\/blog\/wp-content\/uploads\/2025\/01\/verneda-camping-bungalows-valdaran-400x167.png 400w, https:\/\/www.campingverneda.com\/blog\/wp-content\/uploads\/2025\/01\/verneda-camping-bungalows-valdaran-600x250.png 600w, https:\/\/www.campingverneda.com\/blog\/wp-content\/uploads\/2025\/01\/verneda-camping-bungalows-valdaran-768x320.png 768w, https:\/\/www.campingverneda.com\/blog\/wp-content\/uploads\/2025\/01\/verneda-camping-bungalows-valdaran-800x333.png 800w, https:\/\/www.campingverneda.com\/blog\/wp-content\/uploads\/2025\/01\/verneda-camping-bungalows-valdaran.png 960w\" sizes=\"(max-width: 2191px) 100vw, 2191px\" \/><\/a><p id=\"caption-attachment-5175\" class=\"wp-caption-text\">Celebra San Valent\u00edn en nuestros acogedores bungalows<\/p><\/div>\n<p>Ya sabemos que es complicado acertar con el regalo de San Valent\u00edn. \u00bfCu\u00e1ntos \u2018pongos\u2019 has regalado durante la vida?<\/p>\n<h3><strong>Regalar tiempo juntos en Verneda Camping Mountain Resort <\/strong><\/h3>\n<p><strong>Va a ser un triunfo asegurado<\/strong>, y desde aqu\u00ed lo ten\u00e9is todo para un fin de semana que siempre recordar\u00e9is, como por ejemplo:<\/p>\n<p>&#8211; Subir a la estaci\u00f3n Baqueira Beret y disfrutar de la nieve <strong>esquiando con COPOS Skicenter<\/strong>, o haciendo <strong>snowboard con Cabin Fever Snowboard<\/strong>.<br \/>\n&#8211; <strong>Ruta en raquetas<\/strong> por paisajes naturales con las mejores panor\u00e1micas del invierno.<br \/>\n&#8211; El mejor <strong>apr\u00e8s-ski en Fandango Baqueira<\/strong>.<br \/>\n&#8211; <strong>Gastronom\u00eda aranesa en restaurantes con encanto y buen vino<\/strong>, como Eth Corner.<\/p>\n<p>Tanto en San Valent\u00edn como durante el resto del invierno en la Val d\u2019Aran, tambi\u00e9n puedes disfrutar de aguas termales, degustaci\u00f3n de caviar, cata de cerveza artesana elaborada en este valle de los Pirineos, y mucho m\u00e1s. \u00bfCu\u00e1l es tu plan perfecto para una escapada a la nieve?<\/p>\n<p><a href=\"https:\/\/www.campingverneda.com\/blog\/2025\/01\/21\/invierno-en-la-val-daran-2\/verneda-camping-bungalows-valdaran1\/\" rel=\"attachment wp-att-5176\"><img decoding=\"async\" loading=\"lazy\" class=\"alignnone  wp-image-5176\" src=\"http:\/\/www.campingverneda.com\/blog\/wp-content\/uploads\/2025\/01\/verneda-camping-bungalows-valdaran1.png\" alt=\"\" width=\"2172\" height=\"905\" srcset=\"https:\/\/www.campingverneda.com\/blog\/wp-content\/uploads\/2025\/01\/verneda-camping-bungalows-valdaran1-200x83.png 200w, https:\/\/www.campingverneda.com\/blog\/wp-content\/uploads\/2025\/01\/verneda-camping-bungalows-valdaran1-300x125.png 300w, https:\/\/www.campingverneda.com\/blog\/wp-content\/uploads\/2025\/01\/verneda-camping-bungalows-valdaran1-400x167.png 400w, https:\/\/www.campingverneda.com\/blog\/wp-content\/uploads\/2025\/01\/verneda-camping-bungalows-valdaran1-600x250.png 600w, https:\/\/www.campingverneda.com\/blog\/wp-content\/uploads\/2025\/01\/verneda-camping-bungalows-valdaran1-768x320.png 768w, https:\/\/www.campingverneda.com\/blog\/wp-content\/uploads\/2025\/01\/verneda-camping-bungalows-valdaran1-800x333.png 800w, https:\/\/www.campingverneda.com\/blog\/wp-content\/uploads\/2025\/01\/verneda-camping-bungalows-valdaran1.png 960w\" sizes=\"(max-width: 2172px) 100vw, 2172px\" \/><\/a><\/p>\n<p>Adem\u00e1s, ya sabes que en Verneda Camping Mountain Resort somos un<strong> alojamiento petfriendly<\/strong>. Si este invierno vienes a la Val d\u2019Aran de escapada rom\u00e1ntica, viaje en familia o fin de semana con amigos y amigas, puedes alojarte en <a href=\"https:\/\/www.instagram.com\/vida.verneda\/\" target=\"_blank\" rel=\"noopener\">Verneda Camping Mountain Resort<\/a> con tu perro, gato, tortuga o cualquier animal con quien compartas tu vida. \u00a1Aqu\u00ed los animales siempre son bienvenidos!<\/p>\n","protected":false},"excerpt":{"rendered":"<p>Pr\u00e1cticamente estamos en el ecuador del invierno en la Val d\u2019Aran. Si te gusta la nieve, ahora es el momento de hacer una escapada a [&hellip;]<\/p>\n","protected":false},"author":1,"featured_media":4332,"comment_status":"open","ping_status":"open","sticky":false,"template":"","format":"standard","meta":[],"categories":[73,795,70],"tags":[1884,1298,1613,1885,749,1879,789,91,1878,11,643,1882,1289,1886,1883,1880,1881,1290,818],"_links":{"self":[{"href":"https:\/\/www.campingverneda.com\/blog\/wp-json\/wp\/v2\/posts\/5174"}],"collection":[{"href":"https:\/\/www.campingverneda.com\/blog\/wp-json\/wp\/v2\/posts"}],"about":[{"href":"https:\/\/www.campingverneda.com\/blog\/wp-json\/wp\/v2\/types\/post"}],"author":[{"embeddable":true,"href":"https:\/\/www.campingverneda.com\/blog\/wp-json\/wp\/v2\/users\/1"}],"replies":[{"embeddable":true,"href":"https:\/\/www.campingverneda.com\/blog\/wp-json\/wp\/v2\/comments?post=5174"}],"version-history":[{"count":2,"href":"https:\/\/www.campingverneda.com\/blog\/wp-json\/wp\/v2\/posts\/5174\/revisions"}],"predecessor-version":[{"id":5178,"href":"https:\/\/www.campingverneda.com\/blog\/wp-json\/wp\/v2\/posts\/5174\/revisions\/5178"}],"wp:featuredmedia":[{"embeddable":true,"href":"https:\/\/www.campingverneda.com\/blog\/wp-json\/wp\/v2\/media\/4332"}],"wp:attachment":[{"href":"https:\/\/www.campingverneda.com\/blog\/wp-json\/wp\/v2\/media?parent=5174"}],"wp:term":[{"taxonomy":"category","embeddable":true,"href":"https:\/\/www.campingverneda.com\/blog\/wp-json\/wp\/v2\/categories?post=5174"},{"taxonomy":"post_tag","embeddable":true,"href":"https:\/\/www.campingverneda.com\/blog\/wp-json\/wp\/v2\/tags?post=5174"}],"curies":[{"name":"wp","href":"https:\/\/api.w.org\/{rel}","templated":true}]}}