{"id":5169,"date":"2025-01-20T15:08:50","date_gmt":"2025-01-20T15:08:50","guid":{"rendered":"https:\/\/www.campingverneda.com\/blog\/?p=5169"},"modified":"2025-02-10T22:19:49","modified_gmt":"2025-02-10T22:19:49","slug":"agenda-2025-vida-verneda","status":"publish","type":"post","link":"https:\/\/www.campingverneda.com\/blog\/2025\/01\/20\/agenda-2025-vida-verneda\/","title":{"rendered":"Agenda 2025 a lo #VIDAVerneda"},"content":{"rendered":"<p>La agenda 2025 de la #VIDAVerrneda ya est\u00e1 repleta de buenos planes, y muchas actividades. Lo primero que tenemos apuntado en nuestra agenda 2025 en <a href=\"https:\/\/www.instagram.com\/vida.verneda\/\" target=\"_blank\" rel=\"noopener\">Verneda Camping Mountain Resort<\/a> es ser m\u00e1s sostenibles. La sostenibilidad va a tomar un papel protagonista en nuestro d\u00eda a d\u00eda. Cuidar de nuestro ecosistema natural es fundamental e imprescindible si queremos mantener nuestro entorno como nos gusta.<\/p>\n<h3><strong>Sumamos fuerzas para ser m\u00e1s sostenibles<\/strong><\/h3>\n<p>Para este nuevo<strong> cambio m\u00e1s sostenible en Verneda Camping Mountain Resort nos unimos a Arantec<\/strong>, que nos va a ayudar a analizar, medir y optimizar muchos par\u00e1metros de nuestras instalaciones, como la eficiencia energ\u00e9tica, el uso del agua y otros factores clave para que vuestras vacaciones sean m\u00e1s sostenibles. Por ejemplo, con Arantec ya estamos incorporando en nuestras instalaciones nuevos sensores de luz, y pulsadores de agua. Adem\u00e1s, tambi\u00e9n estamos trabajando junto a Arantec en<strong> c\u00f3mo utilizar energ\u00eda m\u00e1s limpia para el d\u00eda a d\u00eda de nuestras instalaciones<\/strong>.<\/p>\n<p>Por ejemplo, al final de cada temporada de invierno y de verano os podremos ofrecer datos transparentes y a tiempo real de la energ\u00eda que se ha utilizado de manera detallada en diferentes puntos de Verneda Camping Mountain Resort, como en la recepci\u00f3n, los bungalows de madera, el restaurante\u2026 De esta manera, podremos saber en qu\u00e9 gastamos m\u00e1s energ\u00eda, o m\u00e1s agua, y entre nuestro equipo y vosotros y vosotras, podremos ir aprendiendo c\u00f3mo reducir los recursos naturales. \u00a1Un gran avance para unas<strong> vacaciones m\u00e1s sostenibles<\/strong>!<\/p>\n<div id=\"attachment_5171\" style=\"width: 1786px\" class=\"wp-caption alignnone\"><a href=\"https:\/\/www.campingverneda.com\/blog\/2025\/01\/20\/agenda-2025-vida-verneda\/verneda-camping-bungalows1\/\" rel=\"attachment wp-att-5171\"><img aria-describedby=\"caption-attachment-5171\" decoding=\"async\" loading=\"lazy\" class=\"wp-image-5171\" src=\"http:\/\/www.campingverneda.com\/blog\/wp-content\/uploads\/2025\/01\/verneda-camping-bungalows1.png\" alt=\"vacaciones en familia\" width=\"1776\" height=\"740\" srcset=\"https:\/\/www.campingverneda.com\/blog\/wp-content\/uploads\/2025\/01\/verneda-camping-bungalows1-200x83.png 200w, https:\/\/www.campingverneda.com\/blog\/wp-content\/uploads\/2025\/01\/verneda-camping-bungalows1-300x125.png 300w, https:\/\/www.campingverneda.com\/blog\/wp-content\/uploads\/2025\/01\/verneda-camping-bungalows1-400x167.png 400w, https:\/\/www.campingverneda.com\/blog\/wp-content\/uploads\/2025\/01\/verneda-camping-bungalows1-600x250.png 600w, https:\/\/www.campingverneda.com\/blog\/wp-content\/uploads\/2025\/01\/verneda-camping-bungalows1-768x320.png 768w, https:\/\/www.campingverneda.com\/blog\/wp-content\/uploads\/2025\/01\/verneda-camping-bungalows1-800x333.png 800w, https:\/\/www.campingverneda.com\/blog\/wp-content\/uploads\/2025\/01\/verneda-camping-bungalows1.png 960w\" sizes=\"(max-width: 1776px) 100vw, 1776px\" \/><\/a><p id=\"caption-attachment-5171\" class=\"wp-caption-text\">Vacaciones en familia en plena naturaleza<\/p><\/div>\n<p>Tambi\u00e9n en la <strong>agenda de 2025 ya estamos trabajando en las actividades de verano, como los talleres infantiles, las rutas guiadas por estas monta\u00f1as que nos rodean en la Val d\u2019Aran y mucho m\u00e1s<\/strong>. \u00bfEst\u00e1s ya con ganas de verano a lo #VIDAVerneda?<\/p>\n<p>Si t\u00fa tambi\u00e9n tienes ganas de pasar las vacaciones de verano en este rinc\u00f3n de los Pirineos, ya puedes reservar tus vacaciones en <a href=\"https:\/\/www.campingverneda.com\/\" target=\"_blank\" rel=\"noopener\">este enlace<\/a>. Aprovecha la promoci\u00f3n que tenemos para las personas que antes os planific\u00e1is y <strong>agenda tus vacaciones de verano en Verneda Camping Mountain Resort<\/strong>.<\/p>\n","protected":false},"excerpt":{"rendered":"<p>La agenda 2025 de la #VIDAVerrneda ya est\u00e1 repleta de buenos planes, y muchas actividades. Lo primero que tenemos apuntado en nuestra agenda 2025 en [&hellip;]<\/p>\n","protected":false},"author":1,"featured_media":5170,"comment_status":"open","ping_status":"open","sticky":false,"template":"","format":"standard","meta":[],"categories":[1276],"tags":[1613,1217,1876,91,51,1101,1043,11,1877,818],"_links":{"self":[{"href":"https:\/\/www.campingverneda.com\/blog\/wp-json\/wp\/v2\/posts\/5169"}],"collection":[{"href":"https:\/\/www.campingverneda.com\/blog\/wp-json\/wp\/v2\/posts"}],"about":[{"href":"https:\/\/www.campingverneda.com\/blog\/wp-json\/wp\/v2\/types\/post"}],"author":[{"embeddable":true,"href":"https:\/\/www.campingverneda.com\/blog\/wp-json\/wp\/v2\/users\/1"}],"replies":[{"embeddable":true,"href":"https:\/\/www.campingverneda.com\/blog\/wp-json\/wp\/v2\/comments?post=5169"}],"version-history":[{"count":2,"href":"https:\/\/www.campingverneda.com\/blog\/wp-json\/wp\/v2\/posts\/5169\/revisions"}],"predecessor-version":[{"id":5173,"href":"https:\/\/www.campingverneda.com\/blog\/wp-json\/wp\/v2\/posts\/5169\/revisions\/5173"}],"wp:featuredmedia":[{"embeddable":true,"href":"https:\/\/www.campingverneda.com\/blog\/wp-json\/wp\/v2\/media\/5170"}],"wp:attachment":[{"href":"https:\/\/www.campingverneda.com\/blog\/wp-json\/wp\/v2\/media?parent=5169"}],"wp:term":[{"taxonomy":"category","embeddable":true,"href":"https:\/\/www.campingverneda.com\/blog\/wp-json\/wp\/v2\/categories?post=5169"},{"taxonomy":"post_tag","embeddable":true,"href":"https:\/\/www.campingverneda.com\/blog\/wp-json\/wp\/v2\/tags?post=5169"}],"curies":[{"name":"wp","href":"https:\/\/api.w.org\/{rel}","templated":true}]}}